{"id":29343,"date":"2020-07-31T18:38:04","date_gmt":"2020-07-31T22:38:04","guid":{"rendered":"http:\/\/blogdalucianaoliveira.com.br\/blog\/?p=29343"},"modified":"2020-07-31T18:38:12","modified_gmt":"2020-07-31T22:38:12","slug":"juiz-determina-imediato-afastamento-de-flavio-lemos-da-diretoria-financeira-da-camara-de-vereadores","status":"publish","type":"post","link":"http:\/\/blogdalucianaoliveira.com.br\/blog\/2020\/07\/31\/juiz-determina-imediato-afastamento-de-flavio-lemos-da-diretoria-financeira-da-camara-de-vereadores\/","title":{"rendered":"Juiz determina imediato afastamento de Fl\u00e1vio Lemos da Diretoria Financeira da C\u00e2mara de Vereadores"},"content":{"rendered":"\n<figure class=\"wp-block-image size-large\"><img data-recalc-dims=\"1\" loading=\"lazy\" decoding=\"async\" width=\"600\" height=\"338\" data-attachment-id=\"29344\" data-permalink=\"http:\/\/blogdalucianaoliveira.com.br\/blog\/2020\/07\/31\/juiz-determina-imediato-afastamento-de-flavio-lemos-da-diretoria-financeira-da-camara-de-vereadores\/eeb9e5af-0d05-40ba-8056-2d3d09423ae0\/\" data-orig-file=\"https:\/\/i0.wp.com\/blogdalucianaoliveira.com.br\/blog\/wp-content\/uploads\/2020\/07\/EEB9E5AF-0D05-40BA-8056-2D3D09423AE0.jpeg?fit=750%2C423\" data-orig-size=\"750,423\" data-comments-opened=\"0\" data-image-meta=\"{&quot;aperture&quot;:&quot;0&quot;,&quot;credit&quot;:&quot;&quot;,&quot;camera&quot;:&quot;&quot;,&quot;caption&quot;:&quot;&quot;,&quot;created_timestamp&quot;:&quot;0&quot;,&quot;copyright&quot;:&quot;&quot;,&quot;focal_length&quot;:&quot;0&quot;,&quot;iso&quot;:&quot;0&quot;,&quot;shutter_speed&quot;:&quot;0&quot;,&quot;title&quot;:&quot;&quot;,&quot;orientation&quot;:&quot;0&quot;}\" data-image-title=\"EEB9E5AF-0D05-40BA-8056-2D3D09423AE0\" data-image-description=\"\" data-image-caption=\"\" data-medium-file=\"https:\/\/i0.wp.com\/blogdalucianaoliveira.com.br\/blog\/wp-content\/uploads\/2020\/07\/EEB9E5AF-0D05-40BA-8056-2D3D09423AE0.jpeg?fit=300%2C169\" data-large-file=\"https:\/\/i0.wp.com\/blogdalucianaoliveira.com.br\/blog\/wp-content\/uploads\/2020\/07\/EEB9E5AF-0D05-40BA-8056-2D3D09423AE0.jpeg?fit=600%2C338\" src=\"https:\/\/i0.wp.com\/blogdalucianaoliveira.com.br\/blog\/wp-content\/uploads\/2020\/07\/EEB9E5AF-0D05-40BA-8056-2D3D09423AE0.jpeg?resize=600%2C338\" alt=\"\" class=\"wp-image-29344\" srcset=\"https:\/\/i0.wp.com\/blogdalucianaoliveira.com.br\/blog\/wp-content\/uploads\/2020\/07\/EEB9E5AF-0D05-40BA-8056-2D3D09423AE0.jpeg?w=750 750w, https:\/\/i0.wp.com\/blogdalucianaoliveira.com.br\/blog\/wp-content\/uploads\/2020\/07\/EEB9E5AF-0D05-40BA-8056-2D3D09423AE0.jpeg?resize=300%2C169 300w, https:\/\/i0.wp.com\/blogdalucianaoliveira.com.br\/blog\/wp-content\/uploads\/2020\/07\/EEB9E5AF-0D05-40BA-8056-2D3D09423AE0.jpeg?resize=532%2C300 532w\" sizes=\"auto, (max-width: 600px) 100vw, 600px\" \/><\/figure>\n\n\n\n<p>O Juiz Edenir Sebasti\u00e3o Rosa, da 2a Vara de Fazenda P\u00fablica de Porto Velho determinou o imediato afastamento de Fl\u00e1vio Lemos do cargo de Diretor Financeiro da C\u00e2mara de Vereadores de Porto Velho.<\/p>\n\n\n\n<!--more-->\n\n\n\n<p>A a\u00e7\u00e3o, ajuizada por Vinicius Valentin Raduan Miguel, tramita h\u00e1 mais de um ano.<\/p>\n\n\n\n<figure class=\"wp-block-image size-large\"><img data-recalc-dims=\"1\" loading=\"lazy\" decoding=\"async\" width=\"600\" height=\"600\" data-attachment-id=\"29345\" data-permalink=\"http:\/\/blogdalucianaoliveira.com.br\/blog\/2020\/07\/31\/juiz-determina-imediato-afastamento-de-flavio-lemos-da-diretoria-financeira-da-camara-de-vereadores\/595bbaaf-699d-48df-9193-2aea0ae9149b\/\" data-orig-file=\"https:\/\/i0.wp.com\/blogdalucianaoliveira.com.br\/blog\/wp-content\/uploads\/2020\/07\/595BBAAF-699D-48DF-9193-2AEA0AE9149B.jpeg?fit=640%2C640\" data-orig-size=\"640,640\" data-comments-opened=\"0\" data-image-meta=\"{&quot;aperture&quot;:&quot;0&quot;,&quot;credit&quot;:&quot;&quot;,&quot;camera&quot;:&quot;&quot;,&quot;caption&quot;:&quot;&quot;,&quot;created_timestamp&quot;:&quot;0&quot;,&quot;copyright&quot;:&quot;&quot;,&quot;focal_length&quot;:&quot;0&quot;,&quot;iso&quot;:&quot;0&quot;,&quot;shutter_speed&quot;:&quot;0&quot;,&quot;title&quot;:&quot;&quot;,&quot;orientation&quot;:&quot;1&quot;}\" data-image-title=\"595BBAAF-699D-48DF-9193-2AEA0AE9149B\" data-image-description=\"\" data-image-caption=\"\" data-medium-file=\"https:\/\/i0.wp.com\/blogdalucianaoliveira.com.br\/blog\/wp-content\/uploads\/2020\/07\/595BBAAF-699D-48DF-9193-2AEA0AE9149B.jpeg?fit=300%2C300\" data-large-file=\"https:\/\/i0.wp.com\/blogdalucianaoliveira.com.br\/blog\/wp-content\/uploads\/2020\/07\/595BBAAF-699D-48DF-9193-2AEA0AE9149B.jpeg?fit=600%2C600\" src=\"https:\/\/i0.wp.com\/blogdalucianaoliveira.com.br\/blog\/wp-content\/uploads\/2020\/07\/595BBAAF-699D-48DF-9193-2AEA0AE9149B.jpeg?resize=600%2C600\" alt=\"\" class=\"wp-image-29345\" srcset=\"https:\/\/i0.wp.com\/blogdalucianaoliveira.com.br\/blog\/wp-content\/uploads\/2020\/07\/595BBAAF-699D-48DF-9193-2AEA0AE9149B.jpeg?w=640 640w, https:\/\/i0.wp.com\/blogdalucianaoliveira.com.br\/blog\/wp-content\/uploads\/2020\/07\/595BBAAF-699D-48DF-9193-2AEA0AE9149B.jpeg?resize=300%2C300 300w, https:\/\/i0.wp.com\/blogdalucianaoliveira.com.br\/blog\/wp-content\/uploads\/2020\/07\/595BBAAF-699D-48DF-9193-2AEA0AE9149B.jpeg?resize=150%2C150 150w\" sizes=\"auto, (max-width: 600px) 100vw, 600px\" \/><\/figure>\n\n\n\n<p>O magistrado apontou que foram usados documentos falsos para que Fl\u00e1vio Lemos pudesse tomar posse.<\/p>\n\n\n\n<p>A decis\u00e3o pode ser revista e ainda n\u00e3o significa que \u00e9 uma defini\u00e7\u00e3o final do processo.<\/p>\n\n\n\n<p>Em tese, Lemos n\u00e3o poderia ocupar o cargo por ter condena\u00e7\u00e3o colegiada do Judici\u00e1rio, recaindo na hip\u00f3tese da Lei da Ficha Limpa.<\/p>\n\n\n\n<p>Al\u00e9m da a\u00e7\u00e3o c\u00edvel, Lemos virou r\u00e9u em nova a\u00e7\u00e3o penal, proposta pelo Minist\u00e9rio P\u00fablico do Estado pelos mesmos fatos. N\u00e3o h\u00e1 condena\u00e7\u00e3o criminal nesta a\u00e7\u00e3o at\u00e9 o momento.<\/p>\n","protected":false},"excerpt":{"rendered":"<p>O Juiz Edenir Sebasti\u00e3o Rosa, da 2a Vara de Fazenda P\u00fablica de Porto Velho determinou o imediato afastamento de Fl\u00e1vio Lemos do cargo de Diretor Financeiro da C\u00e2mara de Vereadores de Porto Velho.<\/p>\n","protected":false},"author":1,"featured_media":0,"comment_status":"closed","ping_status":"open","sticky":false,"template":"","format":"standard","meta":{"_exactmetrics_skip_tracking":false,"_exactmetrics_sitenote_active":false,"_exactmetrics_sitenote_note":"","_exactmetrics_sitenote_category":0,"jetpack_post_was_ever_published":false,"_jetpack_newsletter_access":"","_jetpack_dont_email_post_to_subs":false,"_jetpack_newsletter_tier_id":0,"_jetpack_memberships_contains_paywalled_content":false,"_jetpack_memberships_contains_paid_content":false,"footnotes":"","jetpack_publicize_message":"","jetpack_publicize_feature_enabled":true,"jetpack_social_post_already_shared":true,"jetpack_social_options":{"image_generator_settings":{"template":"highway","enabled":false},"version":2}},"categories":[1],"tags":[],"class_list":["post-29343","post","type-post","status-publish","format-standard","hentry","category-notas"],"jetpack_publicize_connections":[],"jetpack_sharing_enabled":true,"jetpack_featured_media_url":"","jetpack_shortlink":"https:\/\/wp.me\/p7wKYW-7Dh","jetpack-related-posts":[],"_links":{"self":[{"href":"http:\/\/blogdalucianaoliveira.com.br\/blog\/wp-json\/wp\/v2\/posts\/29343","targetHints":{"allow":["GET"]}}],"collection":[{"href":"http:\/\/blogdalucianaoliveira.com.br\/blog\/wp-json\/wp\/v2\/posts"}],"about":[{"href":"http:\/\/blogdalucianaoliveira.com.br\/blog\/wp-json\/wp\/v2\/types\/post"}],"author":[{"embeddable":true,"href":"http:\/\/blogdalucianaoliveira.com.br\/blog\/wp-json\/wp\/v2\/users\/1"}],"replies":[{"embeddable":true,"href":"http:\/\/blogdalucianaoliveira.com.br\/blog\/wp-json\/wp\/v2\/comments?post=29343"}],"version-history":[{"count":1,"href":"http:\/\/blogdalucianaoliveira.com.br\/blog\/wp-json\/wp\/v2\/posts\/29343\/revisions"}],"predecessor-version":[{"id":29346,"href":"http:\/\/blogdalucianaoliveira.com.br\/blog\/wp-json\/wp\/v2\/posts\/29343\/revisions\/29346"}],"wp:attachment":[{"href":"http:\/\/blogdalucianaoliveira.com.br\/blog\/wp-json\/wp\/v2\/media?parent=29343"}],"wp:term":[{"taxonomy":"category","embeddable":true,"href":"http:\/\/blogdalucianaoliveira.com.br\/blog\/wp-json\/wp\/v2\/categories?post=29343"},{"taxonomy":"post_tag","embeddable":true,"href":"http:\/\/blogdalucianaoliveira.com.br\/blog\/wp-json\/wp\/v2\/tags?post=29343"}],"curies":[{"name":"wp","href":"https:\/\/api.w.org\/{rel}","templated":true}]}}