{"id":29347,"date":"2020-07-31T18:51:40","date_gmt":"2020-07-31T22:51:40","guid":{"rendered":"http:\/\/blogdalucianaoliveira.com.br\/blog\/?p=29347"},"modified":"2020-07-31T18:51:49","modified_gmt":"2020-07-31T22:51:49","slug":"afinal-por-que-teremos-uma-nota-de-r-200-em-agosto","status":"publish","type":"post","link":"http:\/\/blogdalucianaoliveira.com.br\/blog\/2020\/07\/31\/afinal-por-que-teremos-uma-nota-de-r-200-em-agosto\/","title":{"rendered":"Afinal, por que teremos uma nota de R$ 200 em agosto?"},"content":{"rendered":"\n<figure class=\"wp-block-image size-large\"><img data-recalc-dims=\"1\" loading=\"lazy\" decoding=\"async\" width=\"600\" height=\"398\" data-attachment-id=\"29348\" data-permalink=\"http:\/\/blogdalucianaoliveira.com.br\/blog\/2020\/07\/31\/afinal-por-que-teremos-uma-nota-de-r-200-em-agosto\/image-60-8\/\" data-orig-file=\"https:\/\/i0.wp.com\/blogdalucianaoliveira.com.br\/blog\/wp-content\/uploads\/2020\/07\/image-60.jpeg?fit=800%2C530\" data-orig-size=\"800,530\" data-comments-opened=\"0\" data-image-meta=\"{&quot;aperture&quot;:&quot;0&quot;,&quot;credit&quot;:&quot;&quot;,&quot;camera&quot;:&quot;&quot;,&quot;caption&quot;:&quot;&quot;,&quot;created_timestamp&quot;:&quot;0&quot;,&quot;copyright&quot;:&quot;&quot;,&quot;focal_length&quot;:&quot;0&quot;,&quot;iso&quot;:&quot;0&quot;,&quot;shutter_speed&quot;:&quot;0&quot;,&quot;title&quot;:&quot;&quot;,&quot;orientation&quot;:&quot;0&quot;}\" data-image-title=\"image-60\" data-image-description=\"\" data-image-caption=\"\" data-medium-file=\"https:\/\/i0.wp.com\/blogdalucianaoliveira.com.br\/blog\/wp-content\/uploads\/2020\/07\/image-60.jpeg?fit=300%2C199\" data-large-file=\"https:\/\/i0.wp.com\/blogdalucianaoliveira.com.br\/blog\/wp-content\/uploads\/2020\/07\/image-60.jpeg?fit=600%2C398\" src=\"https:\/\/i0.wp.com\/blogdalucianaoliveira.com.br\/blog\/wp-content\/uploads\/2020\/07\/image-60.jpeg?resize=600%2C398\" alt=\"\" class=\"wp-image-29348\" srcset=\"https:\/\/i0.wp.com\/blogdalucianaoliveira.com.br\/blog\/wp-content\/uploads\/2020\/07\/image-60.jpeg?w=800 800w, https:\/\/i0.wp.com\/blogdalucianaoliveira.com.br\/blog\/wp-content\/uploads\/2020\/07\/image-60.jpeg?resize=300%2C199 300w, https:\/\/i0.wp.com\/blogdalucianaoliveira.com.br\/blog\/wp-content\/uploads\/2020\/07\/image-60.jpeg?resize=768%2C509 768w, https:\/\/i0.wp.com\/blogdalucianaoliveira.com.br\/blog\/wp-content\/uploads\/2020\/07\/image-60.jpeg?resize=453%2C300 453w\" sizes=\"auto, (max-width: 600px) 100vw, 600px\" \/><\/figure>\n\n\n\n<h4 class=\"wp-block-heading\">Pesquisador em pol\u00edtica monet\u00e1ria e professor de Economia na UFABC, F\u00e1bio Terra, explica o que motivou a decis\u00e3o<\/h4>\n\n\n\n<!--more-->\n\n\n\n<p>Caroline OliveiraBrasil de Fato<br><\/p>\n\n\n\n<p>Nesta semana, o governo federal anunciou o lan\u00e7amento da primeira nova nota de real em 18 anos: uma nota de R$ 200, com um lobo-guar\u00e1 estampado na c\u00e9dula, que deve entrar em circula\u00e7\u00e3o at\u00e9 o final agosto. \u00c9 a primeira nova nota de real em 18 anos. Mas qual \u00e9 o objetivo da medida?<\/p>\n\n\n\n<p>Segundo F\u00e1bio Terra, pesquisador em pol\u00edtica monet\u00e1ria e professor de Economia na Universidade Federal do ABC (UFABC), &nbsp;trata-se de uma quest\u00e3o de log\u00edstica.<\/p>\n\n\n\n<p>\u201cO Brasil \u00e9,&nbsp;<a href=\"https:\/\/www.brasildefato.com.br\/2020\/05\/09\/desigualdade-no-brasil-registra-pior-indice-desde-2012\" target=\"_blank\" rel=\"noreferrer noopener\">por conta da desigualdade social<\/a>, um pa\u00eds em que uma vasta parcela da popula\u00e7\u00e3o n\u00e3o acessa o sistema banc\u00e1rio. Ent\u00e3o, eles n\u00e3o v\u00e3o usar moeda banc\u00e1ria, cart\u00e3o de d\u00e9bito, conta corrente, dep\u00f3sito \u00e0 vista, transfer\u00eancia. Eles v\u00e3o usar dinheiro vivo\u201d, afirma.&nbsp;<\/p>\n\n\n\n<p>Cerca de 42% da popula\u00e7\u00e3o brasileira n\u00e3o tem acesso a conta banc\u00e1ria, segundo os \u00faltimos dados do Instituto Locomotiva.&nbsp;<\/p>\n\n\n\n<p>Outra quest\u00e3o colocada por Terra \u00e9 que quando chega um momento de crise econ\u00f4mica, como a que o Brasil vive agora, intensificada pela&nbsp;<a href=\"https:\/\/www.brasildefato.com.br\/minuto-a-minuto\/coronavirus-no-brasil\" target=\"_blank\" rel=\"noreferrer noopener\">pandemia de covid-19<\/a>, as incertezas aumentam.<\/p>\n\n\n\n<p>Isso faz com que aquelas pessoas que t\u00eam d\u00edvidas tirem o dinheiro do banco, com medo de perd\u00ea-lo para esses d\u00e9bitos, e usem a moeda viva. Mesmo com o valor do aux\u00edlio emergencial de R$ 600, as pessoas sacam, com medo dos bancos tomarem o dinheiro, explica Terra.<\/p>\n\n\n\n<p>\u201cAquilo que j\u00e1 \u00e9 um uso comum no Brasil do dinheiro vivo em momentos de crise claramente aumenta ainda mais. Ent\u00e3o, a raz\u00e3o do Banco Central \u00e9 construir uma facilidade maior de distribuir as notas e, desta forma, como a nota de R$ 200, acaba fazendo com que&nbsp;<a href=\"https:\/\/www.brasildefato.com.br\/2020\/07\/29\/bolsonaro-veta-projeto-que-prioriza-mae-solteira-no-pagamento-do-auxilio-emergencial\" target=\"_blank\" rel=\"noreferrer noopener\">as pessoas acessem o aux\u00edlio emergencial<\/a>&nbsp;em um volume menor de notas, sendo mais f\u00e1cil chegar nos rinc\u00f5es do Brasil\u201d, afirma.<\/p>\n\n\n\n<p>Para o professor, nesse sentido, a medida veio tardiamente. Houve ocasi\u00f5es em que os benefici\u00e1rios do aux\u00edlio ficaram horas nas filas de banco para retirar o valor e, quando chegaram na boca do caixa, n\u00e3o havia mais dinheiro em papel. \u201cCom a nota de 200 reais, essa movimenta\u00e7\u00e3o \u00e9 mais f\u00e1cil, porque ser\u00e1 agora necess\u00e1rio o uso de menos notas para se conseguir o mesmo valor, ent\u00e3o isso facilita o volume f\u00edsico da distribui\u00e7\u00e3o\u201d, afirma o professor.<\/p>\n\n\n\n<p>Volta da infla\u00e7\u00e3o?<\/p>\n\n\n\n<p>O an\u00fancio de lan\u00e7amento da nota de R$ 200 acendeu em muitas pessoas o temor da volta da infla\u00e7\u00e3o.&nbsp;Em per\u00edodos de alta infla\u00e7\u00e3o, o dinheiro perde valor rapidamente e notas de maiores valores s\u00e3o lan\u00e7adas o tempo todo. Na d\u00e9cada de 1990, o Brasil chegou a ter uma nota de R$ 500 mil cruzeiros, com o rosto de M\u00e1rio de Andrade estampado.<\/p>\n\n\n\n<p>Uma nota de R$ 200 pode, de fato, trazer essa mem\u00f3ria. Mas,&nbsp;segundo Terra, n\u00e3o se trata de uma quest\u00e3o inflacion\u00e1ria, visto que&nbsp;o Brasil se encontra em um processo de defla\u00e7\u00e3o, ocasionado pela crise econ\u00f4mica.<\/p>\n\n\n\n<p>\u201cIsso \u00e9 absolutamente irrealista, porque a gente est\u00e1 entrando na verdade em um processo deflacion\u00e1rio em&nbsp;<a href=\"https:\/\/www.brasildefato.com.br\/2020\/05\/29\/mais-que-pandemia-queda-do-pib-reflete-politica-economica-federal-afirma-economista\" target=\"_blank\" rel=\"noreferrer noopener\">fun\u00e7\u00e3o da atividade econ\u00f4mica profundamente recessiva<\/a>\u201d, explica.&nbsp;<\/p>\n\n\n\n<p>Uma outra narrativa que entrou em torno do lan\u00e7amento da nota \u00e9 que isso estimularia a corrup\u00e7\u00e3o, uma vez que ficar\u00e1 mais f\u00e1cil transportar maiores quantidades de dinheiro. Terra pondera que n\u00e3o se pode julgar a causa pelo efeito. &#8220;A causa da corrup\u00e7\u00e3o n\u00e3o \u00e9 uma nota de R$ 200&#8221;, pontua.&nbsp;Para o especialista, um dos principais problemas que se imp\u00f5e \u00e9 a oferta de troco nas transa\u00e7\u00f5es realizadas com notas de maior valor.<\/p>\n\n\n\n<p>Edi\u00e7\u00e3o: Leandro Melito<\/p>\n","protected":false},"excerpt":{"rendered":"<p>Pesquisador em pol\u00edtica monet\u00e1ria e professor de Economia na UFABC, F\u00e1bio Terra, explica o que motivou a decis\u00e3o<\/p>\n","protected":false},"author":1,"featured_media":0,"comment_status":"closed","ping_status":"open","sticky":false,"template":"","format":"standard","meta":{"_exactmetrics_skip_tracking":false,"_exactmetrics_sitenote_active":false,"_exactmetrics_sitenote_note":"","_exactmetrics_sitenote_category":0,"jetpack_post_was_ever_published":false,"_jetpack_newsletter_access":"","_jetpack_dont_email_post_to_subs":false,"_jetpack_newsletter_tier_id":0,"_jetpack_memberships_contains_paywalled_content":false,"_jetpack_memberships_contains_paid_content":false,"footnotes":"","jetpack_publicize_message":"","jetpack_publicize_feature_enabled":true,"jetpack_social_post_already_shared":true,"jetpack_social_options":{"image_generator_settings":{"template":"highway","enabled":false},"version":2}},"categories":[1],"tags":[],"class_list":["post-29347","post","type-post","status-publish","format-standard","hentry","category-notas"],"jetpack_publicize_connections":[],"jetpack_sharing_enabled":true,"jetpack_featured_media_url":"","jetpack_shortlink":"https:\/\/wp.me\/p7wKYW-7Dl","jetpack-related-posts":[],"_links":{"self":[{"href":"http:\/\/blogdalucianaoliveira.com.br\/blog\/wp-json\/wp\/v2\/posts\/29347","targetHints":{"allow":["GET"]}}],"collection":[{"href":"http:\/\/blogdalucianaoliveira.com.br\/blog\/wp-json\/wp\/v2\/posts"}],"about":[{"href":"http:\/\/blogdalucianaoliveira.com.br\/blog\/wp-json\/wp\/v2\/types\/post"}],"author":[{"embeddable":true,"href":"http:\/\/blogdalucianaoliveira.com.br\/blog\/wp-json\/wp\/v2\/users\/1"}],"replies":[{"embeddable":true,"href":"http:\/\/blogdalucianaoliveira.com.br\/blog\/wp-json\/wp\/v2\/comments?post=29347"}],"version-history":[{"count":1,"href":"http:\/\/blogdalucianaoliveira.com.br\/blog\/wp-json\/wp\/v2\/posts\/29347\/revisions"}],"predecessor-version":[{"id":29349,"href":"http:\/\/blogdalucianaoliveira.com.br\/blog\/wp-json\/wp\/v2\/posts\/29347\/revisions\/29349"}],"wp:attachment":[{"href":"http:\/\/blogdalucianaoliveira.com.br\/blog\/wp-json\/wp\/v2\/media?parent=29347"}],"wp:term":[{"taxonomy":"category","embeddable":true,"href":"http:\/\/blogdalucianaoliveira.com.br\/blog\/wp-json\/wp\/v2\/categories?post=29347"},{"taxonomy":"post_tag","embeddable":true,"href":"http:\/\/blogdalucianaoliveira.com.br\/blog\/wp-json\/wp\/v2\/tags?post=29347"}],"curies":[{"name":"wp","href":"https:\/\/api.w.org\/{rel}","templated":true}]}}