{"id":29350,"date":"2020-07-31T19:01:00","date_gmt":"2020-07-31T23:01:00","guid":{"rendered":"http:\/\/blogdalucianaoliveira.com.br\/blog\/?p=29350"},"modified":"2020-07-31T19:01:08","modified_gmt":"2020-07-31T23:01:08","slug":"os-33-mineradores-do-chile-se-sentem-esquecidos-10-anos-apos-ficarem-presos-em-mina","status":"publish","type":"post","link":"http:\/\/blogdalucianaoliveira.com.br\/blog\/2020\/07\/31\/os-33-mineradores-do-chile-se-sentem-esquecidos-10-anos-apos-ficarem-presos-em-mina\/","title":{"rendered":"Os 33 mineradores do Chile se sentem esquecidos 10 anos ap\u00f3s ficarem presos em mina"},"content":{"rendered":"\n<figure class=\"wp-block-image size-large\"><img data-recalc-dims=\"1\" loading=\"lazy\" decoding=\"async\" width=\"600\" height=\"396\" data-attachment-id=\"29351\" data-permalink=\"http:\/\/blogdalucianaoliveira.com.br\/blog\/2020\/07\/31\/os-33-mineradores-do-chile-se-sentem-esquecidos-10-anos-apos-ficarem-presos-em-mina\/image-61-8\/\" data-orig-file=\"https:\/\/i0.wp.com\/blogdalucianaoliveira.com.br\/blog\/wp-content\/uploads\/2020\/07\/image-61.jpeg?fit=768%2C507\" data-orig-size=\"768,507\" data-comments-opened=\"0\" data-image-meta=\"{&quot;aperture&quot;:&quot;0&quot;,&quot;credit&quot;:&quot;&quot;,&quot;camera&quot;:&quot;&quot;,&quot;caption&quot;:&quot;&quot;,&quot;created_timestamp&quot;:&quot;0&quot;,&quot;copyright&quot;:&quot;&quot;,&quot;focal_length&quot;:&quot;0&quot;,&quot;iso&quot;:&quot;0&quot;,&quot;shutter_speed&quot;:&quot;0&quot;,&quot;title&quot;:&quot;&quot;,&quot;orientation&quot;:&quot;0&quot;}\" data-image-title=\"image-61\" data-image-description=\"\" data-image-caption=\"\" data-medium-file=\"https:\/\/i0.wp.com\/blogdalucianaoliveira.com.br\/blog\/wp-content\/uploads\/2020\/07\/image-61.jpeg?fit=300%2C198\" data-large-file=\"https:\/\/i0.wp.com\/blogdalucianaoliveira.com.br\/blog\/wp-content\/uploads\/2020\/07\/image-61.jpeg?fit=600%2C396\" src=\"https:\/\/i0.wp.com\/blogdalucianaoliveira.com.br\/blog\/wp-content\/uploads\/2020\/07\/image-61.jpeg?resize=600%2C396\" alt=\"\" class=\"wp-image-29351\" srcset=\"https:\/\/i0.wp.com\/blogdalucianaoliveira.com.br\/blog\/wp-content\/uploads\/2020\/07\/image-61.jpeg?w=768 768w, https:\/\/i0.wp.com\/blogdalucianaoliveira.com.br\/blog\/wp-content\/uploads\/2020\/07\/image-61.jpeg?resize=300%2C198 300w, https:\/\/i0.wp.com\/blogdalucianaoliveira.com.br\/blog\/wp-content\/uploads\/2020\/07\/image-61.jpeg?resize=454%2C300 454w\" sizes=\"auto, (max-width: 600px) 100vw, 600px\" \/><\/figure>\n\n\n\n<p>AFP &#8211; Dez anos depois de ficarem presos no fundo da mina San Jos\u00e9, no norte do Chile, os &#8220;33 mineradores do Atacama&#8221;, sentem-se her\u00f3is ca\u00eddos no esquecimento e no abandono.<\/p>\n\n\n\n<!--more-->\n\n\n\n<p>Na quinta-feira de 5 de agosto de 2010,\u00a0um deslizamento de terra prendeu este grupo de mineradores de entre 19 e 63 anos na antiga mina. No 17o dia, confirmou-se que estavam vivos. Mais de dois meses depois, a 600 metros abaixo da terra, foram resgatados e elogiados como her\u00f3is por sua tenaz solidariedade diante do confinamento.<\/p>\n\n\n\n<p>Uma vez fora da mina, foram convidados para programas de televis\u00e3o, viajaram pelo mundo, e um exc\u00eantrico empres\u00e1rio do setor de minera\u00e7\u00e3o deu US$ 10.000 a cada um deles. Cinco anos depois, Hollywood fez um filme sobre sua hist\u00f3ria chamado &#8220;Os 33&#8221;, protagonizado por Antonio Banderas e com a participa\u00e7\u00e3o do ator brasileiro Rodrigo Santoro, como o ent\u00e3o ministro da Minera\u00e7\u00e3o do Chile, Laurence Golborne.<\/p>\n\n\n\n<p>A fama n\u00e3o durou muito, por\u00e9m. Hoje, quatro deles relatam seus diferentes destinos \u00e0 AFP, ainda afetados por traumas, pesadelos e doen\u00e7as.<\/p>\n\n\n\n<p>&#8211; &#8220;Nunca vou me esquecer&#8221; &#8211;<\/p>\n\n\n\n<p>Jos\u00e9 Ojeda foi quem escreveu a famosa mensagem: &#8220;Estamos bem no ref\u00fagio, os 33&#8221;, alertando o mundo de que estavam vivos quando muitos j\u00e1 haviam perdido a esperan\u00e7a.<\/p>\n\n\n\n<p>&#8220;As pessoas achavam que n\u00f3s\u00a0pag\u00e1vamos pelas viagens. Acham que ficamos com muito dinheiro, e esse n\u00e3o \u00e9 o caso&#8221;, afirma este homem de 57 anos de Copiap\u00f3, onde vive modestamente com a pens\u00e3o que recebe do governo, de aproximadamente 320 d\u00f3lares.<\/p>\n\n\n\n<p>Jimmy S\u00e1nchez era o mais jovem do grupo. Come\u00e7ou a trabalhar na mina aos 19 anos, sem terminar o Ensino M\u00e9dio.&nbsp;<\/p>\n\n\n\n<p>&#8220;\u00c9 como se tivesse acontecido ontem. Acho que nunca vou me esquecer&#8221;, disse ele, em Copiap\u00f3, a cerca de 800 quil\u00f4metros ao norte de Santiago, onde vive da pens\u00e3o recebida pelas sequelas do acidente.<\/p>\n\n\n\n<p>Nunca mais conseguiu trabalhar na minera\u00e7\u00e3o novamente. &#8220;Uma vez fui procurar emprego, mas souberam quem eu era e fecharam as portas. N\u00e3o foi minha culpa ficar preso&#8221;, lamenta, aos seus 29 anos.<\/p>\n\n\n\n<p>Mario Sep\u00falveda, hoje com 49 anos, denuncia que foram tratados mal.<\/p>\n\n\n\n<p>Com o dinheiro que ganhou na televis\u00e3o, cerca de US$ 150.000, Sep\u00falveda constr\u00f3i hoje um centro de ajuda para crian\u00e7as autistas e em risco de exclus\u00e3o social, com base na experi\u00eancia que vive com um de seus seis filhos, que possui um autismo severo.<\/p>\n\n\n\n<p>Para Omar Reygadas, um dos mais experientes do grupo, &#8220;tudo o que vivemos na mina e tudo o que vimos ainda \u00e9 muito latente&#8221;.<\/p>\n\n\n\n<p>Hoje, Reygadas trabalha como motorista.<\/p>\n\n\n\n<p>&#8211; Indeniza\u00e7\u00e3o &#8211;<\/p>\n\n\n\n<p>Ap\u00f3s o deslizamento, esses mineradores que mal se conheciam tiveram de se organizar para sobreviver, aprenderam disciplina e racionaram os poucos alimentos que havia no abrigo de seguran\u00e7a da mina.<\/p>\n\n\n\n<p>Mas, por que n\u00e3o conseguiram manter essa uni\u00e3o fora da mina?<\/p>\n\n\n\n<p>\u201c<\/p>\n\n\n\n<p>As fam\u00edlias provocaram toda essa desuni\u00e3o entre n\u00f3s. Houve um antes, um durante e um depois. E, depois que sa\u00edmos, j\u00e1 se transformou em cada um por si&#8221;, acrescenta.<\/p>\n\n\n\n<p>Al\u00e9m disso, a venda dos direitos de sua hist\u00f3ria aprofundou a divis\u00e3o.<\/p>\n\n\n\n<p>Poucas semanas depois de serem resgatados, os mineradores assinaram um acordo para transferir os direitos para um filme e um livro, com base em uma complexa estrutura legal. Agora, muitos se sentem enganados e entraram com uma a\u00e7\u00e3o na Justi\u00e7a.<\/p>\n\n\n\n<p>&#8220;A estrat\u00e9gia dos advogados era nos separar e conseguiram. Nos fizeram brigar&#8221;, disse S\u00e1nchez.<\/p>\n\n\n\n<p>Oito anos depois, a Justi\u00e7a condenou o Estado chileno a pagar uma indeniza\u00e7\u00e3o de US$ 110.000 a cada um e isentou a mineradora San Esteban.<\/p>\n\n\n\n<p>O Conselho de Defesa do Estado (CDE) recorreu da decis\u00e3o, por\u00e9m, alegando que os mineradores j\u00e1 foram ressarcidos ao receberem pens\u00f5es vital\u00edcias (14 dos 33 por idade e patologias) e ajuda financeira privada. O recurso ainda n\u00e3o foi resolvido pelo Tribunal de Apela\u00e7\u00f5es de Santiago.<\/p>\n\n\n\n<figure class=\"wp-block-image size-large\"><img data-recalc-dims=\"1\" loading=\"lazy\" decoding=\"async\" width=\"600\" height=\"400\" data-attachment-id=\"29352\" data-permalink=\"http:\/\/blogdalucianaoliveira.com.br\/blog\/2020\/07\/31\/os-33-mineradores-do-chile-se-sentem-esquecidos-10-anos-apos-ficarem-presos-em-mina\/image-62-8\/\" data-orig-file=\"https:\/\/i0.wp.com\/blogdalucianaoliveira.com.br\/blog\/wp-content\/uploads\/2020\/07\/image-62.jpeg?fit=768%2C512\" data-orig-size=\"768,512\" data-comments-opened=\"0\" data-image-meta=\"{&quot;aperture&quot;:&quot;0&quot;,&quot;credit&quot;:&quot;&quot;,&quot;camera&quot;:&quot;&quot;,&quot;caption&quot;:&quot;&quot;,&quot;created_timestamp&quot;:&quot;0&quot;,&quot;copyright&quot;:&quot;&quot;,&quot;focal_length&quot;:&quot;0&quot;,&quot;iso&quot;:&quot;0&quot;,&quot;shutter_speed&quot;:&quot;0&quot;,&quot;title&quot;:&quot;&quot;,&quot;orientation&quot;:&quot;0&quot;}\" data-image-title=\"image-62\" data-image-description=\"\" data-image-caption=\"\" data-medium-file=\"https:\/\/i0.wp.com\/blogdalucianaoliveira.com.br\/blog\/wp-content\/uploads\/2020\/07\/image-62.jpeg?fit=300%2C200\" data-large-file=\"https:\/\/i0.wp.com\/blogdalucianaoliveira.com.br\/blog\/wp-content\/uploads\/2020\/07\/image-62.jpeg?fit=600%2C400\" src=\"https:\/\/i0.wp.com\/blogdalucianaoliveira.com.br\/blog\/wp-content\/uploads\/2020\/07\/image-62.jpeg?resize=600%2C400\" alt=\"\" class=\"wp-image-29352\" srcset=\"https:\/\/i0.wp.com\/blogdalucianaoliveira.com.br\/blog\/wp-content\/uploads\/2020\/07\/image-62.jpeg?w=768 768w, https:\/\/i0.wp.com\/blogdalucianaoliveira.com.br\/blog\/wp-content\/uploads\/2020\/07\/image-62.jpeg?resize=300%2C200 300w, https:\/\/i0.wp.com\/blogdalucianaoliveira.com.br\/blog\/wp-content\/uploads\/2020\/07\/image-62.jpeg?resize=450%2C300 450w\" sizes=\"auto, (max-width: 600px) 100vw, 600px\" \/><\/figure>\n\n\n\n<p>Os mineradores tamb\u00e9m criticam o pouco acompanhamento recebido ap\u00f3s o resgate: &#8220;Nos abandonaram rapidinho; ficamos em terapia por apenas um ano&#8221;, reclama Sep\u00falveda.<\/p>\n\n\n\n<p>Uma d\u00e9cada depois, os 33 mineradores n\u00e3o se re\u00fanem, e apenas alguns mant\u00eam contato. Para o futuro, seus sonhos s\u00e3o modestos.<\/p>\n\n\n\n<p>Jimmy S\u00e1nchez deseja ter sua casa pr\u00f3pria. Jos\u00e9 Ojeda clama por ajuda para pagar seu tratamento m\u00e9dico contra uma diabetes avan\u00e7ada, e Mario Sep\u00falveda afirma que trocaria tudo o que viveu para voltar a trabalhar em uma mina.<\/p>\n\n\n\n<p><\/p>\n","protected":false},"excerpt":{"rendered":"<p>AFP &#8211; Dez anos depois de ficarem presos no fundo da mina San Jos\u00e9, no norte do Chile, os &#8220;33 mineradores do Atacama&#8221;, sentem-se her\u00f3is ca\u00eddos no esquecimento e no abandono.<\/p>\n","protected":false},"author":1,"featured_media":0,"comment_status":"closed","ping_status":"open","sticky":false,"template":"","format":"standard","meta":{"_exactmetrics_skip_tracking":false,"_exactmetrics_sitenote_active":false,"_exactmetrics_sitenote_note":"","_exactmetrics_sitenote_category":0,"jetpack_post_was_ever_published":false,"_jetpack_newsletter_access":"","_jetpack_dont_email_post_to_subs":false,"_jetpack_newsletter_tier_id":0,"_jetpack_memberships_contains_paywalled_content":false,"_jetpack_memberships_contains_paid_content":false,"footnotes":"","jetpack_publicize_message":"","jetpack_publicize_feature_enabled":true,"jetpack_social_post_already_shared":true,"jetpack_social_options":{"image_generator_settings":{"template":"highway","enabled":false},"version":2}},"categories":[1],"tags":[],"class_list":["post-29350","post","type-post","status-publish","format-standard","hentry","category-notas"],"jetpack_publicize_connections":[],"jetpack_sharing_enabled":true,"jetpack_featured_media_url":"","jetpack_shortlink":"https:\/\/wp.me\/p7wKYW-7Do","jetpack-related-posts":[],"_links":{"self":[{"href":"http:\/\/blogdalucianaoliveira.com.br\/blog\/wp-json\/wp\/v2\/posts\/29350","targetHints":{"allow":["GET"]}}],"collection":[{"href":"http:\/\/blogdalucianaoliveira.com.br\/blog\/wp-json\/wp\/v2\/posts"}],"about":[{"href":"http:\/\/blogdalucianaoliveira.com.br\/blog\/wp-json\/wp\/v2\/types\/post"}],"author":[{"embeddable":true,"href":"http:\/\/blogdalucianaoliveira.com.br\/blog\/wp-json\/wp\/v2\/users\/1"}],"replies":[{"embeddable":true,"href":"http:\/\/blogdalucianaoliveira.com.br\/blog\/wp-json\/wp\/v2\/comments?post=29350"}],"version-history":[{"count":1,"href":"http:\/\/blogdalucianaoliveira.com.br\/blog\/wp-json\/wp\/v2\/posts\/29350\/revisions"}],"predecessor-version":[{"id":29353,"href":"http:\/\/blogdalucianaoliveira.com.br\/blog\/wp-json\/wp\/v2\/posts\/29350\/revisions\/29353"}],"wp:attachment":[{"href":"http:\/\/blogdalucianaoliveira.com.br\/blog\/wp-json\/wp\/v2\/media?parent=29350"}],"wp:term":[{"taxonomy":"category","embeddable":true,"href":"http:\/\/blogdalucianaoliveira.com.br\/blog\/wp-json\/wp\/v2\/categories?post=29350"},{"taxonomy":"post_tag","embeddable":true,"href":"http:\/\/blogdalucianaoliveira.com.br\/blog\/wp-json\/wp\/v2\/tags?post=29350"}],"curies":[{"name":"wp","href":"https:\/\/api.w.org\/{rel}","templated":true}]}}