{"id":29357,"date":"2020-08-01T19:54:48","date_gmt":"2020-08-01T23:54:48","guid":{"rendered":"http:\/\/blogdalucianaoliveira.com.br\/blog\/?p=29357"},"modified":"2020-08-01T19:55:39","modified_gmt":"2020-08-01T23:55:39","slug":"pressionado-por-stf-facebook-bloqueia-globalmente-contas-de-apoiadores-de-bolsonaro","status":"publish","type":"post","link":"http:\/\/blogdalucianaoliveira.com.br\/blog\/2020\/08\/01\/pressionado-por-stf-facebook-bloqueia-globalmente-contas-de-apoiadores-de-bolsonaro\/","title":{"rendered":"Pressionado por STF, Facebook bloqueia globalmente contas de apoiadores de Bolsonaro"},"content":{"rendered":"\n<figure class=\"wp-block-image size-large\"><img data-recalc-dims=\"1\" loading=\"lazy\" decoding=\"async\" width=\"600\" height=\"400\" data-attachment-id=\"29358\" data-permalink=\"http:\/\/blogdalucianaoliveira.com.br\/blog\/2020\/08\/01\/pressionado-por-stf-facebook-bloqueia-globalmente-contas-de-apoiadores-de-bolsonaro\/image-1152\/\" data-orig-file=\"https:\/\/i0.wp.com\/blogdalucianaoliveira.com.br\/blog\/wp-content\/uploads\/2020\/08\/image.jpeg?fit=640%2C427\" data-orig-size=\"640,427\" data-comments-opened=\"0\" data-image-meta=\"{&quot;aperture&quot;:&quot;0&quot;,&quot;credit&quot;:&quot;&quot;,&quot;camera&quot;:&quot;&quot;,&quot;caption&quot;:&quot;&quot;,&quot;created_timestamp&quot;:&quot;0&quot;,&quot;copyright&quot;:&quot;&quot;,&quot;focal_length&quot;:&quot;0&quot;,&quot;iso&quot;:&quot;0&quot;,&quot;shutter_speed&quot;:&quot;0&quot;,&quot;title&quot;:&quot;&quot;,&quot;orientation&quot;:&quot;0&quot;}\" data-image-title=\"image\" data-image-description=\"\" data-image-caption=\"\" data-medium-file=\"https:\/\/i0.wp.com\/blogdalucianaoliveira.com.br\/blog\/wp-content\/uploads\/2020\/08\/image.jpeg?fit=300%2C200\" data-large-file=\"https:\/\/i0.wp.com\/blogdalucianaoliveira.com.br\/blog\/wp-content\/uploads\/2020\/08\/image.jpeg?fit=600%2C400\" src=\"https:\/\/i0.wp.com\/blogdalucianaoliveira.com.br\/blog\/wp-content\/uploads\/2020\/08\/image.jpeg?resize=600%2C400\" alt=\"\" class=\"wp-image-29358\" srcset=\"https:\/\/i0.wp.com\/blogdalucianaoliveira.com.br\/blog\/wp-content\/uploads\/2020\/08\/image.jpeg?w=640 640w, https:\/\/i0.wp.com\/blogdalucianaoliveira.com.br\/blog\/wp-content\/uploads\/2020\/08\/image.jpeg?resize=300%2C200 300w, https:\/\/i0.wp.com\/blogdalucianaoliveira.com.br\/blog\/wp-content\/uploads\/2020\/08\/image.jpeg?resize=450%2C300 450w\" sizes=\"auto, (max-width: 600px) 100vw, 600px\" \/><\/figure>\n\n\n\n<p>Bloqueio acontece um dia depois que Alexandre de Moraes, do Supremo, multou a empresa por descumprir ordem de suspender perfis bolsonaristas.<\/p>\n\n\n\n<!--more-->\n\n\n\n<p><a href=\"https:\/\/brasil.elpais.com\/autor\/daniela-mercier\/\">DANIELA MERCIER<\/a>, El Pa\u00eds <\/p>\n\n\n\n<p>O Facebook anunciou neste s\u00e1bado o bloqueio mundial de perfis de apoiadores do presidente Jair Bolsonaro, um dia depois que o ministro&nbsp;<a rel=\"noreferrer noopener\" href=\"https:\/\/brasil.elpais.com\/noticias\/alexandre-de-moraes\/\" target=\"_blank\">Alexandre de Moraes<\/a>, do Supremo Tribunal Federal (STF), multou a empresa e determinou a suspens\u00e3o das contas, dentro do<a rel=\"noreferrer noopener\" href=\"https:\/\/brasil.elpais.com\/brasil\/2020-06-18\/maioria-do-stf-da-sinal-verde-ao-inquerito-das-fake-news-e-eleva-pressao-sobre-bolsonaro.html\" target=\"_blank\">&nbsp;inqu\u00e9rito das&nbsp;<em>fake news<\/em><\/a><em>,<\/em>&nbsp;sob o argumento de \u201cinterromper discursos criminosos de \u00f3dio\u201d. Esse inqu\u00e9rito investiga a exist\u00eancia de&nbsp;<a rel=\"noreferrer noopener\" href=\"https:\/\/brasil.elpais.com\/noticias\/noticias-falsas\/\" target=\"_blank\">not\u00edcias falsas<\/a>, denuncia\u00e7\u00f5es caluniosas, amea\u00e7as inj\u00farias e outras infra\u00e7\u00f5es contra os membros do tribunal e seus familiares.<\/p>\n\n\n\n<p>Na sexta, Moraes multou a empresa em 1,92 milh\u00e3o de reais ap\u00f3s ter determinado, na v\u00e9spera, o bloqueio global das contas, por considerar que uma outra decis\u00e3o de maio, em que ele ordenava\u00a0<a rel=\"noreferrer noopener\" href=\"https:\/\/brasil.elpais.com\/brasil\/2020-05-28\/supremo-pressiona-bolsonaristas-com-investigacao-sobre-fake-news-que-abarca-ate-eleicoes-de-2018.html\" target=\"_blank\">a suspens\u00e3o dos perfis administrados por apoiadores do presidente<\/a>\u00a0fora do pa\u00eds, fora cumprida apenas parcialmente. O ministro tamb\u00e9m intimou o presidente do Facebook no Brasil, Conrado Lester, e determinou que, al\u00e9m da multa milion\u00e1ria, a empresa pagasse taxas adicionais de 100 mil reais por dia, se n\u00e3o bloqueasse globalmente as contas em quest\u00e3o, que incluem nomes como<a rel=\"noreferrer noopener\" href=\"https:\/\/brasil.elpais.com\/brasil\/2020-06-25\/sara-winter-a-extravagante-ativista-que-encarna-a-disputa-entre-bolsonaro-e-o-supremo.html\" target=\"_blank\">\u00a0Sara Geromini (conhecida como Sara Winter<\/a>, que organizou um grupo paramilitar de defesa do Governo);\u00a0<a rel=\"noreferrer noopener\" href=\"https:\/\/brasil.elpais.com\/brasil\/2020-05-27\/policia-federal-mira-aliados-de-bolsonaro-em-investigacao-sobre-noticias-falsas.html\" target=\"_blank\">Allan dos Santos, dono do site bolsonarista\u00a0<em>Ter\u00e7a Livre<\/em><\/a>; o presidente do PTB, Roberto Jefferson; e o empres\u00e1rio dono de redes de lojas Havan, Luciano Hang.<\/p>\n\n\n\n<p>O Facebook afirmou que a ordem de Moraes era \u201cextrema\u201d e que amea\u00e7ava a \u201c<a href=\"https:\/\/brasil.elpais.com\/noticias\/libertad-expresion\/\" target=\"_blank\" rel=\"noreferrer noopener\">liberdade de express\u00e3o<\/a>&nbsp;fora da jurisdi\u00e7\u00e3o do Brasil\u201d, mas que a empresa iria segui-la. \u201cDevido \u00e0 amea\u00e7a de responsabiliza\u00e7\u00e3o criminal de um funcion\u00e1rio do Facebook Brasil, n\u00e3o tivemos alternativa a n\u00e3o ser cumprir com a ordem de bloqueio global das contas enquanto recorremos ao STF\u201d, afirmou o Facebook em nota neste s\u00e1bado.<\/p>\n\n\n\n<p>\u201cO&nbsp;<a href=\"https:\/\/brasil.elpais.com\/noticias\/facebook\/\" target=\"_blank\" rel=\"noreferrer noopener\">Facebook<\/a>&nbsp;havia cumprido com a ordem de bloquear as contas no Brasil ao restringir a visualiza\u00e7\u00e3o das p\u00e1ginas e perfis a partir de endere\u00e7os IP no pa\u00eds. Isso significa que pessoas com endere\u00e7o IP no Brasil n\u00e3o conseguiam ver os conte\u00fados mesmo que os alvos da ordem judicial tivessem alterado sua localiza\u00e7\u00e3o IP\u201d, explicou a empresa. \u201cA mais recente ordem judicial \u00e9 extrema, representando riscos \u00e0 liberdade de express\u00e3o fora da jurisdi\u00e7\u00e3o brasileira e em conflito com leis e jurisdi\u00e7\u00f5es ao redor do mundo\u201d, segue a nota.<\/p>\n\n\n\n<p>O caso tem arestas complexas por todos os lados.&nbsp;<a href=\"https:\/\/brasil.elpais.com\/brasil\/2020-06-18\/maioria-do-stf-da-sinal-verde-ao-inquerito-das-fake-news-e-eleva-pressao-sobre-bolsonaro.html\" target=\"_blank\" rel=\"noreferrer noopener\">A come\u00e7ar pelo chamado inqu\u00e9rito das&nbsp;<em>fake news<\/em><\/a><em>,&nbsp;<\/em>criticado por especialistas por ter sido criado pelo pr\u00f3prio Supremo, e n\u00e3o a pedido do Minist\u00e9rio P\u00fablico como ocorre normalmente, mesmo tendo os magistrados da Corte tamb\u00e9m como v\u00edtimas. Por outro lado, as decis\u00f5es tamb\u00e9m levantam debates o respeito \u00e0 liberdade de express\u00e3o e sobre o alcance da decis\u00e3o fora das fronteiras nacionais. Para cr\u00edticos da conduta de Moraes, o magistrado erra ao bloquear toda as contas e n\u00e3o conte\u00fados espec\u00edficos nelas.<\/p>\n\n\n\n<p>O Facebook, por sua vez, tamb\u00e9m est\u00e1 sob escrut\u00ednio. A rede de Mark Zuckerberg \u00e9 acusada tanto no Brasil como nos Estados Unidos de fazer menos do que o necess\u00e1rio para impedir a difus\u00e3o de discursos de \u00f3dio em sua plataforma e, por isso, est\u00e1 sendo alvo de uma campanha de boicote. No m\u00eas passado,&nbsp;<a rel=\"noreferrer noopener\" href=\"https:\/\/brasil.elpais.com\/brasil\/2020-07-10\/tercio-arnaud-o-rapaz-das-redes-de-bolsonaro-no-centro-da-trama-desbaratada-pelo-facebook.html\" target=\"_blank\">o pr\u00f3prio Facebook anunciou ter suspendido 88 contas<\/a>&nbsp;(entre perfis pessoais e p\u00e1ginas) ligados a bolsonaristas por infringir as regras de conduta dessas redes sociais e espalhar desinforma\u00e7\u00e3o. Na mesma a\u00e7\u00e3o, foram suspensas 402 contas nos EUA, Canad\u00e1, Equador e Ucr\u00e2nia.<\/p>\n","protected":false},"excerpt":{"rendered":"<p>Bloqueio acontece um dia depois que Alexandre de Moraes, do Supremo, multou a empresa por descumprir ordem de suspender perfis bolsonaristas.<\/p>\n","protected":false},"author":1,"featured_media":0,"comment_status":"closed","ping_status":"open","sticky":false,"template":"","format":"standard","meta":{"_exactmetrics_skip_tracking":false,"_exactmetrics_sitenote_active":false,"_exactmetrics_sitenote_note":"","_exactmetrics_sitenote_category":0,"jetpack_post_was_ever_published":false,"_jetpack_newsletter_access":"","_jetpack_dont_email_post_to_subs":false,"_jetpack_newsletter_tier_id":0,"_jetpack_memberships_contains_paywalled_content":false,"_jetpack_memberships_contains_paid_content":false,"footnotes":"","jetpack_publicize_message":"","jetpack_publicize_feature_enabled":true,"jetpack_social_post_already_shared":true,"jetpack_social_options":{"image_generator_settings":{"template":"highway","enabled":false},"version":2}},"categories":[1],"tags":[],"class_list":["post-29357","post","type-post","status-publish","format-standard","hentry","category-notas"],"jetpack_publicize_connections":[],"jetpack_sharing_enabled":true,"jetpack_featured_media_url":"","jetpack_shortlink":"https:\/\/wp.me\/p7wKYW-7Dv","jetpack-related-posts":[],"_links":{"self":[{"href":"http:\/\/blogdalucianaoliveira.com.br\/blog\/wp-json\/wp\/v2\/posts\/29357","targetHints":{"allow":["GET"]}}],"collection":[{"href":"http:\/\/blogdalucianaoliveira.com.br\/blog\/wp-json\/wp\/v2\/posts"}],"about":[{"href":"http:\/\/blogdalucianaoliveira.com.br\/blog\/wp-json\/wp\/v2\/types\/post"}],"author":[{"embeddable":true,"href":"http:\/\/blogdalucianaoliveira.com.br\/blog\/wp-json\/wp\/v2\/users\/1"}],"replies":[{"embeddable":true,"href":"http:\/\/blogdalucianaoliveira.com.br\/blog\/wp-json\/wp\/v2\/comments?post=29357"}],"version-history":[{"count":2,"href":"http:\/\/blogdalucianaoliveira.com.br\/blog\/wp-json\/wp\/v2\/posts\/29357\/revisions"}],"predecessor-version":[{"id":29360,"href":"http:\/\/blogdalucianaoliveira.com.br\/blog\/wp-json\/wp\/v2\/posts\/29357\/revisions\/29360"}],"wp:attachment":[{"href":"http:\/\/blogdalucianaoliveira.com.br\/blog\/wp-json\/wp\/v2\/media?parent=29357"}],"wp:term":[{"taxonomy":"category","embeddable":true,"href":"http:\/\/blogdalucianaoliveira.com.br\/blog\/wp-json\/wp\/v2\/categories?post=29357"},{"taxonomy":"post_tag","embeddable":true,"href":"http:\/\/blogdalucianaoliveira.com.br\/blog\/wp-json\/wp\/v2\/tags?post=29357"}],"curies":[{"name":"wp","href":"https:\/\/api.w.org\/{rel}","templated":true}]}}