{"id":29362,"date":"2020-08-01T20:00:30","date_gmt":"2020-08-02T00:00:30","guid":{"rendered":"http:\/\/blogdalucianaoliveira.com.br\/blog\/?p=29362"},"modified":"2020-08-01T20:00:35","modified_gmt":"2020-08-02T00:00:35","slug":"incendios-na-amazonia-brasileira-disparam-em-julho","status":"publish","type":"post","link":"http:\/\/blogdalucianaoliveira.com.br\/blog\/2020\/08\/01\/incendios-na-amazonia-brasileira-disparam-em-julho\/","title":{"rendered":"Inc\u00eandios na Amaz\u00f4nia brasileira disparam em julho"},"content":{"rendered":"\n<figure class=\"wp-block-image size-large\"><img data-recalc-dims=\"1\" loading=\"lazy\" decoding=\"async\" width=\"600\" height=\"408\" data-attachment-id=\"29363\" data-permalink=\"http:\/\/blogdalucianaoliveira.com.br\/blog\/2020\/08\/01\/incendios-na-amazonia-brasileira-disparam-em-julho\/e057a380-eb77-4c9f-8b25-5f332c288cd9\/\" data-orig-file=\"https:\/\/i0.wp.com\/blogdalucianaoliveira.com.br\/blog\/wp-content\/uploads\/2020\/08\/E057A380-EB77-4C9F-8B25-5F332C288CD9.jpeg?fit=768%2C522\" data-orig-size=\"768,522\" data-comments-opened=\"0\" data-image-meta=\"{&quot;aperture&quot;:&quot;0&quot;,&quot;credit&quot;:&quot;&quot;,&quot;camera&quot;:&quot;&quot;,&quot;caption&quot;:&quot;&quot;,&quot;created_timestamp&quot;:&quot;0&quot;,&quot;copyright&quot;:&quot;&quot;,&quot;focal_length&quot;:&quot;0&quot;,&quot;iso&quot;:&quot;0&quot;,&quot;shutter_speed&quot;:&quot;0&quot;,&quot;title&quot;:&quot;&quot;,&quot;orientation&quot;:&quot;0&quot;}\" data-image-title=\"E057A380-EB77-4C9F-8B25-5F332C288CD9\" data-image-description=\"\" data-image-caption=\"\" data-medium-file=\"https:\/\/i0.wp.com\/blogdalucianaoliveira.com.br\/blog\/wp-content\/uploads\/2020\/08\/E057A380-EB77-4C9F-8B25-5F332C288CD9.jpeg?fit=300%2C204\" data-large-file=\"https:\/\/i0.wp.com\/blogdalucianaoliveira.com.br\/blog\/wp-content\/uploads\/2020\/08\/E057A380-EB77-4C9F-8B25-5F332C288CD9.jpeg?fit=600%2C408\" src=\"https:\/\/i0.wp.com\/blogdalucianaoliveira.com.br\/blog\/wp-content\/uploads\/2020\/08\/E057A380-EB77-4C9F-8B25-5F332C288CD9.jpeg?resize=600%2C408\" alt=\"\" class=\"wp-image-29363\" srcset=\"https:\/\/i0.wp.com\/blogdalucianaoliveira.com.br\/blog\/wp-content\/uploads\/2020\/08\/E057A380-EB77-4C9F-8B25-5F332C288CD9.jpeg?w=768 768w, https:\/\/i0.wp.com\/blogdalucianaoliveira.com.br\/blog\/wp-content\/uploads\/2020\/08\/E057A380-EB77-4C9F-8B25-5F332C288CD9.jpeg?resize=300%2C204 300w, https:\/\/i0.wp.com\/blogdalucianaoliveira.com.br\/blog\/wp-content\/uploads\/2020\/08\/E057A380-EB77-4C9F-8B25-5F332C288CD9.jpeg?resize=441%2C300 441w\" sizes=\"auto, (max-width: 600px) 100vw, 600px\" \/><\/figure>\n\n\n\n<p>AFP &#8211; A ocorr\u00eancia de inc\u00eandios florestais na Amaz\u00f4nia brasileira no m\u00eas passado aumentou 28% em rela\u00e7\u00e3o a julho de 2019, mostraram dados de sat\u00e9lite neste s\u00e1bado (1), aumentando os temores de que a maior floresta\u00a0tropical do mundo seja novamente devastada por inc\u00eandios este ano.\u00a0<\/p>\n\n\n\n<!--more-->\n\n\n\n<p>O Instituto Nacional de Pesquisas Espaciais (Inpe) identificou 6.803 inc\u00eandios na regi\u00e3o amaz\u00f4nica em julho de 2020, em compara\u00e7\u00e3o com 5.318 no ano anterior.&nbsp;<\/p>\n\n\n\n<p>O n\u00famero \u00e9 ainda mais preocupante, j\u00e1 que 2019 j\u00e1 foi um ano devastador em rela\u00e7\u00e3o aos inc\u00eandios na Amaz\u00f4nia, provocando protestos internacionais.<\/p>\n\n\n\n<p>Isso pressionou o Brasil, que abriga cerca de 60% da Amaz\u00f4nia, a fazer mais para proteger a floresta, considerada vital para conter o impacto das mudan\u00e7as clim\u00e1ticas.&nbsp;<\/p>\n\n\n\n<p>Com frequ\u00eancia, queimadas s\u00e3o usadas ilegalmente para limpar terras para agricultura, pecu\u00e1ria e minera\u00e7\u00e3o.&nbsp;<\/p>\n\n\n\n<p>Ativistas acusam o presidente Jair Bolsonaro, um c\u00e9tico das mudan\u00e7as clim\u00e1ticas, de incentivar o desmatamento com pedidos para abrir a floresta tropical \u00e0 agricultura e \u00e0 ind\u00fastria.<\/p>\n\n\n\n<p>Sob press\u00e3o internacional, Bolsonaro enviou o Ex\u00e9rcito para combater as queimadas e declarou uma morat\u00f3ria para a pr\u00e1tica. Mas ativistas afirmam que isto n\u00e3o foi o suficiente para resolver o problema.<\/p>\n\n\n\n<p>Os inc\u00eandios aumentaram 77% em terras ind\u00edgenas e 50% em reservas protegidas desde julho de 2019, informou o grupo ambientalista Greenpeace, demonstrando como as atividades ilegais est\u00e3o invadindo estas \u00e1reas.<\/p>\n\n\n\n<p>Somente em 30 de julho, os sat\u00e9lites detectaram 1.007 inc\u00eandios na Amaz\u00f4nia, informou o Inpe.&nbsp;<\/p>\n\n\n\n<p>Esse \u00e9 o n\u00famero mais alto registrado em um m\u00eas de julho desde 2005, segundo o grupo ambientalista Greenpeace.&nbsp;<\/p>\n\n\n\n<p>&#8220;O fato de ter mais de mil focos de calor em um \u00fanico dia, recorde dos \u00faltimos 15 anos para o m\u00eas de julho, mostra que a estrat\u00e9gia do governo de fazer opera\u00e7\u00f5es midi\u00e1ticas n\u00e3o \u00e9 eficaz no ch\u00e3o da floresta&#8221;, disse o porta-voz do Greenpeace, Romulo Batista, em nota.&nbsp;<\/p>\n\n\n\n<p>&#8220;A morat\u00f3ria, que pro\u00edbe no papel as queimadas, n\u00e3o funciona se n\u00e3o houver tamb\u00e9m uma resposta no campo, com mais fiscaliza\u00e7\u00f5es. Afinal, criminoso n\u00e3o \u00e9 conhecido por seguir leis&#8221;, acrescentou.<\/p>\n\n\n\n<p>Mas, o governo Bolsonaro tem cortado o or\u00e7amento, pessoal e programas desenvolvidos pelo Ibama.<\/p>\n\n\n\n<p>&#8220;Tudo o que estava funcionando foi jogado pela janela&#8221;, disse \u00e0 AFP Erika Berenguer, ecologista especialista em Amaz\u00f4nia das Universidades de Oxford e Lancaster.<\/p>\n\n\n\n<p>&#8211; &#8220;Desmatar \u00e9 um investimento&#8221; &#8211;<\/p>\n\n\n\n<p>A temporada de inc\u00eandios na Amaz\u00f4nia costuma ocorrer entre junho e outubro.<\/p>\n\n\n\n<p>Mas as chamas s\u00e3o apenas parte do problema do desmatamento.<\/p>\n\n\n\n<p>No resto do ano, fazendeiros, garimpeiros e grileiros derrubam a vegeta\u00e7\u00e3o e se preparam para queim\u00e1-la.<\/p>\n\n\n\n<p>Os seis primeiros meses de 2020 foram os piores nos registros de desmatamento na Amaz\u00f4nia brasileira, com 3.069 km2 &#8211; uma \u00e1rea maior do que o territ\u00f3rio de Luxemburgo &#8211; segundo dados do INPE.<\/p>\n\n\n\n<p>Se uma parte significativa desta vegeta\u00e7\u00e3o queimar em 2020, o resultado poder\u00e1 ser catastr\u00f3fico, alertam especialistas.<\/p>\n\n\n\n<p>&#8220;Eu acho que agosto ser\u00e1 o m\u00eas do tudo ou nada&#8221;, disse Berenguer.<\/p>\n\n\n\n<p>Em agosto do ano passado, os inc\u00eandios dispararam quase 200% com rela\u00e7\u00e3o a agosto do ano anterior, a 30.900, provocando uma espessa nuvem negra que chegou a S\u00e3o Paulo, a milhares de quil\u00f4metros de dist\u00e2ncia, e provocando um alarme global.<\/p>\n\n\n\n<p>O n\u00famero de inc\u00eandios caiu desde ent\u00e3o, sob escrut\u00ednio e press\u00e3o crescentes &#8211; inclusive de empresas e investidores preocupados com o impacto sobre a imagem do Brasil.<\/p>\n\n\n\n<p>Mas Berenguer afirma que \u00e9 s\u00f3 quest\u00e3o de tempo para que a terra rec\u00e9m-desmatada queime em nome da agropecu\u00e1ria.<\/p>\n\n\n\n<p>&#8220;Desmatar \u00e9 um investimento econ\u00f4mico. \u00c9 caro. Voc\u00ea precisa de maquin\u00e1rio: escavadeiras, tratores, pessoas, diesel&#8221;, explicou.<\/p>\n\n\n\n<p>&#8220;N\u00e3o se desmata para deixar todas aquelas \u00e1rvores no ch\u00e3o. \u00c9 preciso queim\u00e1-las para recuperar o investimento&#8221;.<\/p>\n\n\n\n<p>Al\u00e9m disso, a ag\u00eancia espacial americana, Nasa, alertou no m\u00eas passado que temperaturas mais quentes na superf\u00edcie do oceano no Atl\u00e2ntico Norte far\u00e3o com que a Amaz\u00f4nia enfrente uma grande seca este ano.<\/p>\n\n\n\n<p>&#8220;Inc\u00eandios provocados pelo homem com fins agr\u00edcolas e para limpeza da terra s\u00e3o mais propensos a sair do controle e se espalhar&#8221;, destacou.<\/p>\n\n\n\n<p>&#8220;As condi\u00e7\u00f5es est\u00e3o dadas&#8221;, emendou.<\/p>\n\n\n\n<p>Para piorar a situa\u00e7\u00e3o deste ano, especialistas afirmam que a fuma\u00e7a resultante dos inc\u00eandios produzir\u00e1 um pico de emerg\u00eancias respirat\u00f3rias em uma regi\u00e3o j\u00e1 duramente castigada pela pandemia do novo coronav\u00edrus.<\/p>\n\n\n\n<p>O Brasil \u00e9 o segundo pa\u00eds do mundo mais afetado pela COVID-19 (atr\u00e1s apenas dos Estados Unidos), com mais de 2,6 milh\u00f5es de cont\u00e1gios e 92 mil mortes.<\/p>\n\n\n\n<p><\/p>\n","protected":false},"excerpt":{"rendered":"<p>AFP &#8211; A ocorr\u00eancia de inc\u00eandios florestais na Amaz\u00f4nia brasileira no m\u00eas passado aumentou 28% em rela\u00e7\u00e3o a julho de 2019, mostraram dados de sat\u00e9lite neste s\u00e1bado (1), aumentando os temores de que a maior floresta\u00a0tropical do mundo seja novamente devastada por inc\u00eandios este ano.\u00a0<\/p>\n","protected":false},"author":1,"featured_media":0,"comment_status":"closed","ping_status":"open","sticky":false,"template":"","format":"standard","meta":{"_exactmetrics_skip_tracking":false,"_exactmetrics_sitenote_active":false,"_exactmetrics_sitenote_note":"","_exactmetrics_sitenote_category":0,"jetpack_post_was_ever_published":false,"_jetpack_newsletter_access":"","_jetpack_dont_email_post_to_subs":false,"_jetpack_newsletter_tier_id":0,"_jetpack_memberships_contains_paywalled_content":false,"_jetpack_memberships_contains_paid_content":false,"footnotes":"","jetpack_publicize_message":"","jetpack_publicize_feature_enabled":true,"jetpack_social_post_already_shared":true,"jetpack_social_options":{"image_generator_settings":{"template":"highway","enabled":false},"version":2}},"categories":[1],"tags":[],"class_list":["post-29362","post","type-post","status-publish","format-standard","hentry","category-notas"],"jetpack_publicize_connections":[],"jetpack_sharing_enabled":true,"jetpack_featured_media_url":"","jetpack_shortlink":"https:\/\/wp.me\/p7wKYW-7DA","jetpack-related-posts":[],"_links":{"self":[{"href":"http:\/\/blogdalucianaoliveira.com.br\/blog\/wp-json\/wp\/v2\/posts\/29362","targetHints":{"allow":["GET"]}}],"collection":[{"href":"http:\/\/blogdalucianaoliveira.com.br\/blog\/wp-json\/wp\/v2\/posts"}],"about":[{"href":"http:\/\/blogdalucianaoliveira.com.br\/blog\/wp-json\/wp\/v2\/types\/post"}],"author":[{"embeddable":true,"href":"http:\/\/blogdalucianaoliveira.com.br\/blog\/wp-json\/wp\/v2\/users\/1"}],"replies":[{"embeddable":true,"href":"http:\/\/blogdalucianaoliveira.com.br\/blog\/wp-json\/wp\/v2\/comments?post=29362"}],"version-history":[{"count":1,"href":"http:\/\/blogdalucianaoliveira.com.br\/blog\/wp-json\/wp\/v2\/posts\/29362\/revisions"}],"predecessor-version":[{"id":29364,"href":"http:\/\/blogdalucianaoliveira.com.br\/blog\/wp-json\/wp\/v2\/posts\/29362\/revisions\/29364"}],"wp:attachment":[{"href":"http:\/\/blogdalucianaoliveira.com.br\/blog\/wp-json\/wp\/v2\/media?parent=29362"}],"wp:term":[{"taxonomy":"category","embeddable":true,"href":"http:\/\/blogdalucianaoliveira.com.br\/blog\/wp-json\/wp\/v2\/categories?post=29362"},{"taxonomy":"post_tag","embeddable":true,"href":"http:\/\/blogdalucianaoliveira.com.br\/blog\/wp-json\/wp\/v2\/tags?post=29362"}],"curies":[{"name":"wp","href":"https:\/\/api.w.org\/{rel}","templated":true}]}}