{"id":29368,"date":"2020-08-02T22:35:30","date_gmt":"2020-08-03T02:35:30","guid":{"rendered":"http:\/\/blogdalucianaoliveira.com.br\/blog\/?p=29368"},"modified":"2020-08-02T22:44:38","modified_gmt":"2020-08-03T02:44:38","slug":"fantastico-da-globo-faz-longa-materia-sobre-rede-de-fake-news-bolsonarista-punida-pelo-facebook","status":"publish","type":"post","link":"http:\/\/blogdalucianaoliveira.com.br\/blog\/2020\/08\/02\/fantastico-da-globo-faz-longa-materia-sobre-rede-de-fake-news-bolsonarista-punida-pelo-facebook\/","title":{"rendered":"Fant\u00e1stico, da Globo, faz longa mat\u00e9ria sobre rede de fake news bolsonarista punida pelo Facebook"},"content":{"rendered":"\n<figure class=\"wp-block-image size-large\"><img data-recalc-dims=\"1\" loading=\"lazy\" decoding=\"async\" width=\"600\" height=\"374\" data-attachment-id=\"29369\" data-permalink=\"http:\/\/blogdalucianaoliveira.com.br\/blog\/2020\/08\/02\/fantastico-da-globo-faz-longa-materia-sobre-rede-de-fake-news-bolsonarista-punida-pelo-facebook\/image-1-15\/\" data-orig-file=\"https:\/\/i0.wp.com\/blogdalucianaoliveira.com.br\/blog\/wp-content\/uploads\/2020\/08\/image-1.jpeg?fit=610%2C380\" data-orig-size=\"610,380\" data-comments-opened=\"0\" data-image-meta=\"{&quot;aperture&quot;:&quot;0&quot;,&quot;credit&quot;:&quot;&quot;,&quot;camera&quot;:&quot;&quot;,&quot;caption&quot;:&quot;&quot;,&quot;created_timestamp&quot;:&quot;0&quot;,&quot;copyright&quot;:&quot;&quot;,&quot;focal_length&quot;:&quot;0&quot;,&quot;iso&quot;:&quot;0&quot;,&quot;shutter_speed&quot;:&quot;0&quot;,&quot;title&quot;:&quot;&quot;,&quot;orientation&quot;:&quot;0&quot;}\" data-image-title=\"image-1\" data-image-description=\"\" data-image-caption=\"\" data-medium-file=\"https:\/\/i0.wp.com\/blogdalucianaoliveira.com.br\/blog\/wp-content\/uploads\/2020\/08\/image-1.jpeg?fit=300%2C187\" data-large-file=\"https:\/\/i0.wp.com\/blogdalucianaoliveira.com.br\/blog\/wp-content\/uploads\/2020\/08\/image-1.jpeg?fit=600%2C374\" src=\"https:\/\/i0.wp.com\/blogdalucianaoliveira.com.br\/blog\/wp-content\/uploads\/2020\/08\/image-1.jpeg?resize=600%2C374\" alt=\"\" class=\"wp-image-29369\" srcset=\"https:\/\/i0.wp.com\/blogdalucianaoliveira.com.br\/blog\/wp-content\/uploads\/2020\/08\/image-1.jpeg?w=610 610w, https:\/\/i0.wp.com\/blogdalucianaoliveira.com.br\/blog\/wp-content\/uploads\/2020\/08\/image-1.jpeg?resize=300%2C187 300w, https:\/\/i0.wp.com\/blogdalucianaoliveira.com.br\/blog\/wp-content\/uploads\/2020\/08\/image-1.jpeg?resize=482%2C300 482w\" sizes=\"auto, (max-width: 600px) 100vw, 600px\" \/><\/figure>\n\n\n\n<p>Forum &#8211; O programa Fant\u00e1stico, da Globo, veiculou em sua edi\u00e7\u00e3o da noite deste domingo (2) uma longa reportagem mostrando detalhes sobre a investiga\u00e7\u00e3o do Facebook que derrubou p\u00e1ginas de assessores pr\u00f3ximos \u00e0 fam\u00edlia Bolsonaro que s\u00e3o utilizadas para disseminar fake news e promover ataques contra advers\u00e1rios.<\/p>\n\n\n\n<!--more-->\n\n\n\n<p>Durante a exibi\u00e7\u00e3o da mat\u00e9ria, o programa procurou evidenciar a proximidade entre assessores que se fingiam de \u201cjornalistas\u201d com o presidente Jair Bolsonaro, seus filhos e deputados bolsonaristas.<\/p>\n\n\n\n<p>No dia 8 de julho,&nbsp;<a rel=\"noreferrer noopener\" href=\"https:\/\/revistaforum.com.br\/noticias\/facebook-derruba-rede-de-fake-news-ligada-a-familia-bolsonaro-com-73-contas\/\" target=\"_blank\">o Facebook derrubou<\/a>&nbsp;uma rede de distribui\u00e7\u00e3o de fake news e perfis falsos ligada aos gabinetes de Jair Bolsonaro, do senador&nbsp;Fl\u00e1vio Bolsonaro (Republicanos-RJ), do deputado&nbsp;federal&nbsp;Eduardo Bolsonaro (PSL-SP) e dos deputados estaduais bolsonaristas Anderson Moraes (PSL-RJ) e&nbsp;Alana Passos (PSL-RJ). Todos tiveram destaque na mat\u00e9ria do Fant\u00e1stico.<\/p>\n\n\n\n<p>T\u00e9cnicos da rede social identificaram 35 contas, 14 p\u00e1ginas e 1 grupo, al\u00e9m de 38 contas no Instagram, que pertence ao Facebook. O grupo contava com 350 participantes. J\u00e1 as p\u00e1ginas no Facebook somavam 883 mil seguidores, e os perfis do Instagram, 917 mil.&nbsp;\u200c<\/p>\n\n\n\n<p>J\u00e1 neste s\u00e1bado (1),<a href=\"https:\/\/revistaforum.com.br\/noticias\/apos-intimacao-de-moraes-facebook-decide-bloquear-perfis-bolsonaristas-no-exterior\/\" target=\"_blank\" rel=\"noreferrer noopener\">&nbsp;o Facebook informou&nbsp;<\/a>que acatou pedido do Supremo Tribunal Federal (STF) e vai bloqueou, em todo o mundo, as contas de perfis bolsonaristas.&nbsp;\u200c<\/p>\n\n\n\n<p>A medida vem ap\u00f3s o ministro do STF,&nbsp;<a href=\"https:\/\/revistaforum.com.br\/politica\/moraes-multa-facebook-em-r-192-milhao-por-nao-cumprir-bloqueio-de-perfis-bolsonaristas\/\" rel=\"noreferrer noopener\" target=\"_blank\">Alexandre de Moraes<\/a>, aumentar o valor da multa di\u00e1ria contra a rede social para R$ 1,2 milh\u00e3o e cobrar o pagamento de R$ 1,92 milh\u00e3o por descumprimento da ordem judicial, no \u00e2mbito do inqu\u00e9rito das fake news. O ministro tamb\u00e9m intimou pessoalmente o presidente da empresa no pa\u00eds a cumprir sua determina\u00e7\u00e3o.\u200c\u200c<\/p>\n\n\n\n<p>Dando detalhes de como funcionava a opera\u00e7\u00e3o das p\u00e1ginas de fake news bolsonaristas, o Fant\u00e1stico destacou, por exemplo, as not\u00edcias falsas criadas sistematicamente contra Fernando Haddad (PT), oponente de Bolsonaro na elei\u00e7\u00e3o de 2018.<\/p>\n\n\n\n<p>A reportagem tamb\u00e9m ressaltou que as informa\u00e7\u00f5es colhidas pelo Facebook sobre as p\u00e1ginas foram enviadas \u00e0 Pol\u00edcia Federal e podem ainda serem anexadas \u00e0s a\u00e7\u00f5es que pedem a cassa\u00e7\u00e3o de Bolsonaro no STF.\u00a0<br><br><br><\/p>\n\n\n\n<div class=\"fb-video\" data-allowfullscreen=\"true\" data-href=\"https:\/\/www.facebook.com\/senadorhumberto\/videos\/999762237125765\/?vh=e&#038;extid=WOdYcs0QTkESgTMJ\"><\/div>\n\n\n\n<p><\/p>\n","protected":false},"excerpt":{"rendered":"<p>Forum &#8211; O programa Fant\u00e1stico, da Globo, veiculou em sua edi\u00e7\u00e3o da noite deste domingo (2) uma longa reportagem mostrando detalhes sobre a investiga\u00e7\u00e3o do Facebook que derrubou p\u00e1ginas de assessores pr\u00f3ximos \u00e0 fam\u00edlia Bolsonaro que s\u00e3o utilizadas para disseminar fake news e promover ataques contra advers\u00e1rios.<\/p>\n","protected":false},"author":1,"featured_media":0,"comment_status":"closed","ping_status":"open","sticky":false,"template":"","format":"standard","meta":{"_exactmetrics_skip_tracking":false,"_exactmetrics_sitenote_active":false,"_exactmetrics_sitenote_note":"","_exactmetrics_sitenote_category":0,"jetpack_post_was_ever_published":false,"_jetpack_newsletter_access":"","_jetpack_dont_email_post_to_subs":false,"_jetpack_newsletter_tier_id":0,"_jetpack_memberships_contains_paywalled_content":false,"_jetpack_memberships_contains_paid_content":false,"footnotes":"","jetpack_publicize_message":"","jetpack_publicize_feature_enabled":true,"jetpack_social_post_already_shared":true,"jetpack_social_options":{"image_generator_settings":{"template":"highway","enabled":false},"version":2}},"categories":[1],"tags":[],"class_list":["post-29368","post","type-post","status-publish","format-standard","hentry","category-notas"],"jetpack_publicize_connections":[],"jetpack_sharing_enabled":true,"jetpack_featured_media_url":"","jetpack_shortlink":"https:\/\/wp.me\/p7wKYW-7DG","jetpack-related-posts":[],"_links":{"self":[{"href":"http:\/\/blogdalucianaoliveira.com.br\/blog\/wp-json\/wp\/v2\/posts\/29368","targetHints":{"allow":["GET"]}}],"collection":[{"href":"http:\/\/blogdalucianaoliveira.com.br\/blog\/wp-json\/wp\/v2\/posts"}],"about":[{"href":"http:\/\/blogdalucianaoliveira.com.br\/blog\/wp-json\/wp\/v2\/types\/post"}],"author":[{"embeddable":true,"href":"http:\/\/blogdalucianaoliveira.com.br\/blog\/wp-json\/wp\/v2\/users\/1"}],"replies":[{"embeddable":true,"href":"http:\/\/blogdalucianaoliveira.com.br\/blog\/wp-json\/wp\/v2\/comments?post=29368"}],"version-history":[{"count":6,"href":"http:\/\/blogdalucianaoliveira.com.br\/blog\/wp-json\/wp\/v2\/posts\/29368\/revisions"}],"predecessor-version":[{"id":29375,"href":"http:\/\/blogdalucianaoliveira.com.br\/blog\/wp-json\/wp\/v2\/posts\/29368\/revisions\/29375"}],"wp:attachment":[{"href":"http:\/\/blogdalucianaoliveira.com.br\/blog\/wp-json\/wp\/v2\/media?parent=29368"}],"wp:term":[{"taxonomy":"category","embeddable":true,"href":"http:\/\/blogdalucianaoliveira.com.br\/blog\/wp-json\/wp\/v2\/categories?post=29368"},{"taxonomy":"post_tag","embeddable":true,"href":"http:\/\/blogdalucianaoliveira.com.br\/blog\/wp-json\/wp\/v2\/tags?post=29368"}],"curies":[{"name":"wp","href":"https:\/\/api.w.org\/{rel}","templated":true}]}}