{"id":29382,"date":"2020-08-03T10:36:52","date_gmt":"2020-08-03T14:36:52","guid":{"rendered":"http:\/\/blogdalucianaoliveira.com.br\/blog\/?p=29382"},"modified":"2020-08-03T10:37:01","modified_gmt":"2020-08-03T14:37:01","slug":"queimadas-aumentam-em-julho-apesar-de-decreto-assinado-por-jair-bolsonaro-proibindo-ato","status":"publish","type":"post","link":"http:\/\/blogdalucianaoliveira.com.br\/blog\/2020\/08\/03\/queimadas-aumentam-em-julho-apesar-de-decreto-assinado-por-jair-bolsonaro-proibindo-ato\/","title":{"rendered":"Queimadas aumentam em julho apesar de decreto assinado por Jair Bolsonaro proibindo ato"},"content":{"rendered":"\n<figure class=\"wp-block-image\"><img data-recalc-dims=\"1\" decoding=\"async\" src=\"https:\/\/i0.wp.com\/s2.glbimg.com\/BRc_sqQyHMyYdYdtHH6ve-DzmzM%3D\/780x440\/e.glbimg.com\/og\/ed\/f\/original\/2020\/07\/17\/gp1su5ae_pressmedia.jpg?w=600&#038;ssl=1\" alt=\"queimada-mt-greenpeace (Foto: Christian Braga\/Greenpeace)\"\/><\/figure>\n\n\n\n<p>Foram mais 303 mil focos registrados no m\u00eas em todo o Brasil, alta de 38,6% em compara\u00e7\u00e3o ao mesmo per\u00edodo do ano passado.<\/p>\n\n\n\n<!--more-->\n\n\n\n<p>Mariana Grilli, Uol<\/p>\n\n\n\n<p>As queimadas no m\u00eas de julho aumentaram 28,5% na&nbsp;<a href=\"https:\/\/revistagloborural.globo.com\/busca\/click?q=amaz%C3%B4nia&amp;p=0&amp;r=1596413654692&amp;u=https%3A%2F%2Frevistagloborural.globo.com%2FNoticias%2FPolitica%2Fnoticia%2F2020%2F07%2Fglobo-rural-mapa-e-incra-lancam-cartilha-sobre-regularizacao-fundiaria-na-amazonia.html&amp;t=informacional&amp;d=false&amp;f=false&amp;ss=&amp;o=&amp;cat=&amp;key=9a66c72bef64293a89fd2d3df43fdfaa\">Amaz\u00f4nia<\/a>&nbsp;em compara\u00e7\u00e3o ao mesmo m\u00eas do ano passado. Os n\u00fameros s\u00e3o revelados pelo Programa Queimadas, do Instituto Nacional de Pesquisas Especiais (Inpe), considerando a&nbsp; utiliza\u00e7\u00e3o de todos os sat\u00e9lites cadastrados no sistema. Entre 1\u00ba e 31 de julho foram 119.915 focos registrados, ante 93.342 de 2019.<\/p>\n\n\n\n<p>Mas n\u00e3o foi s\u00f3 na Amaz\u00f4nia que as queimadas aumentaram. Em todo o Brasil, 303.209 queimadas foram capturadas pelos sat\u00e9lites do Inpe, 38,6% a mais que o ano passado. O crescimento tamb\u00e9m foi registrado no Cerrado, com aumento de 12,9%, al\u00e9m de alta significativa no Pantanal, que passou de 6.833 queimadas para 60.388, o que representa acr\u00e9scimo de 783%.<br><\/p>\n\n\n\n<p>Mesmo ap\u00f3s decreto assinado pelo presidente da Rep\u00fablica, Jair Bolsonaro, proibindo as queimadas a partir do dia 16 de julho, a maior parte dos focos foi registrado entre os dias 20 e 26 do m\u00eas. O mesmo aconteceu com a Amaz\u00f4nia, a qual tamb\u00e9m est\u00e1 contemplada na Morat\u00f3ria das Queimadas, mas que foi alvo do uso do fogo principalmente na \u00faltima semana de julho.<\/p>\n\n\n\n<figure class=\"wp-block-image\"><img data-recalc-dims=\"1\" decoding=\"async\" src=\"https:\/\/i0.wp.com\/s2.glbimg.com\/eEVRamTJobcd97n-GVD3ThWO5UU%3D\/e.glbimg.com\/og\/ed\/f\/original\/2020\/08\/02\/focos-semana-queimadas.jpg?w=600&#038;ssl=1\" alt=\"queimadas-julho-semana-inpe (Foto: Reprodu\u00e7\u00e3o\/Inpe)\"\/><figcaption>Aumento das queimadas em julho dividido por semanas e considerando todos os biomas (Foto: Reprodu\u00e7\u00e3o\/Inpe)<\/figcaption><\/figure>\n\n\n\n<p><\/p>\n","protected":false},"excerpt":{"rendered":"<p>Foram mais 303 mil focos registrados no m\u00eas em todo o Brasil, alta de 38,6% em compara\u00e7\u00e3o ao mesmo per\u00edodo do ano passado.<\/p>\n","protected":false},"author":1,"featured_media":0,"comment_status":"closed","ping_status":"open","sticky":false,"template":"","format":"standard","meta":{"_exactmetrics_skip_tracking":false,"_exactmetrics_sitenote_active":false,"_exactmetrics_sitenote_note":"","_exactmetrics_sitenote_category":0,"jetpack_post_was_ever_published":false,"_jetpack_newsletter_access":"","_jetpack_dont_email_post_to_subs":false,"_jetpack_newsletter_tier_id":0,"_jetpack_memberships_contains_paywalled_content":false,"_jetpack_memberships_contains_paid_content":false,"footnotes":"","jetpack_publicize_message":"","jetpack_publicize_feature_enabled":true,"jetpack_social_post_already_shared":true,"jetpack_social_options":{"image_generator_settings":{"template":"highway","enabled":false},"version":2}},"categories":[1],"tags":[],"class_list":["post-29382","post","type-post","status-publish","format-standard","hentry","category-notas"],"jetpack_publicize_connections":[],"jetpack_sharing_enabled":true,"jetpack_featured_media_url":"","jetpack_shortlink":"https:\/\/wp.me\/p7wKYW-7DU","jetpack-related-posts":[],"_links":{"self":[{"href":"http:\/\/blogdalucianaoliveira.com.br\/blog\/wp-json\/wp\/v2\/posts\/29382","targetHints":{"allow":["GET"]}}],"collection":[{"href":"http:\/\/blogdalucianaoliveira.com.br\/blog\/wp-json\/wp\/v2\/posts"}],"about":[{"href":"http:\/\/blogdalucianaoliveira.com.br\/blog\/wp-json\/wp\/v2\/types\/post"}],"author":[{"embeddable":true,"href":"http:\/\/blogdalucianaoliveira.com.br\/blog\/wp-json\/wp\/v2\/users\/1"}],"replies":[{"embeddable":true,"href":"http:\/\/blogdalucianaoliveira.com.br\/blog\/wp-json\/wp\/v2\/comments?post=29382"}],"version-history":[{"count":1,"href":"http:\/\/blogdalucianaoliveira.com.br\/blog\/wp-json\/wp\/v2\/posts\/29382\/revisions"}],"predecessor-version":[{"id":29383,"href":"http:\/\/blogdalucianaoliveira.com.br\/blog\/wp-json\/wp\/v2\/posts\/29382\/revisions\/29383"}],"wp:attachment":[{"href":"http:\/\/blogdalucianaoliveira.com.br\/blog\/wp-json\/wp\/v2\/media?parent=29382"}],"wp:term":[{"taxonomy":"category","embeddable":true,"href":"http:\/\/blogdalucianaoliveira.com.br\/blog\/wp-json\/wp\/v2\/categories?post=29382"},{"taxonomy":"post_tag","embeddable":true,"href":"http:\/\/blogdalucianaoliveira.com.br\/blog\/wp-json\/wp\/v2\/tags?post=29382"}],"curies":[{"name":"wp","href":"https:\/\/api.w.org\/{rel}","templated":true}]}}