{"id":29426,"date":"2020-08-07T11:46:31","date_gmt":"2020-08-07T15:46:31","guid":{"rendered":"http:\/\/blogdalucianaoliveira.com.br\/blog\/?p=29426"},"modified":"2020-08-07T11:46:34","modified_gmt":"2020-08-07T15:46:34","slug":"alerta-de-desmatamento-na-amazonia-sobe-345-em-um-ano-e-e-o-maior-em-5-anos-diz-inpe","status":"publish","type":"post","link":"http:\/\/blogdalucianaoliveira.com.br\/blog\/2020\/08\/07\/alerta-de-desmatamento-na-amazonia-sobe-345-em-um-ano-e-e-o-maior-em-5-anos-diz-inpe\/","title":{"rendered":"Alerta de desmatamento na Amaz\u00f4nia sobe 34,5% em um ano e \u00e9 o maior em 5 anos, diz Inpe"},"content":{"rendered":"\n<figure class=\"wp-block-image size-large is-resized\"><img data-recalc-dims=\"1\" loading=\"lazy\" decoding=\"async\" data-attachment-id=\"29427\" data-permalink=\"http:\/\/blogdalucianaoliveira.com.br\/blog\/2020\/08\/07\/alerta-de-desmatamento-na-amazonia-sobe-345-em-um-ano-e-e-o-maior-em-5-anos-diz-inpe\/image-7-14\/\" data-orig-file=\"https:\/\/i0.wp.com\/blogdalucianaoliveira.com.br\/blog\/wp-content\/uploads\/2020\/08\/image-7.jpeg?fit=300%2C168\" data-orig-size=\"300,168\" data-comments-opened=\"0\" data-image-meta=\"{&quot;aperture&quot;:&quot;0&quot;,&quot;credit&quot;:&quot;&quot;,&quot;camera&quot;:&quot;&quot;,&quot;caption&quot;:&quot;&quot;,&quot;created_timestamp&quot;:&quot;0&quot;,&quot;copyright&quot;:&quot;&quot;,&quot;focal_length&quot;:&quot;0&quot;,&quot;iso&quot;:&quot;0&quot;,&quot;shutter_speed&quot;:&quot;0&quot;,&quot;title&quot;:&quot;&quot;,&quot;orientation&quot;:&quot;0&quot;}\" data-image-title=\"image-7\" data-image-description=\"\" data-image-caption=\"\" data-medium-file=\"https:\/\/i0.wp.com\/blogdalucianaoliveira.com.br\/blog\/wp-content\/uploads\/2020\/08\/image-7.jpeg?fit=300%2C168\" data-large-file=\"https:\/\/i0.wp.com\/blogdalucianaoliveira.com.br\/blog\/wp-content\/uploads\/2020\/08\/image-7.jpeg?fit=300%2C168\" src=\"https:\/\/i0.wp.com\/blogdalucianaoliveira.com.br\/blog\/wp-content\/uploads\/2020\/08\/image-7.jpeg?resize=562%2C315\" alt=\"Alerta de desmatamento na Amaz\u00f4nia sobe e \u00e9 o maior em 5 anos, diz ...\" class=\"wp-image-29427\" width=\"562\" height=\"315\"\/><\/figure>\n\n\n\n<p>Julho teve a primeira queda depois de 14 altas consecutivas, mas n\u00e3o o suficiente para representar uma redu\u00e7\u00e3o no agregado do ano.<\/p>\n\n\n\n<!--more-->\n\n\n\n<p> Giovana Girardi e Julia Lindner, O Estado de S.Paulo<br><\/p>\n\n\n\n<p>S\u00c3O PAULO E BRAS\u00cdLIA &#8211; Em um ano, entre agosto do ano passado e julho deste ano, os alertas de&nbsp;<a href=\"https:\/\/tudo-sobre.estadao.com.br\/desmatamento\"><strong>desmatamento<\/strong><\/a>&nbsp;na&nbsp;<a href=\"https:\/\/tudo-sobre.estadao.com.br\/floresta-amazonica\"><strong>Amaz\u00f4nia<\/strong><\/a>&nbsp;tiveram um aumento de 34,5%, na compara\u00e7\u00e3o com os 12 meses anteriores. \u00c9 o maior valor dos \u00faltimos cinco anos, de acordo com dados divulgados nesta sexta-feira, 7, pelo Instituto Nacional de Pesquisas Espaciais (<a href=\"https:\/\/tudo-sobre.estadao.com.br\/inpe-instituto-nacional-de-pesquisas-espaciais\"><strong>Inpe<\/strong><\/a>).<\/p>\n\n\n\n<p>Dados do sistema Deter indicam que foram desmatados 9.205 km\u00b2 entre 1\u00ba de agosto de 2019 e 31 de julho de 2020, ante 6.844 km\u00b2 observados nos 12 meses anteriores \u2013 que tamb\u00e9m j\u00e1 era o maior n\u00famero da s\u00e9rie hist\u00f3rica at\u00e9 ent\u00e3o.<\/p>\n\n\n\n<figure class=\"wp-block-image\"><img data-recalc-dims=\"1\" decoding=\"async\" src=\"https:\/\/i0.wp.com\/img.estadao.com.br\/resources\/jpg\/0\/6\/1596804303560.jpg?w=600&#038;ssl=1\" alt=\"Evolu\u00e7\u00e3o do desmatamento\"\/><\/figure>\n\n\n\n<p><br><\/p>\n\n\n\n<p>Logo ap\u00f3s os dados serem divulgados, o vice-presidente da Rep\u00fablica, Hamilton Mour\u00e3o, que coordena o Conselho da Amaz\u00f4nia, afirmou que os&nbsp;<a href=\"https:\/\/sustentabilidade.estadao.com.br\/noticias\/geral,apos-alta-no-desmatamento-na-amazonia-mourao-critica-sistema-de-monitoramento,70003391442\"><strong>sistemas de monitoramento brasileiros &#8220;n\u00e3o s\u00e3o os melhores&#8221; e precisam ser aprimorados<\/strong><\/a>. Mour\u00e3o tamb\u00e9m disse que \u00e9 preciso resolver o &#8220;problema fundi\u00e1rio&#8221; da Amaz\u00f4nia para controlar a devasta\u00e7\u00e3o ambiental na regi\u00e3o&nbsp;<em>(leia mais abaixo)<\/em>.<\/p>\n\n\n\n<p>Com os n\u00fameros de julho, se encerra o chamado ano de refer\u00eancia do desmatamento da Amaz\u00f4nia, medido sempre nesse intervalo e que fornece a taxa anual oficial de devasta\u00e7\u00e3o da floresta. O Deter \u00e9 um sistema din\u00e2mico de monitoramento por sat\u00e9lite, que fornece em tempo real alertas para orientar a fiscaliza\u00e7\u00e3o em campo. Por conta disso, ele s\u00f3 indica uma tend\u00eancia do que est\u00e1 ocorrendo. Quem traz a taxa oficial de desmatamento \u00e9 outro sistema no Inpe, o Prodes, que \u201cv\u00ea\u201d mais e faz um retrato ainda mais dram\u00e1tico.<br><\/p>\n\n\n\n<p>No per\u00edodo de agosto de 2018 a julho de 2019, o&nbsp;<a href=\"https:\/\/sustentabilidade.estadao.com.br\/noticias\/geral,desmatamento-consolidado-da-amazonia-em-2019-superou-10-mil-km-afirma-inpe,70003329869\"><strong>Prodes apontou que a Amaz\u00f4nia perdeu 10.129 km\u00b2<\/strong><\/a>. O valor representa uma alta de 34,41% em rela\u00e7\u00e3o aos 12 meses anteriores. Entre agosto de 2017 e julho de 2018, a perda havia sido de 7.536 km\u00b2.&nbsp;<\/p>\n\n\n\n<p>Foi a maior taxa de devasta\u00e7\u00e3o da Amaz\u00f4nia desde 2008. Com a alta j\u00e1 indicada pelo Deter, a expectativa \u00e9 que o Prodes deste ano tamb\u00e9m feche com uma nova alta. De acordo com o Observat\u00f3rio do Clima, &#8220;se a varia\u00e7\u00e3o entre os dados do Deter e os do Prodes ficar na m\u00e9dia hist\u00f3rica, poderemos ter cerca de 13.000 quil\u00f4metros quadrados de desmatamento, a maior taxa desde 2006&#8221;. O dado deve ser apresentado em novembro.<\/p>\n\n\n\n<p>O Brasil tinha como meta internacional, como forma de ajudar a conter o&nbsp;<a href=\"https:\/\/tudo-sobre.estadao.com.br\/aquecimento-global\"><strong>aquecimento global<\/strong><\/a>,&nbsp;fechar o ano de 2020 com uma taxa de menos de 4 mil&nbsp;km\u00b2 e zerar o desmatamento ilegal at\u00e9 2030.<\/p>\n\n\n\n<p>A devasta\u00e7\u00e3o da floresta entrou em ritmo acelerado desde maio do ano passado, o que vem gerando press\u00e3o por parte de investidores estrangeiros e nacionais. Por 14 meses, os valores registrados foram superiores aos observados nos mesmos meses do ano anterior. Em sete deles, o valor foi o mais alto da s\u00e9rie hist\u00f3rica.<\/p>\n\n\n\n<h3 class=\"wp-block-heading\">Queda em julho<\/h3>\n\n\n\n<p>Julho apresentou a primeira queda no comparativo. O m\u00eas passado registrou uma perda de 1.654,32 km\u00b2, ante 2.255,33 km\u00b2 em julho de 2019. Ainda assim, trata-se do segundo pior julho da s\u00e9rie hist\u00f3rica do Deter, de cinco anos. Em julho de 2016 a perda registrada foi de 739,46 km\u00b2; em 2017 foi de 457,53 km\u00b2 e em 2018, 596,27 km\u00b2.&nbsp;<\/p>\n\n\n\n<figure class=\"wp-block-image\"><img data-recalc-dims=\"1\" decoding=\"async\" src=\"https:\/\/i0.wp.com\/img.estadao.com.br\/resources\/jpg\/6\/7\/1596804303676.jpg?w=600&#038;ssl=1\" alt=\"Evolu\u00e7\u00e3o do desmatamento\"\/><figcaption>Valor agregado de 12 meses \u00e9 o maior dos \u00faltimos cinco anos e 34,5% superior ao observado no mesmo per\u00edodo do ano passado Foto: Deter \/ Inpe<\/figcaption><\/figure>\n\n\n\n<p>Julho do ano passado teve o pior dos registros para todos os meses e foi considerado catastr\u00f3fico por especialistas \u2013 200% acima do pior valor para julho at\u00e9 ent\u00e3o (2016). O m\u00eas representou sozinho 33% de todos os alertas observados entre agosto de 2018 e julho de 2019. Mesmo os mais pessimistas n\u00e3o acreditavam que este ano repetiria aquele resultado, de modo que uma queda para o m\u00eas j\u00e1 era esperada.<\/p>\n\n\n\n<p>Desde maio, est\u00e1 em vigor uma opera\u00e7\u00e3o do Ex\u00e9rcito para impedir crimes ambientais na Amaz\u00f4nia. \u00c9 a Verde Brasil 2, iniciada em 11 de maio pelo Conselho da Amaz\u00f4nia e liderada por&nbsp;<a href=\"https:\/\/tudo-sobre.estadao.com.br\/antonio-hamilton-mourao\"><strong>Mour\u00e3o<\/strong><\/a>. Na quarta-feira, o&nbsp;general se adiantou em rela\u00e7\u00e3o \u00e0 divulga\u00e7\u00e3o do Inpe e divulgou os dados de julho em sua conta no Twitter, em tom de comemora\u00e7\u00e3o. O valor indicado por ele foi um pouco menor do que o apresentado nesta sexta pelo Inpe.<\/p>\n\n\n\n<p>\u201cA diminui\u00e7\u00e3o do desmatamento no #BiomaAmaz\u00f4nia ficou caracterizado pelo in\u00edcio da invers\u00e3o de tend\u00eancia como mostra o gr\u00e1fico abaixo, revelando resultados positivos da #Opera\u00e7\u00e3oVerdeBrasil2\u201d, escreveu Mour\u00e3o.<\/p>\n\n\n\n<figure class=\"wp-block-embed-twitter wp-block-embed is-type-rich is-provider-twitter\"><div class=\"wp-block-embed__wrapper\">\n<blockquote class=\"twitter-tweet\" data-width=\"550\" data-dnt=\"true\"><p lang=\"pt\" dir=\"ltr\">A diminui\u00e7\u00e3o do desmatamento no <a href=\"https:\/\/twitter.com\/hashtag\/BiomaAmaz%C3%B4nia?src=hash&amp;ref_src=twsrc%5Etfw\">#BiomaAmaz\u00f4nia<\/a> ficou caracterizado pelo in\u00edcio da invers\u00e3o de tend\u00eancia como mostra o gr\u00e1fico abaixo, revelando resultados positivos da <a href=\"https:\/\/twitter.com\/hashtag\/Opera%C3%A7%C3%A3oVerdeBrasil2?src=hash&amp;ref_src=twsrc%5Etfw\">#Opera\u00e7\u00e3oVerdeBrasil2<\/a>. <a href=\"https:\/\/t.co\/uiQ0X53gMu\">pic.twitter.com\/uiQ0X53gMu<\/a><\/p>&mdash; General Hamilton Mour\u00e3o (@GeneralMourao) <a href=\"https:\/\/twitter.com\/GeneralMourao\/status\/1291087284800978946?ref_src=twsrc%5Etfw\">August 5, 2020<\/a><\/blockquote><script async src=\"https:\/\/platform.twitter.com\/widgets.js\" charset=\"utf-8\"><\/script>\n<\/div><\/figure>\n","protected":false},"excerpt":{"rendered":"<p>Julho teve a primeira queda depois de 14 altas consecutivas, mas n\u00e3o o suficiente para representar uma redu\u00e7\u00e3o no agregado do ano.<\/p>\n","protected":false},"author":1,"featured_media":0,"comment_status":"closed","ping_status":"open","sticky":false,"template":"","format":"standard","meta":{"_exactmetrics_skip_tracking":false,"_exactmetrics_sitenote_active":false,"_exactmetrics_sitenote_note":"","_exactmetrics_sitenote_category":0,"jetpack_post_was_ever_published":false,"_jetpack_newsletter_access":"","_jetpack_dont_email_post_to_subs":false,"_jetpack_newsletter_tier_id":0,"_jetpack_memberships_contains_paywalled_content":false,"_jetpack_memberships_contains_paid_content":false,"footnotes":"","jetpack_publicize_message":"","jetpack_publicize_feature_enabled":true,"jetpack_social_post_already_shared":true,"jetpack_social_options":{"image_generator_settings":{"template":"highway","enabled":false},"version":2}},"categories":[1],"tags":[252,387],"class_list":["post-29426","post","type-post","status-publish","format-standard","hentry","category-notas","tag-amazonia","tag-desmatamento"],"jetpack_publicize_connections":[],"jetpack_sharing_enabled":true,"jetpack_featured_media_url":"","jetpack_shortlink":"https:\/\/wp.me\/p7wKYW-7EC","jetpack-related-posts":[],"_links":{"self":[{"href":"http:\/\/blogdalucianaoliveira.com.br\/blog\/wp-json\/wp\/v2\/posts\/29426","targetHints":{"allow":["GET"]}}],"collection":[{"href":"http:\/\/blogdalucianaoliveira.com.br\/blog\/wp-json\/wp\/v2\/posts"}],"about":[{"href":"http:\/\/blogdalucianaoliveira.com.br\/blog\/wp-json\/wp\/v2\/types\/post"}],"author":[{"embeddable":true,"href":"http:\/\/blogdalucianaoliveira.com.br\/blog\/wp-json\/wp\/v2\/users\/1"}],"replies":[{"embeddable":true,"href":"http:\/\/blogdalucianaoliveira.com.br\/blog\/wp-json\/wp\/v2\/comments?post=29426"}],"version-history":[{"count":1,"href":"http:\/\/blogdalucianaoliveira.com.br\/blog\/wp-json\/wp\/v2\/posts\/29426\/revisions"}],"predecessor-version":[{"id":29428,"href":"http:\/\/blogdalucianaoliveira.com.br\/blog\/wp-json\/wp\/v2\/posts\/29426\/revisions\/29428"}],"wp:attachment":[{"href":"http:\/\/blogdalucianaoliveira.com.br\/blog\/wp-json\/wp\/v2\/media?parent=29426"}],"wp:term":[{"taxonomy":"category","embeddable":true,"href":"http:\/\/blogdalucianaoliveira.com.br\/blog\/wp-json\/wp\/v2\/categories?post=29426"},{"taxonomy":"post_tag","embeddable":true,"href":"http:\/\/blogdalucianaoliveira.com.br\/blog\/wp-json\/wp\/v2\/tags?post=29426"}],"curies":[{"name":"wp","href":"https:\/\/api.w.org\/{rel}","templated":true}]}}