{"id":29429,"date":"2020-08-07T12:04:40","date_gmt":"2020-08-07T16:04:40","guid":{"rendered":"http:\/\/blogdalucianaoliveira.com.br\/blog\/?p=29429"},"modified":"2020-08-07T12:05:53","modified_gmt":"2020-08-07T16:05:53","slug":"blo-entrevista-saude-publica-e-pandemia-em-porto-velho","status":"publish","type":"post","link":"http:\/\/blogdalucianaoliveira.com.br\/blog\/2020\/08\/07\/blo-entrevista-saude-publica-e-pandemia-em-porto-velho\/","title":{"rendered":"BLO ENTREVISTA: S\u00e1ude P\u00fablica e pandemia em Porto Velho"},"content":{"rendered":"\n<figure class=\"wp-block-image size-large\"><img data-recalc-dims=\"1\" loading=\"lazy\" decoding=\"async\" width=\"600\" height=\"600\" data-attachment-id=\"29430\" data-permalink=\"http:\/\/blogdalucianaoliveira.com.br\/blog\/2020\/08\/07\/blo-entrevista-saude-publica-e-pandemia-em-porto-velho\/live\/\" data-orig-file=\"https:\/\/i0.wp.com\/blogdalucianaoliveira.com.br\/blog\/wp-content\/uploads\/2020\/08\/live.jpeg?fit=1000%2C1000\" data-orig-size=\"1000,1000\" data-comments-opened=\"0\" data-image-meta=\"{&quot;aperture&quot;:&quot;0&quot;,&quot;credit&quot;:&quot;&quot;,&quot;camera&quot;:&quot;&quot;,&quot;caption&quot;:&quot;&quot;,&quot;created_timestamp&quot;:&quot;0&quot;,&quot;copyright&quot;:&quot;&quot;,&quot;focal_length&quot;:&quot;0&quot;,&quot;iso&quot;:&quot;0&quot;,&quot;shutter_speed&quot;:&quot;0&quot;,&quot;title&quot;:&quot;&quot;,&quot;orientation&quot;:&quot;0&quot;}\" data-image-title=\"live\" data-image-description=\"\" data-image-caption=\"\" data-medium-file=\"https:\/\/i0.wp.com\/blogdalucianaoliveira.com.br\/blog\/wp-content\/uploads\/2020\/08\/live.jpeg?fit=300%2C300\" data-large-file=\"https:\/\/i0.wp.com\/blogdalucianaoliveira.com.br\/blog\/wp-content\/uploads\/2020\/08\/live.jpeg?fit=600%2C600\" src=\"https:\/\/i0.wp.com\/blogdalucianaoliveira.com.br\/blog\/wp-content\/uploads\/2020\/08\/live.jpeg?resize=600%2C600\" alt=\"\" class=\"wp-image-29430\" srcset=\"https:\/\/i0.wp.com\/blogdalucianaoliveira.com.br\/blog\/wp-content\/uploads\/2020\/08\/live.jpeg?w=1000 1000w, https:\/\/i0.wp.com\/blogdalucianaoliveira.com.br\/blog\/wp-content\/uploads\/2020\/08\/live.jpeg?resize=300%2C300 300w, https:\/\/i0.wp.com\/blogdalucianaoliveira.com.br\/blog\/wp-content\/uploads\/2020\/08\/live.jpeg?resize=150%2C150 150w, https:\/\/i0.wp.com\/blogdalucianaoliveira.com.br\/blog\/wp-content\/uploads\/2020\/08\/live.jpeg?resize=768%2C768 768w\" sizes=\"auto, (max-width: 600px) 100vw, 600px\" \/><\/figure>\n\n\n\n<p>Nesta sexta-feira, 7, o BLOG DA LUCIANA OLIVEIRA vai falar de sa\u00fade p\u00fablica,\u00a0 da pandemia, especificamente do seu impacto em Porto Velho que segundo boletim da Sesau do dia 06, tem 23.185 casos confirmados e 572 \u00f3bitos por Covid-19.<\/p>\n\n\n\n<!--more-->\n\n\n\n<p>Voc\u00ea acha que precisar\u00edamos\nter chegado a n\u00fameros t\u00e3o alarmantes?<\/p>\n\n\n\n<p>O comportamento da popula\u00e7\u00e3o e as decis\u00f5es pol\u00edticas no controle da doen\u00e7a contribu\u00edram para o seu espalhamento?<\/p>\n\n\n\n<p>Logo teremos elei\u00e7\u00f5es e um\nnovo prefeito e vereadores, qual postura voc\u00ea espera deles ap\u00f3s ter visto a\nprecariedade da rede municipal de sa\u00fade numa crise sanit\u00e1ria?<\/p>\n\n\n\n<p>Nosso bate papo hoje \u00e9 com 3 pr\u00e9-candidatos a prefeito:<\/p>\n\n\n\n<p>Vin\u00edcius Miguel, do Cidadania<\/p>\n\n\n\n<p>Williames Pimentel do MDB<\/p>\n\n\n\n<p>E Ramon Cujui do PT.<\/p>\n","protected":false},"excerpt":{"rendered":"<p>Nesta sexta-feira, 7, o BLOG DA LUCIANA OLIVEIRA vai falar de sa\u00fade p\u00fablica,\u00a0 da pandemia, especificamente do seu impacto em Porto Velho que segundo boletim da Sesau do dia 06, tem 23.185 casos confirmados e 572 \u00f3bitos por Covid-19.<\/p>\n","protected":false},"author":1,"featured_media":0,"comment_status":"closed","ping_status":"open","sticky":false,"template":"","format":"standard","meta":{"_exactmetrics_skip_tracking":false,"_exactmetrics_sitenote_active":false,"_exactmetrics_sitenote_note":"","_exactmetrics_sitenote_category":0,"jetpack_post_was_ever_published":false,"_jetpack_newsletter_access":"","_jetpack_dont_email_post_to_subs":false,"_jetpack_newsletter_tier_id":0,"_jetpack_memberships_contains_paywalled_content":false,"_jetpack_memberships_contains_paid_content":false,"footnotes":"","jetpack_publicize_message":"","jetpack_publicize_feature_enabled":true,"jetpack_social_post_already_shared":true,"jetpack_social_options":{"image_generator_settings":{"template":"highway","enabled":false},"version":2}},"categories":[1],"tags":[394,396,395,397],"class_list":["post-29429","post","type-post","status-publish","format-standard","hentry","category-notas","tag-entrevista","tag-ramon-cujui","tag-vincius-miguel","tag-williames-pimentel"],"jetpack_publicize_connections":[],"jetpack_sharing_enabled":true,"jetpack_featured_media_url":"","jetpack_shortlink":"https:\/\/wp.me\/p7wKYW-7EF","jetpack-related-posts":[],"_links":{"self":[{"href":"http:\/\/blogdalucianaoliveira.com.br\/blog\/wp-json\/wp\/v2\/posts\/29429","targetHints":{"allow":["GET"]}}],"collection":[{"href":"http:\/\/blogdalucianaoliveira.com.br\/blog\/wp-json\/wp\/v2\/posts"}],"about":[{"href":"http:\/\/blogdalucianaoliveira.com.br\/blog\/wp-json\/wp\/v2\/types\/post"}],"author":[{"embeddable":true,"href":"http:\/\/blogdalucianaoliveira.com.br\/blog\/wp-json\/wp\/v2\/users\/1"}],"replies":[{"embeddable":true,"href":"http:\/\/blogdalucianaoliveira.com.br\/blog\/wp-json\/wp\/v2\/comments?post=29429"}],"version-history":[{"count":1,"href":"http:\/\/blogdalucianaoliveira.com.br\/blog\/wp-json\/wp\/v2\/posts\/29429\/revisions"}],"predecessor-version":[{"id":29431,"href":"http:\/\/blogdalucianaoliveira.com.br\/blog\/wp-json\/wp\/v2\/posts\/29429\/revisions\/29431"}],"wp:attachment":[{"href":"http:\/\/blogdalucianaoliveira.com.br\/blog\/wp-json\/wp\/v2\/media?parent=29429"}],"wp:term":[{"taxonomy":"category","embeddable":true,"href":"http:\/\/blogdalucianaoliveira.com.br\/blog\/wp-json\/wp\/v2\/categories?post=29429"},{"taxonomy":"post_tag","embeddable":true,"href":"http:\/\/blogdalucianaoliveira.com.br\/blog\/wp-json\/wp\/v2\/tags?post=29429"}],"curies":[{"name":"wp","href":"https:\/\/api.w.org\/{rel}","templated":true}]}}