{"id":29449,"date":"2020-08-10T07:30:39","date_gmt":"2020-08-10T11:30:39","guid":{"rendered":"http:\/\/blogdalucianaoliveira.com.br\/blog\/?p=29449"},"modified":"2020-08-10T07:30:43","modified_gmt":"2020-08-10T11:30:43","slug":"amazonia-em-chamas-20-tudo-que-vai-queimar-esta-pela-frente-diz-setzer-sobre-a-temporada-do-fogo","status":"publish","type":"post","link":"http:\/\/blogdalucianaoliveira.com.br\/blog\/2020\/08\/10\/amazonia-em-chamas-20-tudo-que-vai-queimar-esta-pela-frente-diz-setzer-sobre-a-temporada-do-fogo\/","title":{"rendered":"Amaz\u00f4nia em Chamas 20: \u201cTudo que vai queimar est\u00e1 pela frente\u201d, diz Setzer sobre a temporada do fogo"},"content":{"rendered":"\n<figure class=\"wp-block-image size-large\"><img loading=\"lazy\" decoding=\"async\" width=\"2000\" height=\"1213\" data-attachment-id=\"29450\" data-permalink=\"http:\/\/blogdalucianaoliveira.com.br\/blog\/2020\/08\/10\/amazonia-em-chamas-20-tudo-que-vai-queimar-esta-pela-frente-diz-setzer-sobre-a-temporada-do-fogo\/desmatamento-e-queimdas-2020\/\" data-orig-file=\"https:\/\/i0.wp.com\/blogdalucianaoliveira.com.br\/blog\/wp-content\/uploads\/2020\/08\/image-10.jpeg?fit=2000%2C1213\" data-orig-size=\"2000,1213\" data-comments-opened=\"0\" data-image-meta=\"{&quot;aperture&quot;:&quot;5&quot;,&quot;credit&quot;:&quot;&quot;,&quot;camera&quot;:&quot;Canon EOS 5D Mark IV&quot;,&quot;caption&quot;:&quot;Imagem aerea de queimda na Floresta Nacional do Jacunda, em Rondonia . 07 de agosto de 2020. Foto Bruno Kelly\\\/Amazonia Real.&quot;,&quot;created_timestamp&quot;:&quot;1596814093&quot;,&quot;copyright&quot;:&quot;&quot;,&quot;focal_length&quot;:&quot;40&quot;,&quot;iso&quot;:&quot;400&quot;,&quot;shutter_speed&quot;:&quot;0.0003125&quot;,&quot;title&quot;:&quot;Desmatamento e Queimdas 2020&quot;,&quot;orientation&quot;:&quot;1&quot;}\" data-image-title=\"Desmatamento e Queimdas 2020\" data-image-description=\"\" data-image-caption=\"&lt;p&gt;Imagem aerea de queimda na Floresta Nacional do Jacunda, em Rondonia . 07 de agosto de 2020. Foto Bruno Kelly\/Amazonia Real.&lt;\/p&gt;\n\" data-medium-file=\"https:\/\/i0.wp.com\/blogdalucianaoliveira.com.br\/blog\/wp-content\/uploads\/2020\/08\/image-10.jpeg?fit=300%2C182\" data-large-file=\"https:\/\/i0.wp.com\/blogdalucianaoliveira.com.br\/blog\/wp-content\/uploads\/2020\/08\/image-10.jpeg?fit=600%2C364\" src=\"https:\/\/i2.wp.com\/blogdalucianaoliveira.com.br\/blog\/wp-content\/uploads\/2020\/08\/image-10.jpeg?fit=600%2C364\" alt=\"\" class=\"wp-image-29450\" srcset=\"https:\/\/i0.wp.com\/blogdalucianaoliveira.com.br\/blog\/wp-content\/uploads\/2020\/08\/image-10.jpeg?w=2000 2000w, https:\/\/i0.wp.com\/blogdalucianaoliveira.com.br\/blog\/wp-content\/uploads\/2020\/08\/image-10.jpeg?resize=300%2C182 300w, https:\/\/i0.wp.com\/blogdalucianaoliveira.com.br\/blog\/wp-content\/uploads\/2020\/08\/image-10.jpeg?resize=1024%2C621 1024w, https:\/\/i0.wp.com\/blogdalucianaoliveira.com.br\/blog\/wp-content\/uploads\/2020\/08\/image-10.jpeg?resize=768%2C466 768w, https:\/\/i0.wp.com\/blogdalucianaoliveira.com.br\/blog\/wp-content\/uploads\/2020\/08\/image-10.jpeg?resize=1536%2C932 1536w, https:\/\/i0.wp.com\/blogdalucianaoliveira.com.br\/blog\/wp-content\/uploads\/2020\/08\/image-10.jpeg?resize=495%2C300 495w, https:\/\/i0.wp.com\/blogdalucianaoliveira.com.br\/blog\/wp-content\/uploads\/2020\/08\/image-10.jpeg?w=1200 1200w, https:\/\/i0.wp.com\/blogdalucianaoliveira.com.br\/blog\/wp-content\/uploads\/2020\/08\/image-10.jpeg?w=1800 1800w\" sizes=\"auto, (max-width: 600px) 100vw, 600px\" \/><figcaption>Imagem aerea de queimda na Floresta Nacional do Jacunda, em Rondonia . 07 de agosto de 2020. Foto Bruno Kelly\/Amazonia Real.<\/figcaption><\/figure>\n\n\n\n<p><em>A queimada acima foi vista durante um sobrevoo particular, realizado pela ag\u00eancia Amaz\u00f4nia Real, nos limites da Floresta Nacional do Jacund\u00e1, em Rond\u00f4nia&nbsp;<\/em><\/p>\n\n\n\n<p><em>(Foto de Bruno Kelly\/Amaz\u00f4nia Real\/07\/08\/2020)&nbsp;<\/em><\/p>\n\n\n\n<hr class=\"wp-block-separator\"\/>\n\n\n\n<p><strong>Ela\u00edze Farias&nbsp;e F\u00e1bio Pontes, da Amaz\u00f4nia Real<\/strong><\/p>\n\n\n\n<!--more-->\n\n\n\n<p><strong>Manaus (AM) e Rio Branco (AC) \u2013&nbsp;<\/strong>No dia 19 de agosto completar\u00e1 um ano em que o Brasil viu, assustado,&nbsp;<a rel=\"noreferrer noopener\" href=\"https:\/\/amazoniareal.com.br\/amazonia-em-chamas-fumaca-das-queimadas-avanca-sobre-a-regiao-sudeste\/\" target=\"_blank\">uma enorme fuma\u00e7a das queimadas&nbsp;<\/a>da Floresta Amaz\u00f4nica pairar pela atmosfera de S\u00e3o Paulo. Em 2019, o monitoramento por sat\u00e9lite realizado pelo Instituto Nacional de Pesquisas Espaciais (Inpe) registrou 89.176 focos ativos de calor no bioma. Cobrado internacionalmente para impedir o avan\u00e7o da destrui\u00e7\u00e3o da floresta, o&nbsp;<a rel=\"noreferrer noopener\" href=\"https:\/\/amazoniareal.com.br\/amazonia-em-chamas-manifestacoes-a-favor-da-floresta-amazonica-se-espalham-pelo-mundo\/\" target=\"_blank\">presidente Jair Bolsonaro (sem partido)<\/a>, autorizou o emprego das For\u00e7as Armadas para a Garantia da Lei e da Ordem (GLO).<\/p>\n\n\n\n<p>Os militares combateram 1.835 focos de inc\u00eandios na Amaz\u00f4nia numa opera\u00e7\u00e3o que custou aos cofres p\u00fablicos R$ 123,3 milh\u00f5es. A GLO foi prorrogada por Bolsonaro&nbsp;<a rel=\"noreferrer noopener\" href=\"https:\/\/g1.globo.com\/politica\/noticia\/2020\/07\/09\/governo-decide-prorrogar-ate-novembro-presenca-das-forcas-armadas-na-amazonia-legal.ghtml\" target=\"_blank\">at\u00e9 6 de novembro<\/a>&nbsp;de 2020, mas os principais respons\u00e1veis pelo fogo \u2013 os fazendeiros do agroneg\u00f3cio, os grileiros, os garimpeiros e madeireiros ilegais -, continuam impunes, queimando a floresta sob o aval do Minist\u00e9rio do Meio Ambiente, chefiado pelo ministro Ricardo Salles.&nbsp;<\/p>\n\n\n\n<p>Coincidentemente, o aumento das queimadas na Amaz\u00f4nia neste ano, aconteceu na mesma semana em que Bolsonaro decretou a proibi\u00e7\u00e3o da queima de floresta para a agropecu\u00e1ria por 120 dias. A medida n\u00e3o fala em puni\u00e7\u00e3o para quem desobedecer a ordem. O&nbsp;<a rel=\"noreferrer noopener\" href=\"https:\/\/www.in.gov.br\/en\/web\/dou\/-\/decreto-n-10.424-de-15-de-julho-de-2020-267035345\" target=\"_blank\">decreto 10.420&nbsp;<\/a>foi publicado no dia 16 de julho de 2020 no Di\u00e1rio Oficial da Uni\u00e3o.<\/p>\n\n\n\n<p>A chamada \u201ctemporada do fogo\u201d ou \u201ctemporada de queimadas\u201d come\u00e7a a ficar mais intensa no m\u00eas de agosto, que \u00e9 quando a regi\u00e3o amaz\u00f4nica est\u00e1 na esta\u00e7\u00e3o da seca e acontece a vazante dos rios ou descida das \u00e1guas. S\u00e3o os meses com diminui\u00e7\u00e3o de chuva na regi\u00e3o ou estiagem, potencializando as queimadas e os inc\u00eandios florestais, a maioria deles provocado por produtores rurais e invasores de terras p\u00fablicas.<\/p>\n\n\n\n<p>De 1\u00ba de janeiro a 8 de agosto deste ano, o<a rel=\"noreferrer noopener\" href=\"http:\/\/queimadas.dgi.inpe.br\/queimadas\/portal-static\/situacao-atual\/\" target=\"_blank\">&nbsp;Inpe detectou 34.393 focos<\/a>&nbsp;de queimadas na Amaz\u00f4nia, um aumento de 1% em rela\u00e7\u00e3o ao mesmo per\u00edodo de 2019, que foi de 33.999 focos neste per\u00edodo. Mas quando s\u00e3o comparados os \u00edndices de queimadas nestes per\u00edodos por estados da regi\u00e3o, \u00e9 poss\u00edvel identificar a dimens\u00e3o do alcance das queimadas. O Par\u00e1 teve alta de 73%, o Amazonas de 48%, o Mato Grosso e Maranh\u00e3o 8%, cada um.<\/p>\n\n\n\n<figure class=\"wp-block-image\"><img data-recalc-dims=\"1\" height=\"293\" width=\"600\" decoding=\"async\" src=\"https:\/\/i0.wp.com\/amazoniareal.com.br\/wp-content\/uploads\/2020\/08\/grafico-jan-ago-19e20b_01-1024x500.jpg?resize=600%2C293\" alt=\"\" class=\"wp-image-59726\"\/><\/figure>\n\n\n\n\n\n<p>Frente a um cen\u00e1rio que aponta um crescimento das queimadas em agosto e no pr\u00f3ximo m\u00eas de setembro, o coordenador de monitoramento de queimadas do Inpe, pesquisador Alberto Setzer, alerta que o per\u00edodo de queimadas na Amaz\u00f4nia est\u00e1 apenas come\u00e7ando. Para ele, pode ocorrer um evolu\u00e7\u00e3o dos focos se as autoridades p\u00fablicas n\u00e3o tomarem medidas de diminui\u00e7\u00e3o do fogo.<\/p>\n\n\n\n<p>\u201cO maior n\u00famero de detec\u00e7\u00f5es de queimadas ocorrem em agosto, setembro e outubro. Estamos ainda numa situa\u00e7\u00e3o muito antes do que se possa vir a acontecer. De 70% a 80% de tudo que vai queimar est\u00e1 pela frente. Ainda n\u00e3o sabemos o que pode acontecer. N\u00e3o sabemos como a situa\u00e7\u00e3o vai evoluir\u201d, disse o especialista \u00e0&nbsp;<strong>Amaz\u00f4nia Real<\/strong>.<\/p>\n\n\n\n<p>No in\u00edcio da semana passada, o Inpe identificou nuvens de at\u00e9 100 quil\u00f4metros de extens\u00e3o em \u00e1reas dos munic\u00edpios de Altamira e Jacareacanga, no Par\u00e1, ao longo da BR-163. \u201cPara se gerar uma nuvem de fuma\u00e7a t\u00e3o densa, n\u00e3o \u00e9 apenas uma queimada de pastagem ou uma ro\u00e7a. Tem que ser de muita mat\u00e9ria org\u00e2nica e floresta\u201d, explicou Setzer.<\/p>\n\n\n\n<p>Outro munic\u00edpio do Par\u00e1 cr\u00edtico durante o per\u00edodo das queimadas \u2013 Novo Progresso \u2013 j\u00e1 apresenta grandes focos neste per\u00edodo. No temporada do fogo de 2019, a regi\u00e3o ficou conhecida internacionalmente quando fazendeiros e madeireiros organizaram, em dia 10 de agosto, o&nbsp;<a rel=\"noreferrer noopener\" href=\"https:\/\/amazoniareal.com.br\/para-chefe-de-fiscalizacao-do-ibama-envolvidos-no-dia-do-fogo-se-uniram-para-queimar-a-floresta\/\" target=\"_blank\">Dia do Fogo<\/a>. Um ano depois, ningu\u00e9m foi preso por atear combust\u00edvel nas florestas.&nbsp;<\/p>\n\n\n\n<p>\u201cEst\u00e1 ocorrendo uma extensa queimada e um grande desmate no sul do Par\u00e1, na regi\u00e3o de Novo Progresso. Os n\u00fameros s\u00e3o grandes e vistos por sat\u00e9lites que est\u00e3o muito distantes, que s\u00f3 pegam situa\u00e7\u00f5es mais intensas. Isso mostra que \u00e9 um evento muito grande\u201d, destacou Alberto Setzer sobre o que acontece neste m\u00eas de agosto na regi\u00e3o.<\/p>\n\n\n\n<p>Na \u00faltima sexta-feira (7), a ag\u00eancia\u00a0<strong>Amaz\u00f4nia Real<\/strong>\u00a0realizou, pela primeira vez em sete anos de atividades, um sobrevoo particular em \u00e1reas de desmatamentos em queimadas na regi\u00e3o amaz\u00f4nica. Em Rond\u00f4nia, nos limites da Floresta Nacional do Jacund\u00e1, a meia hora de voo de Porto Velho, o fot\u00f3grafo Bruno Kelly registrou o fogo em \u00e1reas de desmates.\u00a0 Em 2019, Ex\u00e9rcito montou a base da Opera\u00e7\u00e3o Verde Brasil junto a uma estrutura da empresa Madeflona que tem a concess\u00e3o florestal na Flona Jacund\u00e1.<\/p>\n\n\n\n<figure class=\"wp-block-embed-youtube wp-block-embed is-type-video is-provider-youtube wp-embed-aspect-16-9 wp-has-aspect-ratio\"><div class=\"wp-block-embed__wrapper\">\n<div class=\"jetpack-video-wrapper\"><iframe loading=\"lazy\" title=\"Sobrevoo da Amaz\u00f4nia Real avista queimadas em Rond\u00f4nia\" width=\"600\" height=\"338\" src=\"https:\/\/www.youtube.com\/embed\/oB0cNl45qqA?feature=oembed\" frameborder=\"0\" allow=\"accelerometer; autoplay; clipboard-write; encrypted-media; gyroscope; picture-in-picture; web-share\" referrerpolicy=\"strict-origin-when-cross-origin\" allowfullscreen><\/iframe><\/div>\n<\/div><\/figure>\n\n\n\n<h4 class=\"wp-block-heading\"><strong>Alerta no desmatamento<\/strong><\/h4>\n\n\n\n<figure class=\"wp-block-image\"><img data-recalc-dims=\"1\" height=\"463\" width=\"600\" decoding=\"async\" src=\"https:\/\/i0.wp.com\/amazoniareal.com.br\/wp-content\/uploads\/2020\/08\/mapaDesmatamentoAmazoniaLegal-1024x790.png?resize=600%2C463\" alt=\"\" class=\"wp-image-59715\"\/><\/figure>\n\n\n\n<p>O aumento das queimadas na Amaz\u00f4nia este ano tem como resultado a alta de 33% nos n\u00edveis do desmatamento da floresta no acumulado de 12 meses entre agosto de 2019 a julho de 2020 \u2013 \u00e9 o pior \u00edndice em cinco anos, segundo os dados do&nbsp;<a href=\"https:\/\/amazoniareal.com.br\/entenda-os-sistemas-de-monitoramento-da-floresta-amazonica\/\" target=\"_blank\" rel=\"noreferrer noopener\">Prodes, projeto de monitoramento do desmatamento<\/a>&nbsp;por corte raso na Amaz\u00f4nia Legal do Inpe.&nbsp;<\/p>\n\n\n\n<p>As chances de o fogo colocado em \u00e1reas agr\u00edcolas ou rec\u00e9m-desmatadas sair do controle e entrar na floresta s\u00e3o altas por conta dos dias prolongados sem chuvas, das temperaturas elevadas e da baixa umidade relativa do ar.<\/p>\n\n\n\n<p>Levantamento do Instituto de Pesquisa Ambiental da Amaz\u00f4nia (Ipam) aponta que no ano passado, o fogo na vegeta\u00e7\u00e3o derrubada havia pouco tempo representou 34% do total de focos registrados. O n\u00famero \u00e9 pr\u00f3ximo do detectado para fins de agricultura e pecu\u00e1ria: 36%.<\/p>\n\n\n\n<p>Em 2019, Roraima foi o estado com a maior quantidade de floresta rec\u00e9m-desmatada que queimou e tamb\u00e9m de floresta nativa incendiada.<\/p>\n\n\n\n<p>Segundo Ane Alencar, pesquisadora do Ipam e especialista na din\u00e2mica do fogo, ainda n\u00e3o \u00e9 poss\u00edvel medir o quanto das queimadas de 2020 ocorreram em \u00e1reas de novos desmatamentos. Ela diz que, a maioria das queimas este ano \u00e9 em \u00e1reas abertas, usadas para agricultura ou cria\u00e7\u00e3o de animais. Uma das constata\u00e7\u00f5es do estudo coordenado por ela \u00e9 a incid\u00eancia de fogo em m\u00e9dias e grandes propriedades.<\/p>\n\n\n\n<p>\u201cEste ano temos uma propor\u00e7\u00e3o de queimadas mais em \u00e1reas abertas porque ainda n\u00e3o come\u00e7ou a temporada do fogo. O que nos surpreendeu \u00e9 que grande parte, 70% de todo o fogo que ocorreu [at\u00e9 junho] em im\u00f3veis rurais, e neste montante a grande maioria em im\u00f3veis rurais acima de quatro m\u00f3dulos fiscais. Isso significa que a maior parte do fogo registrado nos seis primeiros meses do ano foi em m\u00e9dias e grandes propriedades\u201d, diz Ane Alencar.<\/p>\n\n\n\n<p>A partir de agosto, diz a especialistas, a tend\u00eancia \u00e9 de se observar o aumento nos casos de queimadas em florestas recentemente desmatadas. \u201cO desmatamento que vai alimentar a esta\u00e7\u00e3o do fogo esse ano ele j\u00e1 aconteceu. Se o governo conseguiu reduzir alguma coisa conseguiu reduzir muito tarde. Essa redu\u00e7\u00e3o tinha de ocorrer desde o fim do ano passado\u201d, afirma Ane Alencar.<\/p>\n\n\n\n\n\n<h4 class=\"wp-block-heading\"><strong>A resist\u00eancia de Salles<\/strong><\/h4>\n\n\n\n<figure class=\"wp-block-image\"><img data-recalc-dims=\"1\" height=\"400\" width=\"600\" decoding=\"async\" src=\"https:\/\/i0.wp.com\/amazoniareal.com.br\/wp-content\/uploads\/2020\/08\/Amaz%25C3%25B4nia-em-Chamas-2020-Rond%25C3%25B4nia_-Foto-Bruno-Kelly-6-1024x683.jpg?resize=600%2C400\" alt=\"\" class=\"wp-image-59559\"\/><figcaption>Sobrevoo avistou queimada pr\u00f3xima \u00e0 Flona Jacund\u00e1, em Rond\u00f4nia<br>(Foto Bruno Kelly\/Amaz\u00f4nia Real\/07\/08\/2020)<\/figcaption><\/figure>\n\n\n\n<hr class=\"wp-block-separator\"\/>\n\n\n\n<p>Para frear os desmatamentos e as queimadas, o governo Bolsonaro anunciou um investimento da segunda fase da Opera\u00e7\u00e3o Verde Brasil 2 de R$ 130 milh\u00f5es.&nbsp;O esfor\u00e7o vai de encontro na resist\u00eancia do ministro do Meio Ambiente, Ricardo Salles, em realizar a\u00e7\u00f5es que aumentem os investimentos em \u00f3rg\u00e3os essenciais de fiscaliza\u00e7\u00e3o como o Instituto Brasileiro do Meio Ambiente e dos Recursos Naturais Renov\u00e1veis (Ibama) e o Instituto Chico Mendes de Conserva\u00e7\u00e3o da Biodiversidade (ICMBio).<\/p>\n\n\n\n<p>O jornal&nbsp;<em>O Estado de S. Paulo<\/em>&nbsp;divulgou um documento em que Salles sugeriu ao Minist\u00e9rio da Economia sugeriu acabar com a meta de redu\u00e7\u00e3o de 90% do desmatamento e inc\u00eandios ilegais em todo o pa\u00eds entre 2020 e 2023, conforme o estabelecido no Programa de Preven\u00e7\u00e3o e Controle do Desmatamento e dos Inc\u00eandios nos Biomas no Plano Plurianual (PPSA) da Uni\u00e3o entre os anos 2020 a 2023 no pa\u00eds. O ministro questiona que a meta foi inclu\u00edda no PPA por emenda parlamentar. \u201cN\u00e3o se definiu indicador para o Programa, sendo os campos referentes ao indicar e demais atributos no Sistema Integrado de Planejamento e Or\u00e7amento do Governo Federal (SIOP) continuam sem preenchimento\u201d, diz o documento, que a ag\u00eancia&nbsp;<strong>Amaz\u00f4nia Real<\/strong>, tamb\u00e9m teve acesso.<\/p>\n\n\n\n<p>Na proposta, o ministro sugeriu \u201cconservar 390 mil hectares de floresta nativa no bioma amaz\u00f4nica por meio do Projeto FLORESTA +&nbsp; Amaz\u00f4nia\u201d, diz o documento. No entanto, a brecha encontrada por Salles foi rejeitada pela \u00e1rea t\u00e9cnica do Minist\u00e9rio da Economia (ME). Em Nota T\u00e9cnica, o ME alegou que \u201ca proposta encaminhada (pelo MMA) n\u00e3o est\u00e1 adequada ao que almeja para as metas do PPA, tendo em vista que, ao nosso ver, n\u00e3o enfrenta, com a abrang\u00eancia e grau de efetividade necess\u00e1rios, a causa do problema\u201d.<\/p>\n\n\n\n<p>\u201cConsiderando que a Amaz\u00f4nia brasileira tem cerca de 5,5 milh\u00f5es de quil\u00f4metros quadrados, e que o Programa Floresta+ \u00e9 um Projeto Piloto para pagamentos de servi\u00e7os florestais, tem-se que a meta proposta para o combate ao desmatamento e inc\u00eandio florestal no pa\u00eds objetiva proteger 0,07% da cobertura florestal amaz\u00f4nica com um projeto piloto de pagamento de servi\u00e7os ambientais da floresta. Dessa maneira, acreditamos que o Programa Floresta+ \u00e9 relevante, por\u00e9m insuficiente\u201d, diz outro trecho da Nota T\u00e9cnica do ME.<\/p>\n\n\n\n<p>\u201cA despeito disso [da nova meta], recomenda-se aguardar o momento de revis\u00e3o dos atributos da Lei do PPA, que est\u00e1 previsto para ocorrer a partir de meados de agosto de 2020\u201d, concluiu o Minist\u00e9rio da Economia.<\/p>\n\n\n\n<p>Em vez de investir nos equipamentos de fiscaliza\u00e7\u00e3o do Ibama e do ICMBio, o governo Bolsonaro repassou \u00e0s For\u00e7as Armadas este ano R$ 7,5 milh\u00f5es para a segunda fase da Opera\u00e7\u00e3o Verde Brasil 2, conforme informa\u00e7\u00f5es da da assessoria de imprensa do vice-presidente da Rep\u00fablica, general Hamilton Mour\u00e3o, tamb\u00e9m coordenador do Conselho da Amaz\u00f4nia e da opera\u00e7\u00e3o.<\/p>\n\n\n\n<p>A ostensiva presen\u00e7a de militares na Amaz\u00f4nia \u00e9 questionada por ambientalistas e fiscais ambientais. \u00c0 reportagem, um&nbsp;servidor&nbsp;do Ibama, que pediu sigilo no nome, disse que o pior est\u00e1 por vir. \u201cA fiscaliza\u00e7\u00e3o como est\u00e1 sendo feita, sob comando militar, n\u00e3o vai funcionar. N\u00e3o acredito num formato em que o menos qualificado n\u00e3o gosta de receber orienta\u00e7\u00f5es do mais qualificado para lidar com delitos ambientais\u201d, disse.<\/p>\n\n\n\n<p>Carlos Durigan, diretor da ong conservacionista WCS Brasil (sigla de Wildlife Conservation Society), duvida da efici\u00eancia da opera\u00e7\u00e3o de combate \u00e0s queimadas e desmatamento coordenada pelo Ex\u00e9rcito e aponta a fragiliza\u00e7\u00e3o de \u00f3rg\u00e3os ambientais, como Ibama, ICMBio, al\u00e9m da Funda\u00e7\u00e3o Nacional do \u00cdndio (Funai), no caso das terras ind\u00edgenas. Para Durigan, o que vem acontecendo \u00e9 uma invers\u00e3o de papeis na qual as For\u00e7as Armadas exercem uma fun\u00e7\u00e3o de combate a il\u00edcitos ambientais para a qual n\u00e3o t\u00eam expertise ou experi\u00eancia.<\/p>\n\n\n\n<p>\u201cIsso \u00e9 meio ideol\u00f3gico. Perde-se a qualidade e isso acaba refletindo nesse aumento exacerbado das queimadas. Tem essa invers\u00e3o de pap\u00e9is que est\u00e1 causando uma s\u00e9rie de empecilhos na hora de implementar as a\u00e7\u00f5es na regi\u00e3o\u201d, afirmou Durigan.&nbsp;<strong>(Colaborou Luciana Oliveira, de Rond\u00f4nia)<\/strong><\/p>\n\n\n\n<figure class=\"wp-block-image\"><img data-recalc-dims=\"1\" height=\"400\" width=\"600\" decoding=\"async\" src=\"https:\/\/i0.wp.com\/amazoniareal.com.br\/wp-content\/uploads\/2020\/08\/Amaz%25C3%25B4nia-em-Chamas-2020-Rond%25C3%25B4nia_-Foto-Bruno-Kelly-16-1024x683.jpg?resize=600%2C400\" alt=\"\" class=\"wp-image-59569\"\/><figcaption>Sobrevoo flagra garimpo no rio Madeira e desmate pr\u00f3xima \u00e0 Resex do Lago do Cuni\u00e3&nbsp;<br>(Foto Bruno Kelly\/Amaz\u00f4nia Real\/07\/08\/2020)<br><\/figcaption><\/figure>\n","protected":false},"excerpt":{"rendered":"<p>A queimada acima foi vista durante um sobrevoo particular, realizado pela ag\u00eancia Amaz\u00f4nia Real, nos limites da Floresta Nacional do Jacund\u00e1, em Rond\u00f4nia&nbsp; (Foto de Bruno Kelly\/Amaz\u00f4nia Real\/07\/08\/2020)&nbsp; Ela\u00edze Farias&nbsp;e F\u00e1bio Pontes, da Amaz\u00f4nia Real<\/p>\n","protected":false},"author":1,"featured_media":0,"comment_status":"closed","ping_status":"open","sticky":false,"template":"","format":"standard","meta":{"_exactmetrics_skip_tracking":false,"_exactmetrics_sitenote_active":false,"_exactmetrics_sitenote_note":"","_exactmetrics_sitenote_category":0,"jetpack_post_was_ever_published":false,"_jetpack_newsletter_access":"","_jetpack_dont_email_post_to_subs":false,"_jetpack_newsletter_tier_id":0,"_jetpack_memberships_contains_paywalled_content":false,"_jetpack_memberships_contains_paid_content":false,"footnotes":"","jetpack_publicize_message":"","jetpack_publicize_feature_enabled":true,"jetpack_social_post_already_shared":true,"jetpack_social_options":{"image_generator_settings":{"template":"highway","enabled":false},"version":2}},"categories":[1],"tags":[],"class_list":["post-29449","post","type-post","status-publish","format-standard","hentry","category-notas"],"jetpack_publicize_connections":[],"jetpack_sharing_enabled":true,"jetpack_featured_media_url":"","jetpack_shortlink":"https:\/\/wp.me\/p7wKYW-7EZ","jetpack-related-posts":[],"_links":{"self":[{"href":"http:\/\/blogdalucianaoliveira.com.br\/blog\/wp-json\/wp\/v2\/posts\/29449","targetHints":{"allow":["GET"]}}],"collection":[{"href":"http:\/\/blogdalucianaoliveira.com.br\/blog\/wp-json\/wp\/v2\/posts"}],"about":[{"href":"http:\/\/blogdalucianaoliveira.com.br\/blog\/wp-json\/wp\/v2\/types\/post"}],"author":[{"embeddable":true,"href":"http:\/\/blogdalucianaoliveira.com.br\/blog\/wp-json\/wp\/v2\/users\/1"}],"replies":[{"embeddable":true,"href":"http:\/\/blogdalucianaoliveira.com.br\/blog\/wp-json\/wp\/v2\/comments?post=29449"}],"version-history":[{"count":2,"href":"http:\/\/blogdalucianaoliveira.com.br\/blog\/wp-json\/wp\/v2\/posts\/29449\/revisions"}],"predecessor-version":[{"id":29452,"href":"http:\/\/blogdalucianaoliveira.com.br\/blog\/wp-json\/wp\/v2\/posts\/29449\/revisions\/29452"}],"wp:attachment":[{"href":"http:\/\/blogdalucianaoliveira.com.br\/blog\/wp-json\/wp\/v2\/media?parent=29449"}],"wp:term":[{"taxonomy":"category","embeddable":true,"href":"http:\/\/blogdalucianaoliveira.com.br\/blog\/wp-json\/wp\/v2\/categories?post=29449"},{"taxonomy":"post_tag","embeddable":true,"href":"http:\/\/blogdalucianaoliveira.com.br\/blog\/wp-json\/wp\/v2\/tags?post=29449"}],"curies":[{"name":"wp","href":"https:\/\/api.w.org\/{rel}","templated":true}]}}