{"id":29457,"date":"2020-08-10T10:55:25","date_gmt":"2020-08-10T14:55:25","guid":{"rendered":"http:\/\/blogdalucianaoliveira.com.br\/blog\/?p=29457"},"modified":"2020-08-10T10:55:30","modified_gmt":"2020-08-10T14:55:30","slug":"coronavirus-quando-a-pandemia-de-covid-19-vai-terminar","status":"publish","type":"post","link":"http:\/\/blogdalucianaoliveira.com.br\/blog\/2020\/08\/10\/coronavirus-quando-a-pandemia-de-covid-19-vai-terminar\/","title":{"rendered":"Coronav\u00edrus: Quando a pandemia de covid-19 vai terminar?"},"content":{"rendered":"\n<figure class=\"wp-block-image\"><img data-recalc-dims=\"1\" decoding=\"async\" src=\"https:\/\/i0.wp.com\/ichef.bbci.co.uk\/news\/660\/cpsprodpb\/6F4E\/production\/_113849482_gettyimages-1227946696.jpg?w=600&#038;ssl=1\" alt=\"Pessoas na praia usando m\u00e1scaras\"\/><\/figure>\n\n\n\n<p>H\u00e1 pouco mais de seis meses, a Organiza\u00e7\u00e3o Mundial da Sa\u00fade (OMS) anunciou a chegada do novo v\u00edrus que em pouco tempo se tornou uma pandemia global.<\/p>\n\n\n\n<!--more-->\n\n\n\n<p> By James GallagherHealth and science correspondent, BBC<\/p>\n\n\n\n<p>Naquele dia, no final de janeiro, havia quase 10 mil casos relatados de coronav\u00edrus e mais de 200 mortes. Nenhum dos casos havia acontecido fora da China.<\/p>\n\n\n\n<p>Desde ent\u00e3o, o mundo e nossas vidas, mudaram profundamente. Como estamos lidando com a guerra entre a ra\u00e7a humana e o coronav\u00edrus?<\/p>\n\n\n\n<p>Se olharmos para o planeta como um todo, o resultado n\u00e3o \u00e9 bom.<\/p>\n\n\n\n<figure class=\"wp-block-image\"><img data-recalc-dims=\"1\" decoding=\"async\" src=\"https:\/\/i0.wp.com\/ichef.bbci.co.uk\/news\/624\/cpsprodpb\/173B5\/production\/_113875159_covid_graph.png?w=600&#038;ssl=1\" alt=\"Gr\u00e1fico\"\/><figcaption>Image captionEvolu\u00e7\u00e3o do n\u00famero de casos tem curva exponencial<\/figcaption><\/figure>\n\n\n\n<p>J\u00e1 nos aproximamos de 2019 milh\u00f5es de casos confirmados e superamos 700 mil mortes. No come\u00e7o da pandemia, demorava semanas at\u00e9 se registrarem cada 100 mil casos. Agora esse marco \u00e9 atingido em quest\u00e3o de horas.<\/p>\n\n\n\n<p>&#8220;Ainda estamos no meio de uma pandemia intensa e muito grave&#8221;, diz Margaret Harris, da OMS. &#8220;Est\u00e1 presente em todas as comunidades do mundo.&#8221;<\/p>\n\n\n\n<p>O impacto da covid-19 \u00e9 diferente pelo mundo afora, e \u00e9 f\u00e1cil cada pessoa ignorar o que acontece no resto do mundo, fora de seus pr\u00f3prios pa\u00edses.<\/p>\n\n\n\n<p>Mas um fato une todo mundo, desde quem vive na floresta amaz\u00f4nica, nos arranha-c\u00e9us de Singapura ou nas ruas do Reino Unido: este \u00e9 um v\u00edrus que prospera com o contato humano. Quanto mais nos aproximamos, mais f\u00e1cil \u00e9 a contamina\u00e7\u00e3o. Isso segue t\u00e3o forte hoje em dia quanto no dia em que o v\u00edrus surgiu na China.<\/p>\n\n\n\n<p>Esse ponto central explica a situa\u00e7\u00e3o de todos no mundo e sugere como ser\u00e1 nosso futuro.<\/p>\n\n\n\n<figure class=\"wp-block-image\"><img data-recalc-dims=\"1\" decoding=\"async\" src=\"https:\/\/i0.wp.com\/ichef.bbci.co.uk\/news\/624\/cpsprodpb\/E47E\/production\/_113849485_gettyimages-1227946673.jpg?w=600&#038;ssl=1\" alt=\"Homens usando m\u00e1scaras na \u00cdndia\"\/><figcaption>Image captionA \u00cdndia agora tem o maior n\u00famero de casos di\u00e1rios de covid-10 no mundo<\/figcaption><\/figure>\n\n\n\n<p>\u00c9 o que provoca o grande n\u00famero de casos na Am\u00e9rica Latina \u2014 o atual epicentro da pandemia \u2014 e o surto na \u00cdndia. \u00c9 o que explica o porqu\u00ea de Hong Kong estar mantendo pessoas em&nbsp;<a href=\"https:\/\/www.chp.gov.hk\/files\/pdf\/quarantine_centre_en.pdf\">centros de quarentena<\/a>&nbsp;ou da Coreia do Sul de estar monitorando contas banc\u00e1rias e de telefone de seus cidad\u00e3os.<\/p>\n\n\n\n<p>\u00c9 o que leva a Europa e a Austr\u00e1lia a terem dificuldades em equilibrar o final das quarentenas com a conten\u00e7\u00e3o da doen\u00e7a. E \u00e9 o porqu\u00ea de estarmos buscando &#8220;um novo normal&#8221;, em vez de voltarmos ao &#8220;velho normal&#8221;.<\/p>\n\n\n\n<p>&#8220;Esse \u00e9 um v\u00edrus que circula por todo o planeta. Ele afeta cada um de n\u00f3s. Ele passa de pessoa para pessoa, e sublinha o fato de estarmos todos conectados&#8221;, diz Elisabetta Groppelli, da St George&#8217;s University of London.<\/p>\n\n\n\n<p>At\u00e9 o simples&nbsp;<a href=\"https:\/\/www.cdc.gov\/mmwr\/volumes\/69\/wr\/mm6919e6.htm\">ato de cantar&nbsp;<\/a>juntos pode espalhar o v\u00edrus.<\/p>\n\n\n\n<p>O v\u00edrus tamb\u00e9m se provou especialmente dif\u00edcil de rastrear, com sintomas leves ou at\u00e9 inexistentes em v\u00e1rias pessoas, mas mortal suficiente em outros, capaz de lotar hospitais.<\/p>\n\n\n\n<p>&#8220;\u00c9 o v\u00edrus pand\u00eamico perfeito para nossa era. N\u00f3s agora vivemos na era do coronav\u00edrus&#8221;, disse Harris.<\/p>\n\n\n\n<p>As melhores chances contra o v\u00edrus at\u00e9 agora foram nas tentativas de se conter a dissemina\u00e7\u00e3o do v\u00edrus de uma pessoa para outra.<\/p>\n\n\n\n<p>A Nova Zel\u00e2ndia \u00e9 onde isso mais chamou aten\u00e7\u00e3o. O pa\u00eds agiu cedo, quando ainda havia poucos casos: com quarentenas e fronteiras fechadas. Agora praticamente n\u00e3o h\u00e1 mais casos e a vida voltou ao normal, em grande parte.<\/p>\n\n\n\n<p>Aten\u00e7\u00e3o para coisas b\u00e1sicas tamb\u00e9m ajudam em pa\u00edses pobres. A Mong\u00f3lia tem a maior fronteira de qualquer pa\u00eds com a China, onde o surto come\u00e7ou. No entanto, n\u00e3o foi registrado,&nbsp;<a href=\"https:\/\/www.thelancet.com\/journals\/langlo\/article\/PIIS2214-109X(20)30295-3\/fulltext\">antes de julho<\/a>, qualquer caso de interna\u00e7\u00e3o em UTI. At\u00e9 agora s\u00f3 foram diagnosticados 293 casos, com nenhuma morte.<\/p>\n\n\n\n<figure class=\"wp-block-image\"><img data-recalc-dims=\"1\" decoding=\"async\" src=\"https:\/\/i0.wp.com\/ichef.bbci.co.uk\/news\/624\/cpsprodpb\/2516\/production\/_113849490_gettyimages-520208726.jpg?w=600&#038;ssl=1\" alt=\"Ulaanbaatar, Mongolia\"\/><figcaption>Image captionMuitas pessoas, \u00e0s vezes fam\u00edlias inteiras, ainda moram em tendas em Ulaanbaatar, capital da Mong\u00f3lia<\/figcaption><\/figure>\n\n\n\n<p>&#8220;A Mong\u00f3lia fez um \u00f3timo trabalho com recursos muito limitados. Eles fizeram um trabalho exaustivo de epidemiologia, isolando casos, identificando contatos e isolando esses contatos&#8221;, afirma o professor David Heymann, da London School of Hygene and Tropical Medicine.<\/p>\n\n\n\n<p>Eles tamb\u00e9m foram r\u00e1pidos em fechar escolas, restringir viagem internacional e promover o uso de m\u00e1scaras e higieniza\u00e7\u00e3o das m\u00e3os.<\/p>\n\n\n\n<p>Por outro lado, Heymann argumenta, a &#8220;falta de lideran\u00e7a pol\u00edtica&#8221; abalou muitos pa\u00edses em que &#8220;os l\u00edderes na sa\u00fade e na pol\u00edtica t\u00eam dificuldades de conversar juntos&#8221;. Neste clima, o v\u00edrus prosperou. O presidente americano, Donald Trump, e a maior autoridade em doen\u00e7as infecciosas do pa\u00eds, Anthony Fauci, claramente estiveram em lados opostos nesta pandemia.<\/p>\n\n\n\n<p>O presidente brasileiro, Jair Bolsonaro, se juntou a manifesta\u00e7\u00f5es contra a quarentena e descreveu o v\u00edrus como &#8220;gripezinha&#8221;, dizendo que a pandemia estava quase no fim em mar\u00e7o.<\/p>\n\n\n\n<p>Ao inv\u00e9s disso, o Brasil teve 2,8 milh\u00f5es de casos e mais de 100 mil mortos.<\/p>\n\n\n\n<figure class=\"wp-block-image\"><img data-recalc-dims=\"1\" decoding=\"async\" src=\"https:\/\/i0.wp.com\/ichef.bbci.co.uk\/news\/624\/cpsprodpb\/12B28\/production\/_113848567_gettyimages-1227939836-1.jpg?w=600&#038;ssl=1\" alt=\"Coveiro no Brasil\"\/><figcaption>Image captionCoveiro trabalha em Vila Formosa, em S\u00e3o Paulo, onde n\u00famero de mortos \u00e9 alto<\/figcaption><\/figure>\n\n\n\n<p>Mas os pa\u00edses que conseguiram se impor contra o v\u00edrus \u2014 na maioria com quarentenas dolorosas que machucaram as sociedades \u2014 est\u00e3o descobrindo que o v\u00edrus n\u00e3o sumiu, e que ele vai continuar voltando se n\u00f3s relaxarmos. A normalidade ainda est\u00e1 muito distante.<\/p>\n\n\n\n<p>&#8220;Est\u00e3o descobrindo que \u00e9 mais desafiador sair da quarentena do que entrar nela&#8221;, diz Groppelli. &#8220;Eles ainda n\u00e3o pensaram sobre como podemos coexistir com o v\u00edrus.&#8221;<\/p>\n\n\n\n<p>A Austr\u00e1lia \u00e9 um dos pa\u00edses tentando achar um caminho para sair da quarentena, mas o Estado de Victoria agora est\u00e1 em estado de &#8220;desastre&#8221;. Melbourne voltou para quarentena no come\u00e7o de julho \u2014 com o cont\u00e1gio crescendo \u2014 e desde ent\u00e3o imp\u00f4s regras mais r\u00edgidas. Agora h\u00e1 um toque de recolher e as pessoas s\u00f3 podem se exercitar dentro de um raio de cinco quil\u00f4metros de suas casas.<\/p>\n\n\n\n<p>A Europa tamb\u00e9m est\u00e1 reabrindo, mas Espanha, Fran\u00e7a e Gr\u00e9cia registraram recentemente o n\u00famero mais alto de casos das \u00faltimas semanas. A Alemanha est\u00e1 com mais de mil casos por dia pela primeira vez em tr\u00eas meses.<\/p>\n\n\n\n<p>O uso de m\u00e1scaras, algo estranho antes, agora \u00e9 lugar comum na Europa, at\u00e9 mesmo com&nbsp;<a href=\"https:\/\/www.france24.com\/en\/20200803-rules-on-outdoor-mask-wearing-in-effect-for-parts-of-france-hardest-hit-by-covid-19\">resorts insistindo na pr\u00e1tica<\/a>.<\/p>\n\n\n\n<p>E \u2014 como alerta para todos n\u00f3s \u2014 sucessos passados n\u00e3o s\u00e3o garantia para o futuro. Hong Kong foi muito elogiada por resistir \u00e0 primeira onda de coronav\u00edrus \u2014 agora bares e academias de gin\u00e1stica fecharam novamente, enquanto a Disneyland do pa\u00eds conseguiu reabrir por apenas um m\u00eas.<\/p>\n\n\n\n<p>&#8220;Deixar a quarentena n\u00e3o significa voltar \u00e0s velhas pr\u00e1ticas. \u00c9 o novo normal. As pessoas ainda n\u00e3o entenderam esse recado&#8221;, diz Harris.<\/p>\n\n\n\n<p>A posi\u00e7\u00e3o da \u00c1frica na luta contra o coronav\u00edrus segue uma quest\u00e3o em aberto. Houve mais de um milh\u00e3o de casos; depois de um come\u00e7o bem-sucedido, a \u00c1frica do Sul parece estar em m\u00e1 situa\u00e7\u00e3o, registrando a maioria dos casos do continente. Mas com poucos testes, \u00e9 dif\u00edcil ter um retrato fiel da situa\u00e7\u00e3o.<\/p>\n\n\n\n<p>E existe o enigma do not\u00f3rio baixo \u00edndice de mortes comparado com o resto do mundo. Eis alguns motivos que podem explicar isso:<\/p>\n\n\n\n<ul class=\"wp-block-list\"><li>As pessoas s\u00e3o muito mais jovens, com&nbsp;<a href=\"https:\/\/www.worldometers.info\/world-population\/africa-population\/\">idade m\u00e9dia de 19 anos na \u00c1frica<\/a>; e a covid-19 est\u00e1 associada a pessoas mais velhas<\/li><li>Outros tipos de coronav\u00edrus s\u00e3o mais comuns, e isso pode oferecer uma esp\u00e9cie de prote\u00e7\u00e3o<\/li><li>Problemas de sa\u00fade comuns aos pa\u00edses ricos, como obesidade e diabetes do tipo 2, que aumentam os riscos da covid-19, s\u00e3o menos comuns na \u00c1frica<\/li><\/ul>\n\n\n\n<figure class=\"wp-block-image\"><img data-recalc-dims=\"1\" decoding=\"async\" src=\"https:\/\/i0.wp.com\/ichef.bbci.co.uk\/news\/624\/cpsprodpb\/3F1D\/production\/_113875161_covid_chart2.png?w=600&#038;ssl=1\" alt=\"Gr\u00e1fico\"\/><\/figure>\n\n\n\n<p>Alguns pa\u00edses est\u00e3o inovando na sua resposta \u00e0 doen\u00e7a. Ruanda tem usado drones para entregar material para hospitais e divulgar restri\u00e7\u00f5es para a popula\u00e7\u00e3o. Eles est\u00e3o sendo usados at\u00e9 mesmo para flagrar pessoas que est\u00e3o desrespeitando as regras, como aconteceu com um&nbsp;<a href=\"https:\/\/www.reuters.com\/article\/us-health-coronavirus-rwanda-drones\/rwanda-uses-drones-to-help-catch-lockdown-transgressors-idUSKBN21Z217\">pastor que estava indo para missa<\/a>.<\/p>\n\n\n\n<p>Mas em v\u00e1rios lugares, como na \u00cdndia, o acesso \u00e0 agua limpa e saneamento prejudica at\u00e9 mesmo coisas triviais, como a higieniza\u00e7\u00e3o das m\u00e3os.<\/p>\n\n\n\n<p>&#8220;H\u00e1 pessoas que t\u00eam \u00e1gua para lavar suas m\u00e3os e h\u00e1 os que n\u00e3o t\u00eam&#8221;, diz Groppelli. &#8220;Essa \u00e9 uma diferen\u00e7a grande, n\u00f3s podemos dividir o mundo em duas categorias. E h\u00e1 grandes d\u00favidas sobre como controlar o v\u00edrus sem que haja uma vacina.&#8221;<\/p>\n\n\n\n<p>Quando isso tudo vai acabar?<\/p>\n\n\n\n<p>J\u00e1 existem tratamentos com rem\u00e9dios. A dexametasona \u2014 um esteroide barato \u2014 teve bom resultado com alguns pacientes em estado grave. Mas n\u00e3o \u00e9 suficiente impedir que pacientes morram de covid-19 ou dar fim \u00e0s quarentenas. Aten\u00e7\u00e3o especial ser\u00e1 dada para a Su\u00e9cia nos pr\u00f3ximos meses para entender se a estrat\u00e9gia do pa\u00eds funcionou no longo prazo. O pa\u00eds n\u00e3o imp\u00f4s quarentena e at\u00e9 agora teve uma taxa de mortes significativamente maior do que a dos pa\u00edses vizinhos, depois de fracassar na prote\u00e7\u00e3o em lares de idosos.<\/p>\n\n\n\n<p>Em geral, a esperan\u00e7a do mundo de ver a vida voltar ao normal est\u00e1 ligada \u00e0 descoberta de uma vacina. Imunizar as pessoas impediria a dissemina\u00e7\u00e3o do v\u00edrus.<\/p>\n\n\n\n<p>Seis vacinas est\u00e3o entrando na fase tr\u00eas de testes cl\u00ednicos. Essa fase \u00e9 cr\u00edtica, quando descobriremos se as vacinas promissoras realmente funcionam. Esse obst\u00e1culo final j\u00e1 derrubou muitos rem\u00e9dios no passado. Autoridades de sa\u00fade dizem que devemos continuar falando em &#8220;se&#8221; a vacina vai funcionar \u2014 e n\u00e3o &#8220;quando&#8221; a vacina vai funcionar.<\/p>\n\n\n\n<p>A doutora Margaret Harris, da OMS, diz: &#8220;As pessoas t\u00eam essa cren\u00e7a holiwoodiana em uma vacina; que os cientistas v\u00e3o arrumar tudo. Em um filme de duas horas, o final chega r\u00e1pido, mas os cientistas n\u00e3o s\u00e3o Brad Pitt se injetando e dizendo &#8216;n\u00f3s vamos todos nos salvar'&#8221;.<\/p>\n\n\n\n<p><br><\/p>\n","protected":false},"excerpt":{"rendered":"<p>H\u00e1 pouco mais de seis meses, a Organiza\u00e7\u00e3o Mundial da Sa\u00fade (OMS) anunciou a chegada do novo v\u00edrus que em pouco tempo se tornou uma pandemia global.<\/p>\n","protected":false},"author":1,"featured_media":0,"comment_status":"closed","ping_status":"open","sticky":false,"template":"","format":"standard","meta":{"_exactmetrics_skip_tracking":false,"_exactmetrics_sitenote_active":false,"_exactmetrics_sitenote_note":"","_exactmetrics_sitenote_category":0,"jetpack_post_was_ever_published":false,"_jetpack_newsletter_access":"","_jetpack_dont_email_post_to_subs":false,"_jetpack_newsletter_tier_id":0,"_jetpack_memberships_contains_paywalled_content":false,"_jetpack_memberships_contains_paid_content":false,"footnotes":"","jetpack_publicize_message":"","jetpack_publicize_feature_enabled":true,"jetpack_social_post_already_shared":true,"jetpack_social_options":{"image_generator_settings":{"template":"highway","enabled":false},"version":2}},"categories":[1],"tags":[366],"class_list":["post-29457","post","type-post","status-publish","format-standard","hentry","category-notas","tag-pandemia"],"jetpack_publicize_connections":[],"jetpack_sharing_enabled":true,"jetpack_featured_media_url":"","jetpack_shortlink":"https:\/\/wp.me\/p7wKYW-7F7","jetpack-related-posts":[],"_links":{"self":[{"href":"http:\/\/blogdalucianaoliveira.com.br\/blog\/wp-json\/wp\/v2\/posts\/29457","targetHints":{"allow":["GET"]}}],"collection":[{"href":"http:\/\/blogdalucianaoliveira.com.br\/blog\/wp-json\/wp\/v2\/posts"}],"about":[{"href":"http:\/\/blogdalucianaoliveira.com.br\/blog\/wp-json\/wp\/v2\/types\/post"}],"author":[{"embeddable":true,"href":"http:\/\/blogdalucianaoliveira.com.br\/blog\/wp-json\/wp\/v2\/users\/1"}],"replies":[{"embeddable":true,"href":"http:\/\/blogdalucianaoliveira.com.br\/blog\/wp-json\/wp\/v2\/comments?post=29457"}],"version-history":[{"count":1,"href":"http:\/\/blogdalucianaoliveira.com.br\/blog\/wp-json\/wp\/v2\/posts\/29457\/revisions"}],"predecessor-version":[{"id":29458,"href":"http:\/\/blogdalucianaoliveira.com.br\/blog\/wp-json\/wp\/v2\/posts\/29457\/revisions\/29458"}],"wp:attachment":[{"href":"http:\/\/blogdalucianaoliveira.com.br\/blog\/wp-json\/wp\/v2\/media?parent=29457"}],"wp:term":[{"taxonomy":"category","embeddable":true,"href":"http:\/\/blogdalucianaoliveira.com.br\/blog\/wp-json\/wp\/v2\/categories?post=29457"},{"taxonomy":"post_tag","embeddable":true,"href":"http:\/\/blogdalucianaoliveira.com.br\/blog\/wp-json\/wp\/v2\/tags?post=29457"}],"curies":[{"name":"wp","href":"https:\/\/api.w.org\/{rel}","templated":true}]}}