{"id":29462,"date":"2020-08-11T06:53:44","date_gmt":"2020-08-11T10:53:44","guid":{"rendered":"http:\/\/blogdalucianaoliveira.com.br\/blog\/?p=29462"},"modified":"2020-08-11T06:53:48","modified_gmt":"2020-08-11T10:53:48","slug":"mourao-sob-fogo","status":"publish","type":"post","link":"http:\/\/blogdalucianaoliveira.com.br\/blog\/2020\/08\/11\/mourao-sob-fogo\/","title":{"rendered":"Mour\u00e3o sob fogo"},"content":{"rendered":"\n<figure class=\"wp-block-image size-large\"><img data-recalc-dims=\"1\" loading=\"lazy\" decoding=\"async\" width=\"600\" height=\"400\" data-attachment-id=\"29463\" data-permalink=\"http:\/\/blogdalucianaoliveira.com.br\/blog\/2020\/08\/11\/mourao-sob-fogo\/image-11-11\/\" data-orig-file=\"https:\/\/i0.wp.com\/blogdalucianaoliveira.com.br\/blog\/wp-content\/uploads\/2020\/08\/image-11.jpeg?fit=1024%2C683\" data-orig-size=\"1024,683\" data-comments-opened=\"0\" data-image-meta=\"{&quot;aperture&quot;:&quot;0&quot;,&quot;credit&quot;:&quot;&quot;,&quot;camera&quot;:&quot;&quot;,&quot;caption&quot;:&quot;&quot;,&quot;created_timestamp&quot;:&quot;0&quot;,&quot;copyright&quot;:&quot;&quot;,&quot;focal_length&quot;:&quot;0&quot;,&quot;iso&quot;:&quot;0&quot;,&quot;shutter_speed&quot;:&quot;0&quot;,&quot;title&quot;:&quot;&quot;,&quot;orientation&quot;:&quot;0&quot;}\" data-image-title=\"image-11\" data-image-description=\"\" data-image-caption=\"\" data-medium-file=\"https:\/\/i0.wp.com\/blogdalucianaoliveira.com.br\/blog\/wp-content\/uploads\/2020\/08\/image-11.jpeg?fit=300%2C200\" data-large-file=\"https:\/\/i0.wp.com\/blogdalucianaoliveira.com.br\/blog\/wp-content\/uploads\/2020\/08\/image-11.jpeg?fit=600%2C400\" src=\"https:\/\/i0.wp.com\/blogdalucianaoliveira.com.br\/blog\/wp-content\/uploads\/2020\/08\/image-11.jpeg?resize=600%2C400\" alt=\"\" class=\"wp-image-29463\" srcset=\"https:\/\/i0.wp.com\/blogdalucianaoliveira.com.br\/blog\/wp-content\/uploads\/2020\/08\/image-11.jpeg?w=1024 1024w, https:\/\/i0.wp.com\/blogdalucianaoliveira.com.br\/blog\/wp-content\/uploads\/2020\/08\/image-11.jpeg?resize=300%2C200 300w, https:\/\/i0.wp.com\/blogdalucianaoliveira.com.br\/blog\/wp-content\/uploads\/2020\/08\/image-11.jpeg?resize=768%2C512 768w, https:\/\/i0.wp.com\/blogdalucianaoliveira.com.br\/blog\/wp-content\/uploads\/2020\/08\/image-11.jpeg?resize=450%2C300 450w\" sizes=\"auto, (max-width: 600px) 100vw, 600px\" \/><\/figure>\n\n\n\n<p>Desmate da Amaz\u00f4nia sobe 34% em um ano, e vice comemora queda mensal.<\/p>\n\n\n\n<p>Folha em editorial <\/p>\n\n\n\n<!--more-->\n\n\n\n<p>O primeiro ciclo anual de desmatamento na Amaz\u00f4nia sob Jair Bolsonaro se completou em 31 de julho. Como era de esperar, a devasta\u00e7\u00e3o segue rampante. M\u00e1 not\u00edcia para o presidente e seu vice, general Hamilton Mour\u00e3o, ora&nbsp;<a href=\"https:\/\/www1.folha.uol.com.br\/ambiente\/2020\/08\/brasil-quer-reativar-organizacao-para-recuperar-protagonismo-internacional-na-amazonia.shtml\">encarregado de impor lei e ordem na floresta<\/a>.<\/p>\n\n\n\n<p>A estat\u00edstica oficial para o intervalo de agosto de 2019 a julho de 2020, fornecida pelo sistema Prodes do Instituto Nacional de Pesquisas Espaciais (Inpe), s\u00f3 fica pronta em novembro. Dados preliminares, entretanto, indicam&nbsp;<a href=\"https:\/\/www1.folha.uol.com.br\/ambiente\/2020\/08\/desmatamento-na-amazonia-cresceu-33-entre-2019-e-2020.shtml\">salto de 34% no corte raso<\/a>.<\/p>\n\n\n\n<p>A alta veio apontada por outro sistema de monitoramento por sat\u00e9lite do Inpe, o Deter, um pouco menos preciso e muito mais \u00e1gil (surgiu para orientar em tempo real a fiscaliza\u00e7\u00e3o pelo Ibama). Nesses 12 meses, o Deter emitiu alertas para desmatamento em \u00e1reas totalizando 9.173 km\u00b2, ante 6.838 km\u00b2 no per\u00edodo precedente.<\/p>\n\n\n\n<p>Operando com resolu\u00e7\u00e3o mais fraca, o Deter capta a cada ano n\u00e3o mais que 60% da destrui\u00e7\u00e3o amaz\u00f4nica recenseada pelo Prodes. Dada a diferen\u00e7a, infere-se que a cifra anual acabar\u00e1 fixada em torno de 13 mil km\u00b2, a maior dos \u00faltimos 14 anos e cerca de 3.000 km\u00b2 acima do apurado em 2018\/19.<\/p>\n\n\n\n<p>Mour\u00e3o, contudo, v\u00ea motivo para comemorar. Agarrou-se ao fato de julho ter apresentado a primeira queda em 14 meses nos dados do Deter e enxergou o in\u00edcio de um suposta revers\u00e3o na tend\u00eancia de alta. \u00c9 uma precipita\u00e7\u00e3o.<\/p>\n\n\n\n<p>Verdade que os alertas de julho recuaram de 2.260 km\u00b2 em 2019 para 1.650 km\u00b2 neste ano. Ainda assim, trata-se do segundo dado mais alto para tal m\u00eas e corresponde \u00e0 superf\u00edcie do munic\u00edpio de S\u00e3o Paulo. N\u00e3o \u00e9 pouca coisa.<\/p>\n\n\n\n<p>N\u00e3o h\u00e1 como congratular-se, como se fora j\u00e1 resultado de incurs\u00f5es das For\u00e7as Armadas na opera\u00e7\u00e3o Verde Brasil 2. Derrubou-se tanta mata, em maio e junho, que os devastadores come\u00e7aram cedo a incendiar madeira e res\u00edduos j\u00e1 ressecados sobre o solo.<\/p>\n\n\n\n<p>Basta dizer que as queimadas no bioma amaz\u00f4nico subiram 28% em julho, com 119,9 mil focos flagrados por sat\u00e9lites. No mesmo m\u00eas do ano passado, haviam sido 93,3 mil. Isso com os inc\u00eandios intencionais proibidos pelo governo.<\/p>\n\n\n\n<p>Para piorar seu papel no combate \u00e0 devasta\u00e7\u00e3o, Mour\u00e3o arriscou-se a apontar defeito nos sistemas por sat\u00e9lite do Inpe. Segundo disse o militar ao jornal O Estado de S. Paulo, n\u00e3o seriam os melhores, por empregar sensores \u00f3pticos, que podem ser atrapalhados por nuvens, e n\u00e3o radares em drones.<\/p>\n\n\n\n<p>O general recorre ao expediente de insultar o mensageiro. Se almeja tirar o monitoramento da excel\u00eancia de tr\u00eas d\u00e9cadas do Inpe, s\u00f3 contribuir\u00e1 para manchar a reputa\u00e7\u00e3o de seu estamento e alienar ainda mais investidores.<\/p>\n","protected":false},"excerpt":{"rendered":"<p>Desmate da Amaz\u00f4nia sobe 34% em um ano, e vice comemora queda mensal. Folha em editorial<\/p>\n","protected":false},"author":1,"featured_media":0,"comment_status":"closed","ping_status":"open","sticky":false,"template":"","format":"standard","meta":{"_exactmetrics_skip_tracking":false,"_exactmetrics_sitenote_active":false,"_exactmetrics_sitenote_note":"","_exactmetrics_sitenote_category":0,"jetpack_post_was_ever_published":false,"_jetpack_newsletter_access":"","_jetpack_dont_email_post_to_subs":false,"_jetpack_newsletter_tier_id":0,"_jetpack_memberships_contains_paywalled_content":false,"_jetpack_memberships_contains_paid_content":false,"footnotes":"","jetpack_publicize_message":"","jetpack_publicize_feature_enabled":true,"jetpack_social_post_already_shared":true,"jetpack_social_options":{"image_generator_settings":{"template":"highway","enabled":false},"version":2}},"categories":[1],"tags":[],"class_list":["post-29462","post","type-post","status-publish","format-standard","hentry","category-notas"],"jetpack_publicize_connections":[],"jetpack_sharing_enabled":true,"jetpack_featured_media_url":"","jetpack_shortlink":"https:\/\/wp.me\/p7wKYW-7Fc","jetpack-related-posts":[],"_links":{"self":[{"href":"http:\/\/blogdalucianaoliveira.com.br\/blog\/wp-json\/wp\/v2\/posts\/29462","targetHints":{"allow":["GET"]}}],"collection":[{"href":"http:\/\/blogdalucianaoliveira.com.br\/blog\/wp-json\/wp\/v2\/posts"}],"about":[{"href":"http:\/\/blogdalucianaoliveira.com.br\/blog\/wp-json\/wp\/v2\/types\/post"}],"author":[{"embeddable":true,"href":"http:\/\/blogdalucianaoliveira.com.br\/blog\/wp-json\/wp\/v2\/users\/1"}],"replies":[{"embeddable":true,"href":"http:\/\/blogdalucianaoliveira.com.br\/blog\/wp-json\/wp\/v2\/comments?post=29462"}],"version-history":[{"count":1,"href":"http:\/\/blogdalucianaoliveira.com.br\/blog\/wp-json\/wp\/v2\/posts\/29462\/revisions"}],"predecessor-version":[{"id":29464,"href":"http:\/\/blogdalucianaoliveira.com.br\/blog\/wp-json\/wp\/v2\/posts\/29462\/revisions\/29464"}],"wp:attachment":[{"href":"http:\/\/blogdalucianaoliveira.com.br\/blog\/wp-json\/wp\/v2\/media?parent=29462"}],"wp:term":[{"taxonomy":"category","embeddable":true,"href":"http:\/\/blogdalucianaoliveira.com.br\/blog\/wp-json\/wp\/v2\/categories?post=29462"},{"taxonomy":"post_tag","embeddable":true,"href":"http:\/\/blogdalucianaoliveira.com.br\/blog\/wp-json\/wp\/v2\/tags?post=29462"}],"curies":[{"name":"wp","href":"https:\/\/api.w.org\/{rel}","templated":true}]}}