{"id":29467,"date":"2020-08-11T20:38:04","date_gmt":"2020-08-12T00:38:04","guid":{"rendered":"http:\/\/blogdalucianaoliveira.com.br\/blog\/?p=29467"},"modified":"2020-08-11T20:38:08","modified_gmt":"2020-08-12T00:38:08","slug":"porto-velho-execute-a-lei-aldir-blanc-integralmente-e-urgente","status":"publish","type":"post","link":"http:\/\/blogdalucianaoliveira.com.br\/blog\/2020\/08\/11\/porto-velho-execute-a-lei-aldir-blanc-integralmente-e-urgente\/","title":{"rendered":"PORTO VELHO, EXECUTE A LEI ALDIR BLANC INTEGRALMENTE. \u00c9 URGENTE!!!"},"content":{"rendered":"\n<figure class=\"wp-block-image size-large\"><img data-recalc-dims=\"1\" loading=\"lazy\" decoding=\"async\" width=\"320\" height=\"186\" data-attachment-id=\"29468\" data-permalink=\"http:\/\/blogdalucianaoliveira.com.br\/blog\/2020\/08\/11\/porto-velho-execute-a-lei-aldir-blanc-integralmente-e-urgente\/4035f43a-45fd-4e48-91a6-fe8ea018dfd0\/\" data-orig-file=\"https:\/\/i0.wp.com\/blogdalucianaoliveira.com.br\/blog\/wp-content\/uploads\/2020\/08\/4035F43A-45FD-4E48-91A6-FE8EA018DFD0.jpeg?fit=320%2C186\" data-orig-size=\"320,186\" data-comments-opened=\"0\" data-image-meta=\"{&quot;aperture&quot;:&quot;0&quot;,&quot;credit&quot;:&quot;&quot;,&quot;camera&quot;:&quot;&quot;,&quot;caption&quot;:&quot;&quot;,&quot;created_timestamp&quot;:&quot;0&quot;,&quot;copyright&quot;:&quot;&quot;,&quot;focal_length&quot;:&quot;0&quot;,&quot;iso&quot;:&quot;0&quot;,&quot;shutter_speed&quot;:&quot;0&quot;,&quot;title&quot;:&quot;&quot;,&quot;orientation&quot;:&quot;1&quot;}\" data-image-title=\"4035F43A-45FD-4E48-91A6-FE8EA018DFD0\" data-image-description=\"\" data-image-caption=\"\" data-medium-file=\"https:\/\/i0.wp.com\/blogdalucianaoliveira.com.br\/blog\/wp-content\/uploads\/2020\/08\/4035F43A-45FD-4E48-91A6-FE8EA018DFD0.jpeg?fit=300%2C174\" data-large-file=\"https:\/\/i0.wp.com\/blogdalucianaoliveira.com.br\/blog\/wp-content\/uploads\/2020\/08\/4035F43A-45FD-4E48-91A6-FE8EA018DFD0.jpeg?fit=320%2C186\" src=\"https:\/\/i0.wp.com\/blogdalucianaoliveira.com.br\/blog\/wp-content\/uploads\/2020\/08\/4035F43A-45FD-4E48-91A6-FE8EA018DFD0.jpeg?resize=320%2C186\" alt=\"\" class=\"wp-image-29468\" srcset=\"https:\/\/i0.wp.com\/blogdalucianaoliveira.com.br\/blog\/wp-content\/uploads\/2020\/08\/4035F43A-45FD-4E48-91A6-FE8EA018DFD0.jpeg?w=320 320w, https:\/\/i0.wp.com\/blogdalucianaoliveira.com.br\/blog\/wp-content\/uploads\/2020\/08\/4035F43A-45FD-4E48-91A6-FE8EA018DFD0.jpeg?resize=300%2C174 300w\" sizes=\"auto, (max-width: 320px) 100vw, 320px\" \/><\/figure>\n\n\n\n<p>\u00c9 com um misto de indigna\u00e7\u00e3o e constrangimento, que o Movimento PaCultura tomou conhecimento da not\u00edcia sobre a aplica\u00e7\u00e3o da Lei Aldir Blanc no munic\u00edpio de Porto Velho. Esta Lei veio para amparar, minimamente, os segmentos culturais da capital neste momento de calamidade.&nbsp;<\/p>\n\n\n\n<!--more-->\n\n\n\n<p>Segundo se divulgou junto ao Conselho Municipal de Cultura e orquestrado pela FUNCULTURAL, o poder p\u00fablico abdicou de sua compet\u00eancia, dispensando aproximadamente R$2.600.000 (dois milh\u00f5es e seiscentos mil reais). Al\u00e9m de confusa, essa comunica\u00e7\u00e3o tem gerado cruel afli\u00e7\u00e3o entre as categorias art\u00edsticas, h\u00e1 quase seis meses em estado de pen\u00faria.&nbsp;<\/p>\n\n\n\n<p>Os termos da Lei Aldir Blanc s\u00e3o claros: cabe ao munic\u00edpio, por meio da Funcultural, duas a\u00e7\u00f5es objetivas: (a) contemplar os espa\u00e7os culturais e (b) contemplar os editais setoriais. N\u00e3o h\u00e1 desacordo jur\u00eddico em rela\u00e7\u00e3o a tais pontos.<\/p>\n\n\n\n<p>Por\u00e9m, de forma irrespons\u00e1vel e arbitr\u00e1ria, o poder p\u00fablico municipal &#8220;optou&#8221; por dispensar o valor total de R$3.500.000,00 (tr\u00eas milh\u00f5es e quinhentos mil reais) a que a cultura local tem direito e visa disponibilizar exclusivamente aos Editais Setoriais, no m\u00e1ximo, R$900.000,00 (novecentos mil reais). Gostar\u00edamos que houvesse uma maior publicidade quanto a essas quest\u00f5es, pois a transpar\u00eancia faz parte dos princ\u00edpios da administra\u00e7\u00e3o p\u00fablica e \u00e9 fundamental para o melhor entendimento dos artistas-cidad\u00e3os.<\/p>\n\n\n\n<p>Nossa revolta est\u00e1 na falta de medidas emergenciais por parte da FUNCULTURAL. Muitos artistas passam necessidades e est\u00e3o sem condi\u00e7\u00f5es de realizarem seus trabalhos, enquanto o poder p\u00fablico busca fugir \u00e0s suas responsabilidades. Precisamos de medidas para diminuir o&nbsp;&nbsp;impacto social e haver\u00e1 recursos para isso.<\/p>\n\n\n\n<p>A Lei Aldir Blanc \u00e9 uma lei de Emerg\u00eancia Cultural, mas atinge a toda sociedade. Os artistas, os espa\u00e7os e grupos culturais necessitam. N\u00e3o h\u00e1 raz\u00e3o para fugir \u00e0 responsabilidade p\u00fablica em favor da barb\u00e1rie, convertendo os\/as produtores\/as culturais em mendicantes.&nbsp;<\/p>\n\n\n\n<p>Esta Lei est\u00e1 amparada no estado de calamidade p\u00fablica (Decreto Legislativo n\u00ba 6, 20\/03\/2020), e suas consequ\u00eancias s\u00e3o bem conhecidas, diante dos n\u00fameros de uma trag\u00e9dia a\u00e7odada pelo poder p\u00fablico: j\u00e1 superando os 100 mil mortos.&nbsp;<\/p>\n\n\n\n<p>Pretende-se tornar os artistas uma rima, inserindo-os nesta estat\u00edstica?<\/p>\n\n\n\n<p>EXIGIMOS QUE SE APLIQUE INTEGRALMENTE A LEI ALDIR BLANC NO MUNIC\u00cdPIO DE PORTO VELHO!<\/p>\n\n\n\n<p>Movimento PaCultura &#8211; Porto Velho, 10 de agosto de 2020.<\/p>\n","protected":false},"excerpt":{"rendered":"<p>\u00c9 com um misto de indigna\u00e7\u00e3o e constrangimento, que o Movimento PaCultura tomou conhecimento da not\u00edcia sobre a aplica\u00e7\u00e3o da Lei Aldir Blanc no munic\u00edpio de Porto Velho. Esta Lei veio para amparar, minimamente, os segmentos culturais da capital neste momento de calamidade.&nbsp;<\/p>\n","protected":false},"author":1,"featured_media":0,"comment_status":"closed","ping_status":"open","sticky":false,"template":"","format":"standard","meta":{"_exactmetrics_skip_tracking":false,"_exactmetrics_sitenote_active":false,"_exactmetrics_sitenote_note":"","_exactmetrics_sitenote_category":0,"jetpack_post_was_ever_published":false,"_jetpack_newsletter_access":"","_jetpack_dont_email_post_to_subs":false,"_jetpack_newsletter_tier_id":0,"_jetpack_memberships_contains_paywalled_content":false,"_jetpack_memberships_contains_paid_content":false,"footnotes":"","jetpack_publicize_message":"","jetpack_publicize_feature_enabled":true,"jetpack_social_post_already_shared":true,"jetpack_social_options":{"image_generator_settings":{"template":"highway","enabled":false},"version":2}},"categories":[1],"tags":[],"class_list":["post-29467","post","type-post","status-publish","format-standard","hentry","category-notas"],"jetpack_publicize_connections":[],"jetpack_sharing_enabled":true,"jetpack_featured_media_url":"","jetpack_shortlink":"https:\/\/wp.me\/p7wKYW-7Fh","jetpack-related-posts":[],"_links":{"self":[{"href":"http:\/\/blogdalucianaoliveira.com.br\/blog\/wp-json\/wp\/v2\/posts\/29467","targetHints":{"allow":["GET"]}}],"collection":[{"href":"http:\/\/blogdalucianaoliveira.com.br\/blog\/wp-json\/wp\/v2\/posts"}],"about":[{"href":"http:\/\/blogdalucianaoliveira.com.br\/blog\/wp-json\/wp\/v2\/types\/post"}],"author":[{"embeddable":true,"href":"http:\/\/blogdalucianaoliveira.com.br\/blog\/wp-json\/wp\/v2\/users\/1"}],"replies":[{"embeddable":true,"href":"http:\/\/blogdalucianaoliveira.com.br\/blog\/wp-json\/wp\/v2\/comments?post=29467"}],"version-history":[{"count":1,"href":"http:\/\/blogdalucianaoliveira.com.br\/blog\/wp-json\/wp\/v2\/posts\/29467\/revisions"}],"predecessor-version":[{"id":29469,"href":"http:\/\/blogdalucianaoliveira.com.br\/blog\/wp-json\/wp\/v2\/posts\/29467\/revisions\/29469"}],"wp:attachment":[{"href":"http:\/\/blogdalucianaoliveira.com.br\/blog\/wp-json\/wp\/v2\/media?parent=29467"}],"wp:term":[{"taxonomy":"category","embeddable":true,"href":"http:\/\/blogdalucianaoliveira.com.br\/blog\/wp-json\/wp\/v2\/categories?post=29467"},{"taxonomy":"post_tag","embeddable":true,"href":"http:\/\/blogdalucianaoliveira.com.br\/blog\/wp-json\/wp\/v2\/tags?post=29467"}],"curies":[{"name":"wp","href":"https:\/\/api.w.org\/{rel}","templated":true}]}}