{"id":29477,"date":"2020-08-13T18:43:45","date_gmt":"2020-08-13T22:43:45","guid":{"rendered":"http:\/\/blogdalucianaoliveira.com.br\/blog\/?p=29477"},"modified":"2020-08-13T18:45:44","modified_gmt":"2020-08-13T22:45:44","slug":"pedido-de-socorro-do-povo-indigena-paiter-surui","status":"publish","type":"post","link":"http:\/\/blogdalucianaoliveira.com.br\/blog\/2020\/08\/13\/pedido-de-socorro-do-povo-indigena-paiter-surui\/","title":{"rendered":"PEDIDO DE SOCORRO DO POVO IND\u00cdGENA PAITER SURU\u00cd"},"content":{"rendered":"\n<figure class=\"wp-block-image size-large\"><img data-recalc-dims=\"1\" loading=\"lazy\" decoding=\"async\" width=\"600\" height=\"544\" data-attachment-id=\"29478\" data-permalink=\"http:\/\/blogdalucianaoliveira.com.br\/blog\/2020\/08\/13\/pedido-de-socorro-do-povo-indigena-paiter-surui\/870e339a-31e3-4b73-82f9-c5117b20b8a6\/\" data-orig-file=\"https:\/\/i0.wp.com\/blogdalucianaoliveira.com.br\/blog\/wp-content\/uploads\/2020\/08\/870E339A-31E3-4B73-82F9-C5117B20B8A6.jpeg?fit=640%2C580\" data-orig-size=\"640,580\" data-comments-opened=\"0\" data-image-meta=\"{&quot;aperture&quot;:&quot;0&quot;,&quot;credit&quot;:&quot;&quot;,&quot;camera&quot;:&quot;&quot;,&quot;caption&quot;:&quot;&quot;,&quot;created_timestamp&quot;:&quot;0&quot;,&quot;copyright&quot;:&quot;&quot;,&quot;focal_length&quot;:&quot;0&quot;,&quot;iso&quot;:&quot;0&quot;,&quot;shutter_speed&quot;:&quot;0&quot;,&quot;title&quot;:&quot;&quot;,&quot;orientation&quot;:&quot;1&quot;}\" data-image-title=\"870E339A-31E3-4B73-82F9-C5117B20B8A6\" data-image-description=\"\" data-image-caption=\"\" data-medium-file=\"https:\/\/i0.wp.com\/blogdalucianaoliveira.com.br\/blog\/wp-content\/uploads\/2020\/08\/870E339A-31E3-4B73-82F9-C5117B20B8A6.jpeg?fit=300%2C272\" data-large-file=\"https:\/\/i0.wp.com\/blogdalucianaoliveira.com.br\/blog\/wp-content\/uploads\/2020\/08\/870E339A-31E3-4B73-82F9-C5117B20B8A6.jpeg?fit=600%2C544\" src=\"https:\/\/i0.wp.com\/blogdalucianaoliveira.com.br\/blog\/wp-content\/uploads\/2020\/08\/870E339A-31E3-4B73-82F9-C5117B20B8A6.jpeg?resize=600%2C544\" alt=\"\" class=\"wp-image-29478\" srcset=\"https:\/\/i0.wp.com\/blogdalucianaoliveira.com.br\/blog\/wp-content\/uploads\/2020\/08\/870E339A-31E3-4B73-82F9-C5117B20B8A6.jpeg?w=640 640w, https:\/\/i0.wp.com\/blogdalucianaoliveira.com.br\/blog\/wp-content\/uploads\/2020\/08\/870E339A-31E3-4B73-82F9-C5117B20B8A6.jpeg?resize=300%2C272 300w, https:\/\/i0.wp.com\/blogdalucianaoliveira.com.br\/blog\/wp-content\/uploads\/2020\/08\/870E339A-31E3-4B73-82F9-C5117B20B8A6.jpeg?resize=331%2C300 331w\" sizes=\"auto, (max-width: 600px) 100vw, 600px\" \/><\/figure>\n\n\n\n<p>O Povo Paiter Suru\u00ed, atrav\u00e9s desta carta, vem expor a atual situa\u00e7\u00e3o da comunidade em face do coronav\u00edrus que atingiu as aldeias e exigir das autoridades respons\u00e1veis medidas urgentes para a conten\u00e7\u00e3o da doen\u00e7a e tratamento dos ind\u00edgenas infectados.<\/p>\n\n\n\n<!--more-->\n\n\n\n<p><br> O coronav\u00edrus  j\u00e1 atingiu a Terra Ind\u00edgena 7 de Setembro e atualmente existem 41 casos de ind\u00edgenas que foram infectados, 13 casos de ind\u00edgenas que permanecem com o v\u00edrus ativo e 4 ind\u00edgenas em estado cr\u00edtico de sa\u00fade que se encontram internados.<\/p>\n\n\n\n<p><br> Esta situa\u00e7\u00e3o n\u00e3o \u00e9 fato isolado do Povo Paiter Suru\u00ed, pois v\u00e1rias comunidades ind\u00edgenas do estado de Rond\u00f4nia  e do Brasil se encontram do mesmo jeito, chegando em Rond\u00f4nia a 9 \u00f3bitos e 304 infectados apenas no polo do DSEI Vilhena. <br><br> Apesar da grave situa\u00e7\u00e3o do Povo Suru\u00ed medidas urgentes ainda n\u00e3o foram tomadas para conter o v\u00edrus dentro das comunidades e os ind\u00edgenas em estado grave que correm risco de morte ainda n\u00e3o foram transferidos para a UTI por falta de leitos.<\/p>\n\n\n\n<p><br> Diante da situa\u00e7\u00e3o exposta, o Povo Paiter Suru\u00ed vem solicitar  imediata providencia das autoridades respons\u00e1veis:<br> \u2022    Instala\u00e7\u00e3o de um Hospital de Campanha com UTI para atender os povos ind\u00edgenas de Rond\u00f4nia e Mato Grosso atendidas pelos DSEI Porto Velho e Vilhena;<br> \u2022    Contrata\u00e7\u00e3o de mais profissionais de sa\u00fade para atenderem nos DSEI e nos postos de sa\u00fade ind\u00edgena dentro das aldeia, com equipamentos e medicamentos necess\u00e1rios para atender os casos de COVID.<br> \u2022    Teste  para ser feito em todos os ind\u00edgenas, que apresentem os sintomas de Covid;<br> \u2022    Divulga\u00e7\u00e3o di\u00e1ria por povo ind\u00edgenas junto as suas Associa\u00e7\u00f5es e comunidades.<br> \u2022    Cria\u00e7\u00e3o de um Comit\u00ea de Dialago composto por representantes dos povos ind\u00edgenas, parceiros (ONGS) e profissionais de sa\u00fade. <br> Nos colocamos \u00e0 disposi\u00e7\u00e3o para mais informa\u00e7\u00f5es ou esclarecimentos.<\/p>\n\n\n\n<p>Assinam as lideran\u00e7as Paiter Surui<\/p>\n\n\n\n<p>Almir Narayamoga Surui<br>\nAnine Gaami surui<br>\nNaraykokir Surui<br>\nMopiri surui<br>\nAgamenon surui<br>\nRomero surui<br>\nRubens Naraikoe Surui<\/p>\n","protected":false},"excerpt":{"rendered":"<p>O Povo Paiter Suru\u00ed, atrav\u00e9s desta carta, vem expor a atual situa\u00e7\u00e3o da comunidade em face do coronav\u00edrus que atingiu as aldeias e exigir das autoridades respons\u00e1veis medidas urgentes para a conten\u00e7\u00e3o da doen\u00e7a e tratamento dos ind\u00edgenas infectados.<\/p>\n","protected":false},"author":1,"featured_media":0,"comment_status":"closed","ping_status":"open","sticky":false,"template":"","format":"standard","meta":{"_exactmetrics_skip_tracking":false,"_exactmetrics_sitenote_active":false,"_exactmetrics_sitenote_note":"","_exactmetrics_sitenote_category":0,"jetpack_post_was_ever_published":false,"_jetpack_newsletter_access":"","_jetpack_dont_email_post_to_subs":false,"_jetpack_newsletter_tier_id":0,"_jetpack_memberships_contains_paywalled_content":false,"_jetpack_memberships_contains_paid_content":false,"footnotes":"","jetpack_publicize_message":"","jetpack_publicize_feature_enabled":true,"jetpack_social_post_already_shared":true,"jetpack_social_options":{"image_generator_settings":{"template":"highway","enabled":false},"version":2}},"categories":[1],"tags":[],"class_list":["post-29477","post","type-post","status-publish","format-standard","hentry","category-notas"],"jetpack_publicize_connections":[],"jetpack_sharing_enabled":true,"jetpack_featured_media_url":"","jetpack_shortlink":"https:\/\/wp.me\/p7wKYW-7Fr","jetpack-related-posts":[],"_links":{"self":[{"href":"http:\/\/blogdalucianaoliveira.com.br\/blog\/wp-json\/wp\/v2\/posts\/29477","targetHints":{"allow":["GET"]}}],"collection":[{"href":"http:\/\/blogdalucianaoliveira.com.br\/blog\/wp-json\/wp\/v2\/posts"}],"about":[{"href":"http:\/\/blogdalucianaoliveira.com.br\/blog\/wp-json\/wp\/v2\/types\/post"}],"author":[{"embeddable":true,"href":"http:\/\/blogdalucianaoliveira.com.br\/blog\/wp-json\/wp\/v2\/users\/1"}],"replies":[{"embeddable":true,"href":"http:\/\/blogdalucianaoliveira.com.br\/blog\/wp-json\/wp\/v2\/comments?post=29477"}],"version-history":[{"count":2,"href":"http:\/\/blogdalucianaoliveira.com.br\/blog\/wp-json\/wp\/v2\/posts\/29477\/revisions"}],"predecessor-version":[{"id":29480,"href":"http:\/\/blogdalucianaoliveira.com.br\/blog\/wp-json\/wp\/v2\/posts\/29477\/revisions\/29480"}],"wp:attachment":[{"href":"http:\/\/blogdalucianaoliveira.com.br\/blog\/wp-json\/wp\/v2\/media?parent=29477"}],"wp:term":[{"taxonomy":"category","embeddable":true,"href":"http:\/\/blogdalucianaoliveira.com.br\/blog\/wp-json\/wp\/v2\/categories?post=29477"},{"taxonomy":"post_tag","embeddable":true,"href":"http:\/\/blogdalucianaoliveira.com.br\/blog\/wp-json\/wp\/v2\/tags?post=29477"}],"curies":[{"name":"wp","href":"https:\/\/api.w.org\/{rel}","templated":true}]}}