{"id":29494,"date":"2020-08-14T16:33:38","date_gmt":"2020-08-14T20:33:38","guid":{"rendered":"http:\/\/blogdalucianaoliveira.com.br\/blog\/?p=29494"},"modified":"2020-08-15T00:22:50","modified_gmt":"2020-08-15T04:22:50","slug":"ro-covid-19-se-espalha-no-territorio-indigena-paiter-surui","status":"publish","type":"post","link":"http:\/\/blogdalucianaoliveira.com.br\/blog\/2020\/08\/14\/ro-covid-19-se-espalha-no-territorio-indigena-paiter-surui\/","title":{"rendered":"RO: COVID-19 se espalha no territ\u00f3rio ind\u00edgena Paiter Surui"},"content":{"rendered":"\n<figure class=\"wp-block-image size-large\"><img data-recalc-dims=\"1\" loading=\"lazy\" decoding=\"async\" width=\"567\" height=\"378\" data-attachment-id=\"29496\" data-permalink=\"http:\/\/blogdalucianaoliveira.com.br\/blog\/2020\/08\/14\/ro-covid-19-se-espalha-no-territorio-indigena-paiter-surui\/e55a4e8c-bdcf-4e89-8896-68fae908ae10\/\" data-orig-file=\"https:\/\/i0.wp.com\/blogdalucianaoliveira.com.br\/blog\/wp-content\/uploads\/2020\/08\/E55A4E8C-BDCF-4E89-8896-68FAE908AE10.png?fit=567%2C378\" data-orig-size=\"567,378\" data-comments-opened=\"0\" data-image-meta=\"{&quot;aperture&quot;:&quot;0&quot;,&quot;credit&quot;:&quot;&quot;,&quot;camera&quot;:&quot;&quot;,&quot;caption&quot;:&quot;&quot;,&quot;created_timestamp&quot;:&quot;0&quot;,&quot;copyright&quot;:&quot;&quot;,&quot;focal_length&quot;:&quot;0&quot;,&quot;iso&quot;:&quot;0&quot;,&quot;shutter_speed&quot;:&quot;0&quot;,&quot;title&quot;:&quot;&quot;,&quot;orientation&quot;:&quot;0&quot;}\" data-image-title=\"E55A4E8C-BDCF-4E89-8896-68FAE908AE10\" data-image-description=\"\" data-image-caption=\"\" data-medium-file=\"https:\/\/i0.wp.com\/blogdalucianaoliveira.com.br\/blog\/wp-content\/uploads\/2020\/08\/E55A4E8C-BDCF-4E89-8896-68FAE908AE10.png?fit=300%2C200\" data-large-file=\"https:\/\/i0.wp.com\/blogdalucianaoliveira.com.br\/blog\/wp-content\/uploads\/2020\/08\/E55A4E8C-BDCF-4E89-8896-68FAE908AE10.png?fit=567%2C378\" src=\"https:\/\/i0.wp.com\/blogdalucianaoliveira.com.br\/blog\/wp-content\/uploads\/2020\/08\/E55A4E8C-BDCF-4E89-8896-68FAE908AE10.png?resize=567%2C378\" alt=\"\" class=\"wp-image-29496\" srcset=\"https:\/\/i0.wp.com\/blogdalucianaoliveira.com.br\/blog\/wp-content\/uploads\/2020\/08\/E55A4E8C-BDCF-4E89-8896-68FAE908AE10.png?w=567 567w, https:\/\/i0.wp.com\/blogdalucianaoliveira.com.br\/blog\/wp-content\/uploads\/2020\/08\/E55A4E8C-BDCF-4E89-8896-68FAE908AE10.png?resize=300%2C200 300w, https:\/\/i0.wp.com\/blogdalucianaoliveira.com.br\/blog\/wp-content\/uploads\/2020\/08\/E55A4E8C-BDCF-4E89-8896-68FAE908AE10.png?resize=450%2C300 450w\" sizes=\"auto, (max-width: 567px) 100vw, 567px\" \/><\/figure>\n\n\n\n<p><strong>Lideran\u00e7as do povo que vive na Terra Ind\u00edgena Sete de Setembro pr\u00f3xima ao munic\u00edpio de Cacoal em Rond\u00f4nia, pedem ajuda em v\u00eddeos e carta \u00e0 sociedade para enfrentar o espalhamento da doen\u00e7a nas 28 aldeias.<\/strong><br><\/p>\n\n\n\n<!--more-->\n\n\n\n<p><strong>Al\u00e9m das amea\u00e7as constantes de invas\u00f5es, os desmatamentos e queimadas, eles enfrentam agora a pandemia que j\u00e1 infectou mais de 40 ind\u00edgenas.<\/strong><br><strong>Os Surui reclamam como os demais povos ind\u00edgenas de abandono pelo governo Bolsonaro.<\/strong><\/p>\n\n\n\n<p><\/p>\n\n\n\n<iframe loading=\"lazy\" src=\"https:\/\/www.facebook.com\/plugins\/video.php?href=https%3A%2F%2Fwww.facebook.com%2Fluciana.oliveira.75457%2Fvideos%2F3340919345983945%2F&#038;show_text=0&#038;width=476\" width=\"476\" height=\"476\" style=\"border:none;overflow:hidden\" scrolling=\"no\" frameborder=\"0\" allowTransparency=\"true\" allowFullScreen=\"true\"><\/iframe>\n\n\n\n<iframe loading=\"lazy\" src=\"https:\/\/www.facebook.com\/plugins\/video.php?href=https%3A%2F%2Fwww.facebook.com%2Fluciana.oliveira.75457%2Fvideos%2F3340461629363050%2F&#038;show_text=0&#038;width=560\" width=\"560\" height=\"316\" style=\"border:none;overflow:hidden\" scrolling=\"no\" frameborder=\"0\" allowTransparency=\"true\" allowFullScreen=\"true\"><\/iframe>\n\n\n\n<p><strong>Confira a Carta:&nbsp;<\/strong><\/p>\n\n\n\n<p><strong>O Povo Paiter Suru\u00ed, atrav\u00e9s desta carta, vem expor a atual situa\u00e7\u00e3o da comunidade em face do coronav\u00edrus que atingiu as aldeias e exigir das autoridades respons\u00e1veis medidas urgentes para a conten\u00e7\u00e3o da doen\u00e7a e tratamento dos ind\u00edgenas infectados.<\/strong><\/p>\n\n\n\n<p><strong><br>O coronav\u00edrus j\u00e1 atingiu a Terra Ind\u00edgena&nbsp;<a href=\"x-apple-data-detectors:\/\/2\">7 de Setembro<\/a>&nbsp;e atualmente existem 41 casos de ind\u00edgenas que foram infectados, 13 casos de ind\u00edgenas que permanecem com o v\u00edrus ativo e 4 ind\u00edgenas em estado cr\u00edtico de sa\u00fade que se encontram internados.<\/strong><\/p>\n\n\n\n<p><strong><br>Esta situa\u00e7\u00e3o n\u00e3o \u00e9 fato isolado do Povo Paiter Suru\u00ed, pois v\u00e1rias comunidades ind\u00edgenas do estado de Rond\u00f4nia e do Brasil se encontram do mesmo jeito, chegando em Rond\u00f4nia a 9 \u00f3bitos e 304 infectados apenas no polo do DSEI Vilhena.<br><br>Apesar da grave situa\u00e7\u00e3o do Povo Suru\u00ed medidas urgentes ainda n\u00e3o foram tomadas para conter o v\u00edrus dentro das comunidades e os ind\u00edgenas em estado grave que correm risco de morte ainda n\u00e3o foram transferidos para a UTI por falta de leitos.<\/strong><\/p>\n\n\n\n<p><strong><br>Diante da situa\u00e7\u00e3o exposta, o Povo Paiter Suru\u00ed vem solicitar imediata providencia das autoridades respons\u00e1veis:<br>\u2022 Instala\u00e7\u00e3o de um Hospital de Campanha com UTI para atender os povos ind\u00edgenas de Rond\u00f4nia e Mato Grosso atendidas pelos DSEI Porto Velho e Vilhena;<br>\u2022 Contrata\u00e7\u00e3o de mais profissionais de sa\u00fade para atenderem nos DSEI e nos postos de sa\u00fade ind\u00edgena dentro das aldeia, com equipamentos e medicamentos necess\u00e1rios para atender os casos de COVID.<br>\u2022 Teste para ser feito em todos os ind\u00edgenas, que apresentem os sintomas de Covid;<br>\u2022 Divulga\u00e7\u00e3o di\u00e1ria por povo ind\u00edgenas junto as suas Associa\u00e7\u00f5es e comunidades.<br>\u2022 Cria\u00e7\u00e3o de um Comit\u00ea de Dialago composto por representantes dos povos ind\u00edgenas, parceiros (ONGS) e profissionais de sa\u00fade.<br>Nos colocamos \u00e0 disposi\u00e7\u00e3o para mais informa\u00e7\u00f5es ou esclarecimentos.<\/strong><\/p>\n\n\n\n<p><strong>Assinam as lideran\u00e7as Paiter Surui<\/strong><\/p>\n\n\n\n<p><strong>Almir Narayamoga Surui<br>Anine Gaami surui<br>Naraykokir Surui<br>Mopiri surui<br>Agamenon surui<br>Romero surui<br>Rubens Naraikoe Surui<\/strong><\/p>\n","protected":false},"excerpt":{"rendered":"<p>Lideran\u00e7as do povo que vive na Terra Ind\u00edgena Sete de Setembro pr\u00f3xima ao munic\u00edpio de Cacoal em Rond\u00f4nia, pedem ajuda em v\u00eddeos e carta \u00e0 sociedade para enfrentar o espalhamento da doen\u00e7a nas 28 aldeias.<\/p>\n","protected":false},"author":1,"featured_media":0,"comment_status":"closed","ping_status":"open","sticky":false,"template":"","format":"standard","meta":{"_exactmetrics_skip_tracking":false,"_exactmetrics_sitenote_active":false,"_exactmetrics_sitenote_note":"","_exactmetrics_sitenote_category":0,"jetpack_post_was_ever_published":false,"_jetpack_newsletter_access":"","_jetpack_dont_email_post_to_subs":false,"_jetpack_newsletter_tier_id":0,"_jetpack_memberships_contains_paywalled_content":false,"_jetpack_memberships_contains_paid_content":false,"footnotes":"","jetpack_publicize_message":"","jetpack_publicize_feature_enabled":true,"jetpack_social_post_already_shared":true,"jetpack_social_options":{"image_generator_settings":{"template":"highway","enabled":false},"version":2}},"categories":[1],"tags":[],"class_list":["post-29494","post","type-post","status-publish","format-standard","hentry","category-notas"],"jetpack_publicize_connections":[],"jetpack_sharing_enabled":true,"jetpack_featured_media_url":"","jetpack_shortlink":"https:\/\/wp.me\/p7wKYW-7FI","jetpack-related-posts":[],"_links":{"self":[{"href":"http:\/\/blogdalucianaoliveira.com.br\/blog\/wp-json\/wp\/v2\/posts\/29494","targetHints":{"allow":["GET"]}}],"collection":[{"href":"http:\/\/blogdalucianaoliveira.com.br\/blog\/wp-json\/wp\/v2\/posts"}],"about":[{"href":"http:\/\/blogdalucianaoliveira.com.br\/blog\/wp-json\/wp\/v2\/types\/post"}],"author":[{"embeddable":true,"href":"http:\/\/blogdalucianaoliveira.com.br\/blog\/wp-json\/wp\/v2\/users\/1"}],"replies":[{"embeddable":true,"href":"http:\/\/blogdalucianaoliveira.com.br\/blog\/wp-json\/wp\/v2\/comments?post=29494"}],"version-history":[{"count":4,"href":"http:\/\/blogdalucianaoliveira.com.br\/blog\/wp-json\/wp\/v2\/posts\/29494\/revisions"}],"predecessor-version":[{"id":29503,"href":"http:\/\/blogdalucianaoliveira.com.br\/blog\/wp-json\/wp\/v2\/posts\/29494\/revisions\/29503"}],"wp:attachment":[{"href":"http:\/\/blogdalucianaoliveira.com.br\/blog\/wp-json\/wp\/v2\/media?parent=29494"}],"wp:term":[{"taxonomy":"category","embeddable":true,"href":"http:\/\/blogdalucianaoliveira.com.br\/blog\/wp-json\/wp\/v2\/categories?post=29494"},{"taxonomy":"post_tag","embeddable":true,"href":"http:\/\/blogdalucianaoliveira.com.br\/blog\/wp-json\/wp\/v2\/tags?post=29494"}],"curies":[{"name":"wp","href":"https:\/\/api.w.org\/{rel}","templated":true}]}}