{"id":29500,"date":"2020-08-14T16:58:35","date_gmt":"2020-08-14T20:58:35","guid":{"rendered":"http:\/\/blogdalucianaoliveira.com.br\/blog\/?p=29500"},"modified":"2020-08-14T16:58:43","modified_gmt":"2020-08-14T20:58:43","slug":"despejo-de-familias-do-mst-em-plena-pandemia-e-denunciado-a-onu","status":"publish","type":"post","link":"http:\/\/blogdalucianaoliveira.com.br\/blog\/2020\/08\/14\/despejo-de-familias-do-mst-em-plena-pandemia-e-denunciado-a-onu\/","title":{"rendered":"Despejo de fam\u00edlias do MST em plena pandemia \u00e9 denunciado \u00e0 ONU"},"content":{"rendered":"\n<figure class=\"wp-block-image size-large\"><img data-recalc-dims=\"1\" loading=\"lazy\" decoding=\"async\" width=\"600\" height=\"374\" data-attachment-id=\"29501\" data-permalink=\"http:\/\/blogdalucianaoliveira.com.br\/blog\/2020\/08\/14\/despejo-de-familias-do-mst-em-plena-pandemia-e-denunciado-a-onu\/image-16-10\/\" data-orig-file=\"https:\/\/i0.wp.com\/blogdalucianaoliveira.com.br\/blog\/wp-content\/uploads\/2020\/08\/image-16.jpeg?fit=610%2C380\" data-orig-size=\"610,380\" data-comments-opened=\"0\" data-image-meta=\"{&quot;aperture&quot;:&quot;0&quot;,&quot;credit&quot;:&quot;&quot;,&quot;camera&quot;:&quot;&quot;,&quot;caption&quot;:&quot;&quot;,&quot;created_timestamp&quot;:&quot;0&quot;,&quot;copyright&quot;:&quot;&quot;,&quot;focal_length&quot;:&quot;0&quot;,&quot;iso&quot;:&quot;0&quot;,&quot;shutter_speed&quot;:&quot;0&quot;,&quot;title&quot;:&quot;&quot;,&quot;orientation&quot;:&quot;0&quot;}\" data-image-title=\"image-16\" data-image-description=\"\" data-image-caption=\"\" data-medium-file=\"https:\/\/i0.wp.com\/blogdalucianaoliveira.com.br\/blog\/wp-content\/uploads\/2020\/08\/image-16.jpeg?fit=300%2C187\" data-large-file=\"https:\/\/i0.wp.com\/blogdalucianaoliveira.com.br\/blog\/wp-content\/uploads\/2020\/08\/image-16.jpeg?fit=600%2C374\" src=\"https:\/\/i0.wp.com\/blogdalucianaoliveira.com.br\/blog\/wp-content\/uploads\/2020\/08\/image-16.jpeg?resize=600%2C374\" alt=\"\" class=\"wp-image-29501\" srcset=\"https:\/\/i0.wp.com\/blogdalucianaoliveira.com.br\/blog\/wp-content\/uploads\/2020\/08\/image-16.jpeg?w=610 610w, https:\/\/i0.wp.com\/blogdalucianaoliveira.com.br\/blog\/wp-content\/uploads\/2020\/08\/image-16.jpeg?resize=300%2C187 300w, https:\/\/i0.wp.com\/blogdalucianaoliveira.com.br\/blog\/wp-content\/uploads\/2020\/08\/image-16.jpeg?resize=482%2C300 482w\" sizes=\"auto, (max-width: 600px) 100vw, 600px\" \/><\/figure>\n\n\n\n<p><a href=\"https:\/\/www.brasildefato.com.br\/2020\/08\/13\/despejo-em-acampamento-do-mst-em-minas-gerais-e-denunciado-a-onu\"><strong>Brasil de Fato<\/strong><\/a><strong>&nbsp;&#8211;<\/strong>&nbsp;A Campanha Despejo Zero, capitaneada pelo Movimento dos Trabalhadores Sem Terra (MST), o Movimento dos Trabalhadores Sem Teto (MTST) e mais de 100 movimentos populares, denunciou o&nbsp;<a href=\"https:\/\/www.brasil247.com\/regionais\/sudeste\/dilma-condena-despejo-de-familias-do-mst-e-diz-que-pm-de-zema-faz-acao-fascista\">despejo do Acampamento Quilombo Campo Grande&nbsp;<\/a>\u00e0 Organiza\u00e7\u00e3o das Na\u00e7\u00f5es Unidas (ONU).<\/p>\n\n\n\n<!--more-->\n\n\n\n<p>Um informe foi enviado nesta quinta-feira (13) ao relator especial de moradia adequada ONU, Balakrishnan Rajagopal, denunciando a destrui\u00e7\u00e3o de uma escola e a retirada de seis fam\u00edlias do acampamento do MST em Campo do Meio, no estado de Minas Gerais.<\/p>\n\n\n\n<p>Os movimentos tamb\u00e9m denunciam o fato de a\u00e7\u00e3o estar ocorrendo durante o estado de calamidade p\u00fablica provocado pela pandemia da covid-19 e pedem que o governador Romeu Zema (Novo) seja oficiado pela entidade para a suspens\u00e3o imediata da reintegra\u00e7\u00e3o.<\/p>\n\n\n\n<p>As mais de 450 fam\u00edlias vivem e trabalham no local h\u00e1 23 anos e s\u00e3o refer\u00eancia de produ\u00e7\u00e3o agroecol\u00f3gica na regi\u00e3o. Os sem-terra resistem \u00e0 tentativa de despejo desde a manh\u00e3 de quarta-feira (12). Neste momento, segundo o MST, h\u00e1 mais de 200 policiais no local<\/p>\n\n\n\n<p>\u201cO despejo do Quilombo Campo Grande \u00e9 uma grave viola\u00e7\u00e3o de direitos humanos para as fam\u00edlias locais, que podem perder tanto sua moradia quanto seu sustento. Isto tamb\u00e9m impacta diretamente a seguran\u00e7a alimentar de todas as fam\u00edlias que recebem os alimentos ali produzidos\u201d, apontam as organiza\u00e7\u00f5es da Campanha Despejo Zero no informe enviado.<\/p>\n\n\n\n<p>Apesar de o governador ter cedido \u00e0 press\u00e3o popular e declarado em suas redes sociais nesta quarta-feira (12) que o governo estadual era a favor do adiamento da remo\u00e7\u00e3o dos sem-terra, o oficial respons\u00e1vel pelo despejo informou ao MST que a a\u00e7\u00e3o iria continuar caso n\u00e3o houvesse uma ordem de suspens\u00e3o oficial.<\/p>\n\n\n\n<p>Os advogados do MST entraram com um pedido no Superior Tribunal de Justi\u00e7a (STJ) para reverter a ordem de despejo.<\/p>\n\n\n\n<p><strong>Entenda o conflito&nbsp;<\/strong><\/p>\n\n\n\n<p>Os acampados atingidos pela reintegra\u00e7\u00e3o de posse vivem na \u00e1rea da usina falida Ariadn\u00f3polis, da Companhia Agropecu\u00e1ria Irm\u00e3os Azevedo (Capia), que encerrou as atividades em 1996. Ao falir, os donos da empresa deixaram d\u00edvidas trabalhistas e as terras em situa\u00e7\u00e3o de completo abandono.&nbsp;<\/p>\n\n\n\n<p>Ap\u00f3s a ocupa\u00e7\u00e3o e revitaliza\u00e7\u00e3o das terras a partir de 1998, os agricultores est\u00e3o em constante disputa com os propriet\u00e1rios da Companhia, que reivindicam posse do local recuperado ao longo dos anos pelos sem-terra.&nbsp;<\/p>\n\n\n\n<p>A regi\u00e3o do sul de Minas, conhecida por ser a maior produtora de caf\u00e9 do Brasil, \u00e9 tamb\u00e9m ber\u00e7o do caf\u00e9 org\u00e2nico e agroecol\u00f3gico Guai\u00ed, produzido h\u00e1 d\u00e9cadas pelos acampados. No local, os agricultores tamb\u00e9m desenvolvem atividades como plantio de cereais, milho, hortali\u00e7as e frutas.&nbsp;<\/p>\n\n\n\n<p>Atualmente, quem pede o despejo das fam\u00edlias \u00e9 o empres\u00e1rio Jovane de Souza Moreira, que tenta reativar a usina falida para cumprir um acordo comercial com a Jodil Agropecu\u00e1ria e Participa\u00e7\u00f5es Ltda. O propriet\u00e1rio da empresa em quest\u00e3o \u00e9 Jo\u00e3o Faria da Silva, considerado um dos maiores produtores de caf\u00e9 do pa\u00eds.<\/p>\n\n\n\n<p>O juiz Walter Zwicker Esbaille Junior, do Tribunal de Justi\u00e7a de Minhas Gerais (TJ-MG) chegou a determinar a reintegra\u00e7\u00e3o de posse em novembro de 2018 em primeira inst\u00e2ncia. Entretanto, o desembargador Marcos Henrique Caldeira Brant suspendeu a decis\u00e3o.<\/p>\n\n\n\n<p>Reportagem da Rep\u00f3rter Brasil, publicada em novembro 2018, registra que ap\u00f3s pedir recupera\u00e7\u00e3o judicial da Usina, o &nbsp;documento firmado entre Jovane e Faria prev\u00ea o arrendamento de parte dos 4 mil hectares da terra para o plantio de caf\u00e9, enquanto outra parcela seria destinada ao cultivo da cana-de-a\u00e7\u00facar.<\/p>\n\n\n\n<p>O despejo iniciado nesta quarta-feira (12) foi determinado pelo juiz Roberto Apolin\u00e1rio de Castro em fevereiro e afeta diversas fam\u00edlias que ocupam a \u00e1rea da sede da Usina.<\/p>\n\n\n\n<p>Mas, segundo denuncia o MST, a quest\u00e3o que agrava a situa\u00e7\u00e3o \u00e9 o limite entre as \u00e1reas do Quilombo e a \u00e1rea que o propriet\u00e1rio da antiga usina alega ser de sua propriedade.<\/p>\n\n\n\n<p>De acordo com o movimento, \u00e1rea que o dono da Usina reivindica legalmente n\u00e3o \u00e9 dele de fato. Apesar disso, o despacho mais recente, de fevereiro desse ano, aumentou a \u00e1rea da reintegra\u00e7\u00e3o de posse para 52 hectares.<\/p>\n","protected":false},"excerpt":{"rendered":"<p>Brasil de Fato&nbsp;&#8211;&nbsp;A Campanha Despejo Zero, capitaneada pelo Movimento dos Trabalhadores Sem Terra (MST), o Movimento dos Trabalhadores Sem Teto (MTST) e mais de 100 movimentos populares, denunciou o&nbsp;despejo do Acampamento Quilombo Campo Grande&nbsp;\u00e0 Organiza\u00e7\u00e3o das Na\u00e7\u00f5es Unidas (ONU).<\/p>\n","protected":false},"author":1,"featured_media":0,"comment_status":"closed","ping_status":"open","sticky":false,"template":"","format":"standard","meta":{"_exactmetrics_skip_tracking":false,"_exactmetrics_sitenote_active":false,"_exactmetrics_sitenote_note":"","_exactmetrics_sitenote_category":0,"jetpack_post_was_ever_published":false,"_jetpack_newsletter_access":"","_jetpack_dont_email_post_to_subs":false,"_jetpack_newsletter_tier_id":0,"_jetpack_memberships_contains_paywalled_content":false,"_jetpack_memberships_contains_paid_content":false,"footnotes":"","jetpack_publicize_message":"","jetpack_publicize_feature_enabled":true,"jetpack_social_post_already_shared":true,"jetpack_social_options":{"image_generator_settings":{"template":"highway","enabled":false},"version":2}},"categories":[1],"tags":[],"class_list":["post-29500","post","type-post","status-publish","format-standard","hentry","category-notas"],"jetpack_publicize_connections":[],"jetpack_sharing_enabled":true,"jetpack_featured_media_url":"","jetpack_shortlink":"https:\/\/wp.me\/p7wKYW-7FO","jetpack-related-posts":[],"_links":{"self":[{"href":"http:\/\/blogdalucianaoliveira.com.br\/blog\/wp-json\/wp\/v2\/posts\/29500","targetHints":{"allow":["GET"]}}],"collection":[{"href":"http:\/\/blogdalucianaoliveira.com.br\/blog\/wp-json\/wp\/v2\/posts"}],"about":[{"href":"http:\/\/blogdalucianaoliveira.com.br\/blog\/wp-json\/wp\/v2\/types\/post"}],"author":[{"embeddable":true,"href":"http:\/\/blogdalucianaoliveira.com.br\/blog\/wp-json\/wp\/v2\/users\/1"}],"replies":[{"embeddable":true,"href":"http:\/\/blogdalucianaoliveira.com.br\/blog\/wp-json\/wp\/v2\/comments?post=29500"}],"version-history":[{"count":1,"href":"http:\/\/blogdalucianaoliveira.com.br\/blog\/wp-json\/wp\/v2\/posts\/29500\/revisions"}],"predecessor-version":[{"id":29502,"href":"http:\/\/blogdalucianaoliveira.com.br\/blog\/wp-json\/wp\/v2\/posts\/29500\/revisions\/29502"}],"wp:attachment":[{"href":"http:\/\/blogdalucianaoliveira.com.br\/blog\/wp-json\/wp\/v2\/media?parent=29500"}],"wp:term":[{"taxonomy":"category","embeddable":true,"href":"http:\/\/blogdalucianaoliveira.com.br\/blog\/wp-json\/wp\/v2\/categories?post=29500"},{"taxonomy":"post_tag","embeddable":true,"href":"http:\/\/blogdalucianaoliveira.com.br\/blog\/wp-json\/wp\/v2\/tags?post=29500"}],"curies":[{"name":"wp","href":"https:\/\/api.w.org\/{rel}","templated":true}]}}