{"id":29507,"date":"2020-08-15T23:44:40","date_gmt":"2020-08-16T03:44:40","guid":{"rendered":"http:\/\/blogdalucianaoliveira.com.br\/blog\/?p=29507"},"modified":"2020-08-15T23:44:44","modified_gmt":"2020-08-16T03:44:44","slug":"noam-chomsky-e-vijay-prashad-o-despejo-do-acampamento-do-mst-nos-doi-profundamente","status":"publish","type":"post","link":"http:\/\/blogdalucianaoliveira.com.br\/blog\/2020\/08\/15\/noam-chomsky-e-vijay-prashad-o-despejo-do-acampamento-do-mst-nos-doi-profundamente\/","title":{"rendered":"Noam Chomsky e Vijay Prashad: o despejo do acampamento do MST &#8220;nos d\u00f3i profundamente&#8221;"},"content":{"rendered":"\n<figure class=\"wp-block-image size-large\"><img data-recalc-dims=\"1\" loading=\"lazy\" decoding=\"async\" width=\"600\" height=\"400\" data-attachment-id=\"29508\" data-permalink=\"http:\/\/blogdalucianaoliveira.com.br\/blog\/2020\/08\/15\/noam-chomsky-e-vijay-prashad-o-despejo-do-acampamento-do-mst-nos-doi-profundamente\/image-17-10\/\" data-orig-file=\"https:\/\/i0.wp.com\/blogdalucianaoliveira.com.br\/blog\/wp-content\/uploads\/2020\/08\/image-17.jpeg?fit=800%2C533\" data-orig-size=\"800,533\" data-comments-opened=\"0\" data-image-meta=\"{&quot;aperture&quot;:&quot;0&quot;,&quot;credit&quot;:&quot;&quot;,&quot;camera&quot;:&quot;&quot;,&quot;caption&quot;:&quot;&quot;,&quot;created_timestamp&quot;:&quot;0&quot;,&quot;copyright&quot;:&quot;&quot;,&quot;focal_length&quot;:&quot;0&quot;,&quot;iso&quot;:&quot;0&quot;,&quot;shutter_speed&quot;:&quot;0&quot;,&quot;title&quot;:&quot;&quot;,&quot;orientation&quot;:&quot;0&quot;}\" data-image-title=\"image-17\" data-image-description=\"\" data-image-caption=\"\" data-medium-file=\"https:\/\/i0.wp.com\/blogdalucianaoliveira.com.br\/blog\/wp-content\/uploads\/2020\/08\/image-17.jpeg?fit=300%2C200\" data-large-file=\"https:\/\/i0.wp.com\/blogdalucianaoliveira.com.br\/blog\/wp-content\/uploads\/2020\/08\/image-17.jpeg?fit=600%2C400\" src=\"https:\/\/i0.wp.com\/blogdalucianaoliveira.com.br\/blog\/wp-content\/uploads\/2020\/08\/image-17.jpeg?resize=600%2C400\" alt=\"\" class=\"wp-image-29508\" srcset=\"https:\/\/i0.wp.com\/blogdalucianaoliveira.com.br\/blog\/wp-content\/uploads\/2020\/08\/image-17.jpeg?w=800 800w, https:\/\/i0.wp.com\/blogdalucianaoliveira.com.br\/blog\/wp-content\/uploads\/2020\/08\/image-17.jpeg?resize=300%2C200 300w, https:\/\/i0.wp.com\/blogdalucianaoliveira.com.br\/blog\/wp-content\/uploads\/2020\/08\/image-17.jpeg?resize=768%2C512 768w, https:\/\/i0.wp.com\/blogdalucianaoliveira.com.br\/blog\/wp-content\/uploads\/2020\/08\/image-17.jpeg?resize=450%2C300 450w\" sizes=\"auto, (max-width: 600px) 100vw, 600px\" \/><\/figure>\n\n\n\n<h4 class=\"wp-block-heading\">Os intelectuais redigiram uma carta de solidariedade \u00e0s 450 fam\u00edlias do Quilombo Campo Grande, despejadas na sexta (14)<\/h4>\n\n\n\n<!--more-->\n\n\n\n<p>Reda\u00e7\u00e3o Brasil de Fato\u00a0<\/p>\n\n\n\n<p>O linguista e fil\u00f3sofo estadunidense&nbsp;<a href=\"https:\/\/www.brasildefato.com.br\/2018\/09\/20\/lula-esta-otimista-e-fazendo-muitos-planos-diz-noam-chomsky\/\" target=\"_blank\" rel=\"noreferrer noopener\">Noam Chomsky<\/a>&nbsp;e o historiador indiano&nbsp;<a href=\"https:\/\/www.facebook.com\/watch\/?v=266628364569377\" target=\"_blank\" rel=\"noreferrer noopener\">Vijay Prashad<\/a>enviaram uma nota de solidariedade&nbsp;<a href=\"https:\/\/www.brasildefato.com.br\/2020\/08\/14\/apos-60-horas-de-resistencia-acampamento-do-mst-em-mg-e-despejado-com-violencia\" target=\"_blank\" rel=\"noreferrer noopener\">\u00e0s 450 fam\u00edlias do acampamento Quilombo Campo Grande<\/a>, em Minas Gerais, v\u00edtimas do despejo ocorrido na \u00faltima sexta-feira (14).<\/p>\n\n\n\n<p>Na mensagem, os intelectuais condenam o despejo, a destrui\u00e7\u00e3o das terras do acampamento, e criticam o descaso do governador, Romeu Zema (Novo), e a a\u00e7\u00e3o truculenta da Pol\u00edcia Militar do estado.<\/p>\n\n\n\n<p>Os acampados passaram mais de 60 horas&nbsp;<a href=\"https:\/\/www.brasildefato.com.br\/2020\/08\/13\/policiais-ateiam-fogo-em-acampamento-do-mst-durante-despejo-em-mg\" target=\"_blank\" rel=\"noreferrer noopener\">lutando contra a reintegra\u00e7\u00e3o de posse da \u00e1rea<\/a>, resistindo frente \u00e0s bombas de g\u00e1s lacrimog\u00eaneo disparadas pela PM e o avan\u00e7o da tropa de Choque.<\/p>\n\n\n\n<p>Na declara\u00e7\u00e3o, Chomsky e Prashad lamentam o despejo e, particularmente, a destrui\u00e7\u00e3o da&nbsp;<a href=\"https:\/\/www.brasildefatomg.com.br\/2020\/08\/12\/acao-truculenta-de-reintegracao-de-posse-em-escola-e-destaque-nesta-edicao\" target=\"_blank\" rel=\"noreferrer noopener\">Escola Popular Eduardo Galeano<\/a>, destru\u00edda pela pol\u00edcia militar com um trator no primeiro dia da a\u00e7\u00e3o de reintegra\u00e7\u00e3o de posse. O espa\u00e7o, que homenageava&nbsp;<a href=\"https:\/\/www.expressaopopular.com.br\/loja\/produto\/veias-abertas-da-america-latina-as\/\" target=\"_blank\" rel=\"noreferrer noopener\">o escritor uruguaio<\/a>, eram alfabetizadas crian\u00e7as, adolescentes e adultos.<\/p>\n\n\n\n<p>&#8220;Em sinal de descaso, o governador e a pol\u00edcia militar destru\u00edram a Escola Popular Eduardo Galeano, que educou crian\u00e7as e adultos. Como amigos de Eduardo Galeano (1940-2015), a consci\u00eancia da Am\u00e9rica do Sul, o despejo e a destrui\u00e7\u00e3o nos d\u00f3i profundamente&#8221;, expressam.<\/p>\n\n\n\n<p>Apoiadores da luta do&nbsp;<a href=\"https:\/\/mst.org.br\/\" target=\"_blank\" rel=\"noreferrer noopener\">Movimento dos Trabalhadores Sem Terra (MST)<\/a>, Noam Chomsky e Vijay Prashad recordam, na carta, tamb\u00e9m a mem\u00f3ria do bispo&nbsp;<a href=\"https:\/\/www.brasildefato.com.br\/2020\/08\/10\/artigo-dom-pedro-casaldaliga-do-araguaia\" target=\"_blank\" rel=\"noreferrer noopener\">Dom Pedro Casald\u00e1liga<\/a>, falecido h\u00e1&nbsp;<a href=\"https:\/\/www.brasildefato.com.br\/2020\/08\/08\/morre-dom-pedro-casaldaliga-bispo-que-dedicou-a-vida-em-defesa-do-povo-brasileiro\" target=\"_blank\" rel=\"noreferrer noopener\">sete dias<\/a>. Para eles, o despejo &#8220;\u00e9 um insulto \u00e0 mem\u00f3ria&#8221; de Casald\u00e1liga, conhecido internacionalmente como &#8220;o bispo dos pobres&#8221;.<\/p>\n\n\n\n<p>Leia, a seguir, a carta completa:<\/p>\n\n\n\n<p><em><strong>Declara\u00e7\u00e3o sobre o despejo de 450 fam\u00edlias do Quilombo Campo Grande, por Noam Chomsky e Vijay Prashad<\/strong><\/em><\/p>\n\n\n\n<p><em>Em 12 de agosto, o governador de Minas Gerais,&nbsp;Romeu Zema, enviou a Pol\u00edcia Militar para realizar uma ordem de despejo em uma \u00e1rea onde 450 fam\u00edlias do Quilombo Campo Grande produzem e residem h\u00e1 22 anos. Durante tr\u00eas dias, os policiais cercaram o campo, intimidando as fam\u00edlias, em uma tentativa de for\u00e7\u00e1-las a deixar suas terras, mas as fam\u00edlias sem-terra resistiram. No dia 14 de agosto, utilizando bombas de g\u00e1s lacrimog\u00eaneo e de efeito moral, finalmente tiveram sucesso.&nbsp;<\/em><\/p>\n\n\n\n<p><em>Eles destru\u00edram uma comunidade que tinha constru\u00eddo casas e cultivado planta\u00e7\u00f5es org\u00e2nicas (incluindo o caf\u00e9, comercializado como Caf\u00e9 Guai\u00ed). Em 1996, as fam\u00edlias, organizadas pelo Movimento dos Trabalhadores Sem Terra (MST), ocuparam uma abandonada usina de a\u00e7\u00facar (Ariadn\u00f3polis, de propriedade da Companhia Agr\u00edcola dos Irm\u00e3os Azevedo); agora, a Jodil Agropecu\u00e1ria e Participa\u00e7\u00f5es Ltda, de propriedade do Jo\u00e3o Faria da Silva,&nbsp;um dos maiores produtores de caf\u00e9 do Brasil, queria o despejo se concretizasse para que pudesse assumir a produ\u00e7\u00e3o da cooperativa.<\/em><\/p>\n\n\n\n<p><em>Como sinal de descaso, o governador e a pol\u00edcia militar destru\u00edram a Escola Popular Eduardo Galeano, que educou crian\u00e7as e adultos. Como amigos de Eduardo Galeano (1940-2015), a consci\u00eancia da Am\u00e9rica do Sul, o despejo e a destrui\u00e7\u00e3o nos d\u00f3i profundamente.<\/em><\/p>\n\n\n\n<p><em>O despejo ocorreu poucos dias ap\u00f3s a morte do bispo Pedro Casald\u00e1liga (1928-2020), cuja vida foi uma homenagem \u00e0s lutas pela emancipa\u00e7\u00e3o dos pobres. Este despejo \u00e9 um insulto \u00e0 sua mem\u00f3ria, \u00e0 mem\u00f3ria do homem que cantava:<\/em><\/p>\n\n\n\n<blockquote class=\"wp-block-quote is-layout-flow wp-block-quote-is-layout-flow\"><p>&nbsp;<\/p><p><em>Creio na Internacional<br>das frontes alevantadas,<br>da voz de igual a igual<br>e das m\u00e3os enla\u00e7adas\u2026<\/em>&nbsp;<\/p><\/blockquote>\n\n\n\n<p>Essa \u00e9 a maneira de viver, de m\u00e3os unidas, n\u00e3o com bombas de g\u00e1s lacrimog\u00eaneo e balas disparadas pela Pol\u00edcia Militar contra os agricultores.<\/p>\n\n\n\n<p>Condenamos o despejo das fam\u00edlias, e a destrui\u00e7\u00e3o de suas terras e de sua escola. Estamos com as fam\u00edlias do Quilombo Campo Grande.<\/p>\n\n\n\n<p>Edi\u00e7\u00e3o: Luiza Man\u00e7ano<\/p>\n","protected":false},"excerpt":{"rendered":"<p>Os intelectuais redigiram uma carta de solidariedade \u00e0s 450 fam\u00edlias do Quilombo Campo Grande, despejadas na sexta (14)<\/p>\n","protected":false},"author":1,"featured_media":0,"comment_status":"closed","ping_status":"open","sticky":false,"template":"","format":"standard","meta":{"_exactmetrics_skip_tracking":false,"_exactmetrics_sitenote_active":false,"_exactmetrics_sitenote_note":"","_exactmetrics_sitenote_category":0,"jetpack_post_was_ever_published":false,"_jetpack_newsletter_access":"","_jetpack_dont_email_post_to_subs":false,"_jetpack_newsletter_tier_id":0,"_jetpack_memberships_contains_paywalled_content":false,"_jetpack_memberships_contains_paid_content":false,"footnotes":"","jetpack_publicize_message":"","jetpack_publicize_feature_enabled":true,"jetpack_social_post_already_shared":true,"jetpack_social_options":{"image_generator_settings":{"template":"highway","enabled":false},"version":2}},"categories":[1],"tags":[],"class_list":["post-29507","post","type-post","status-publish","format-standard","hentry","category-notas"],"jetpack_publicize_connections":[],"jetpack_sharing_enabled":true,"jetpack_featured_media_url":"","jetpack_shortlink":"https:\/\/wp.me\/p7wKYW-7FV","jetpack-related-posts":[],"_links":{"self":[{"href":"http:\/\/blogdalucianaoliveira.com.br\/blog\/wp-json\/wp\/v2\/posts\/29507","targetHints":{"allow":["GET"]}}],"collection":[{"href":"http:\/\/blogdalucianaoliveira.com.br\/blog\/wp-json\/wp\/v2\/posts"}],"about":[{"href":"http:\/\/blogdalucianaoliveira.com.br\/blog\/wp-json\/wp\/v2\/types\/post"}],"author":[{"embeddable":true,"href":"http:\/\/blogdalucianaoliveira.com.br\/blog\/wp-json\/wp\/v2\/users\/1"}],"replies":[{"embeddable":true,"href":"http:\/\/blogdalucianaoliveira.com.br\/blog\/wp-json\/wp\/v2\/comments?post=29507"}],"version-history":[{"count":1,"href":"http:\/\/blogdalucianaoliveira.com.br\/blog\/wp-json\/wp\/v2\/posts\/29507\/revisions"}],"predecessor-version":[{"id":29509,"href":"http:\/\/blogdalucianaoliveira.com.br\/blog\/wp-json\/wp\/v2\/posts\/29507\/revisions\/29509"}],"wp:attachment":[{"href":"http:\/\/blogdalucianaoliveira.com.br\/blog\/wp-json\/wp\/v2\/media?parent=29507"}],"wp:term":[{"taxonomy":"category","embeddable":true,"href":"http:\/\/blogdalucianaoliveira.com.br\/blog\/wp-json\/wp\/v2\/categories?post=29507"},{"taxonomy":"post_tag","embeddable":true,"href":"http:\/\/blogdalucianaoliveira.com.br\/blog\/wp-json\/wp\/v2\/tags?post=29507"}],"curies":[{"name":"wp","href":"https:\/\/api.w.org\/{rel}","templated":true}]}}