{"id":29510,"date":"2020-08-15T23:59:56","date_gmt":"2020-08-16T03:59:56","guid":{"rendered":"http:\/\/blogdalucianaoliveira.com.br\/blog\/?p=29510"},"modified":"2020-08-16T00:00:08","modified_gmt":"2020-08-16T04:00:08","slug":"leonardo-boff-covid-nos-faz-descobrir-espirito-no-cosmos-no-ser-humano-e-em-deus","status":"publish","type":"post","link":"http:\/\/blogdalucianaoliveira.com.br\/blog\/2020\/08\/15\/leonardo-boff-covid-nos-faz-descobrir-espirito-no-cosmos-no-ser-humano-e-em-deus\/","title":{"rendered":"Leonardo Boff: Covid nos faz descobrir esp\u00edrito no cosmos, no ser humano e em Deus"},"content":{"rendered":"\n<figure class=\"wp-block-image size-large\"><img data-recalc-dims=\"1\" loading=\"lazy\" decoding=\"async\" width=\"438\" height=\"451\" data-attachment-id=\"29511\" data-permalink=\"http:\/\/blogdalucianaoliveira.com.br\/blog\/2020\/08\/15\/leonardo-boff-covid-nos-faz-descobrir-espirito-no-cosmos-no-ser-humano-e-em-deus\/b9d6b7f2-7c37-4d04-8553-188bd33aa0f7\/\" data-orig-file=\"https:\/\/i0.wp.com\/blogdalucianaoliveira.com.br\/blog\/wp-content\/uploads\/2020\/08\/B9D6B7F2-7C37-4D04-8553-188BD33AA0F7.jpeg?fit=438%2C451\" data-orig-size=\"438,451\" data-comments-opened=\"0\" data-image-meta=\"{&quot;aperture&quot;:&quot;0&quot;,&quot;credit&quot;:&quot;&quot;,&quot;camera&quot;:&quot;&quot;,&quot;caption&quot;:&quot;&quot;,&quot;created_timestamp&quot;:&quot;0&quot;,&quot;copyright&quot;:&quot;&quot;,&quot;focal_length&quot;:&quot;0&quot;,&quot;iso&quot;:&quot;0&quot;,&quot;shutter_speed&quot;:&quot;0&quot;,&quot;title&quot;:&quot;&quot;,&quot;orientation&quot;:&quot;0&quot;}\" data-image-title=\"B9D6B7F2-7C37-4D04-8553-188BD33AA0F7\" data-image-description=\"\" data-image-caption=\"\" data-medium-file=\"https:\/\/i0.wp.com\/blogdalucianaoliveira.com.br\/blog\/wp-content\/uploads\/2020\/08\/B9D6B7F2-7C37-4D04-8553-188BD33AA0F7.jpeg?fit=291%2C300\" data-large-file=\"https:\/\/i0.wp.com\/blogdalucianaoliveira.com.br\/blog\/wp-content\/uploads\/2020\/08\/B9D6B7F2-7C37-4D04-8553-188BD33AA0F7.jpeg?fit=438%2C451\" src=\"https:\/\/i0.wp.com\/blogdalucianaoliveira.com.br\/blog\/wp-content\/uploads\/2020\/08\/B9D6B7F2-7C37-4D04-8553-188BD33AA0F7.jpeg?resize=438%2C451\" alt=\"\" class=\"wp-image-29511\" srcset=\"https:\/\/i0.wp.com\/blogdalucianaoliveira.com.br\/blog\/wp-content\/uploads\/2020\/08\/B9D6B7F2-7C37-4D04-8553-188BD33AA0F7.jpeg?w=438 438w, https:\/\/i0.wp.com\/blogdalucianaoliveira.com.br\/blog\/wp-content\/uploads\/2020\/08\/B9D6B7F2-7C37-4D04-8553-188BD33AA0F7.jpeg?resize=291%2C300 291w\" sizes=\"auto, (max-width: 438px) 100vw, 438px\" \/><\/figure>\n\n\n\n<p>No DCM &#8211; Vivemos numa \u00e9poca particularmente an\u00eamica de esp\u00edrito. A falta de pol\u00edticas governamentais por parte do atual Presidente para atacar o Covid-19 mostra mais que falta de empatia e de solidariedade para com os mais de cem mil mortos. Mostra, o que \u00e9 mais grave, a falta de esp\u00edrito. Parece que o presidente vive ainda no est\u00e1gio pr\u00e9-humanos, dos primatas. N\u00e3o cuida nem ama a vida, a vida de seu povo.<\/p>\n\n\n\n<!--more-->\n\n\n\n<p>Acresce ainda que cultura do capital que se funda no consumo afogou o esp\u00edrito na materialidade opaca. E sem esp\u00edrito perdemos o que h\u00e1 de melhor em n\u00f3s: a comunica\u00e7\u00e3o livre, a coopera\u00e7\u00e3o solid\u00e1ria, a compaix\u00e3o amorosa, o amor sens\u00edvel e a sensibilidade cordial pelo outro lado de todas as coisas, de onde nos v\u00eam mensagens de beleza, de grandeza, de admira\u00e7\u00e3o, de respeito, de venera\u00e7\u00e3o e de transcend\u00eancia.<\/p>\n\n\n\n<p>H\u00e1 uma das festas da tradi\u00e7\u00e3o crist\u00e3s, das mais importantes, Pentecostes, na qual os crist\u00e3os celebram a irrup\u00e7\u00e3o do Esp\u00edrito sobre amedrontados seguidores de Jesus. Transformou-os em corajosos mensageiros de sua mensagem libertadora, alcan\u00e7ando-nos a n\u00f3s at\u00e9 os dias de hoje. Nesse momento tr\u00e1gico de afogamento do esp\u00edrito que \u00e9 o mesmo que o assassinato da vida, deixada por conta de um v\u00edrus, que o atual Presidente negacionista desconsidera como um simples gripe, cabe uma reflex\u00e3o sobre o esp\u00edrito em min\u00fasculo e sobre o Esp\u00edrito em mai\u00fasculo.<\/p>\n\n\n\n<p><strong>O esp\u00edrito: primeiro no universo depois em n\u00f3s<\/strong><\/p>\n\n\n\n<p>Somos singularmente portadores de grande energia. \u00c9 o esp\u00edrito em n\u00f3s. O esp\u00edrito, na perspectiva da nova cosmologia (a ci\u00eancia que estuda o surgimento do universo, sua expans\u00e3o e evolu\u00e7\u00e3o, para onde se dirige, qual \u00e9 seu sentido e nosso lugar dentro deste processo), \u00e9 t\u00e3o ancestral quanto o cosmos. Esp\u00edrito \u00e9 aquela capacidade que os seres, mesmo os mais origin\u00e1rios, como os h\u00e1drions, os topquarks, os pr\u00f3tons e os \u00e1tomos tem de se relacionarem, trocarem informa\u00e7\u00f5es e de criarem redes de inter-retroconex\u00f5es, respons\u00e1veis pela unidade complexa do todo. \u00c9 pr\u00f3prio do esp\u00edrito criar unidades cada vez mais altas e elegantes.<\/p>\n\n\n\n<p>O esp\u00edrito primeiramente est\u00e1 no mundo; somente depois est\u00e1 em n\u00f3s. Entre o esp\u00edrito de uma \u00e1rvore e n\u00f3s a diferen\u00e7a n\u00e3o \u00e9 de princ\u00edpio. Ambos s\u00e3o portadores de esp\u00edrito. A diferen\u00e7a reside no modo de sua realiza\u00e7\u00e3o. Em n\u00f3s seres humanos, o esp\u00edrito aparece como autoconsci\u00eancia e liberdade.Na \u00e1rvore por sua vitalidade e rela\u00e7\u00f5es com o solo, com os raios solares, as energias da Terra e do cosmos; ela sente, se relaciona, se nutre e nutre a pr\u00f3pria natureza sequestrando CO2 e dando-nos oxig\u00eanio sem o qual n\u00e3o vivemos.<\/p>\n\n\n\n<p>Esp\u00edrito humano \u00e9 aquele momento da consci\u00eancia em que ela se sente parte de um todo maior, capta a totalidade e a unidade e se d\u00e1 conta de que um fio liga e religa todas as coisas, fazendo com que sejam um cosmos, e n\u00e3o um caos. Como se relaciona com o Todo, o esp\u00edrito em n\u00f3s nos faz sermos um projeto infinito, uma abertura total ao outro, ao mundo e a Deus.<\/p>\n\n\n\n<p>Portanto, a vida, a consci\u00eancia e o esp\u00edrito pertencem ao quadro geral das coisas, ao universo, mais concretamente: \u00e0 nossa gal\u00e1xia, \u00e0 Via-L\u00e1ctea, ao sistema solar e ao planeta Terra, ao local onde vivemos. Para que tivessem surgido, foi preciso uma calibragem refinad\u00edssima de todos os elementos, especialmente das assim chamadas constantes da natureza (velocidade da luz, as quatro energias fundamentais, a carga dos el\u00e9trons, as radia\u00e7\u00f5es at\u00f4micas, a curvatura do espa\u00e7o-tempo entre outras). Se assim n\u00e3o fosse n\u00e3o estar\u00edamos aqui escrevendo sobre isso.<\/p>\n\n\n\n<p>Refiro apenas um dado do livro do astrof\u00edsico e matem\u00e1tico Stephen Hawking intitulado \u201cUma breve hist\u00f3ria do tempo\u201d (2005): \u201dSe a carga el\u00e9trica do el\u00e9tron tivesse sido ligeiramente diferente, teria rompido o equil\u00edbrio da for\u00e7a eletromagn\u00e9tica e gravitacional nas estrelas e ou elas teriam sido incapazes de queimar o hidrog\u00eanio e o h\u00e9lio, ou ent\u00e3o n\u00e3o teriam explodido. De uma maneira ou de outra a vida n\u00e3o poderia existir\u201d (p. 120). A vida pertence, pois, ao quadro geral das coisas e a vida possu\u00edda pelo esp\u00edrito.<\/p>\n\n\n\n<p><strong>O princ\u00edpio andr\u00f3pico fraco e forte<\/strong><\/p>\n\n\n\n<p>Para conferir alguma compreens\u00e3o a essa refinada combina\u00e7\u00e3o de fatores, criou-se a express\u00e3o \u201cprinc\u00edpio andr\u00f3pico\u201d (que tem a ver com o homem). Por ele se procura responder a esta pergunta que naturalmente colocamos: por que as coisas s\u00e3o como s\u00e3o? A resposta s\u00f3 pode ser: se fosse diferente n\u00f3s n\u00e3o estar\u00edamos aqui. Respondendo assim n\u00e3o cair\u00edamos no famoso antropocentrismo que afirma: as coisas s\u00f3 t\u00eam sentido quando ordenadas ao ser humano, feito centro de tudo, rei e rainha do universo?<\/p>\n\n\n\n<p>H\u00e1 esse risco. Por isso os cosm\u00f3logos distinguem o princ\u00edpio andr\u00f3pico forte e fraco. O forte diz: as condi\u00e7\u00f5es iniciais e as constantes cosmol\u00f3gicas se organizaram de tal forma que, num dado momento da evolu\u00e7\u00e3o, a vida e a intelig\u00eancia deveriam necessariamente surgir. Essa compreens\u00e3o favoreceria a centralidade do ser humano. O princ\u00edpio andr\u00f3pico fraco \u00e9 mais cauteloso e afirma: as pr\u00e1-condi\u00e7\u00f5es iniciais e cosmol\u00f3gicas se articularam de tal forma que a vida e a intelig\u00eancia poderiam surgir. Essa formula\u00e7\u00e3o deixa aberto o caminho da evolu\u00e7\u00e3o que demais a mais \u00e9 regida pelo princ\u00edpio da indetermina\u00e7\u00e3o de Heisenberg e pela autopoiesis dos bi\u00f3logos chilenos Maturana\u2013Varela.<\/p>\n\n\n\n<p>Mas olhando para tr\u00e1s, nos bilh\u00f5es de anos, constatamos que de fato assim ocorreu: h\u00e1 3,8 bilh\u00f5es de anos surgiu a vida e h\u00e1 uns quatro milh\u00f5es de anos, a intelig\u00eancia. Nisso n\u00e3o vai uma defesa do \u201cdesenho inteligente\u201d ou da m\u00e3o da Provid\u00eancia divina. Apenas que o universo n\u00e3o \u00e9 absurdo. Ele vem carregado de prop\u00f3sito. H\u00e1 uma seta do tempo apontando para frente. Como afirmou o astrof\u00edsico e cosm\u00f3logo Feeman Dyson: \u201dparece que o universo, de alguma maneira, sabia que um dia n\u00f3s ir\u00edamos chegar\u201d e preparou tudo para que pud\u00e9ssemos ser acolhidos e fazer o nosso caminho de ascens\u00e3o no processo evolucion\u00e1rio.Curiosamente, quando no processo da evolu\u00e7\u00e3o apareceram as flores (antes era tudo verde),nesse momento surgiu nosso ancentral. Parece que o universo e Deus lhe prapararam um ber\u00e7o de flores para enfatizar a alta qualidade deste ser que estava iniciando sua jornada pelos s\u00e9culos at\u00e9 chegar a n\u00f3s.<\/p>\n\n\n\n<p><strong>O universo autoconsciente e portador e esp\u00edrito<\/strong><\/p>\n\n\n\n<p>O grande matem\u00e1tico e f\u00edsico qu\u00e2ntico Amit Goswami, que muito vem ao Brasil, sustenta a tese de que o universo \u00e9 autoconsciente (O universo autoconsciente, Record 2002). No ser humano ele conhece uma emerg\u00eancia singular pela qual o pr\u00f3prio universo atrav\u00e9s de n\u00f3s se v\u00ea a si mesmo, contempla sua majest\u00e1tica grandeza e chega a uma certa culmin\u00e2ncia.<\/p>\n\n\n\n<p>Cabe ainda considerar que o cosmos est\u00e1 em g\u00eanese, n\u00e3o est\u00e1 pronto, est\u00e1 ainda se autoconstruindo e em expans\u00e3o cont\u00ednua. Cada ser mostra uma propens\u00e3o inata a irromper, crescer e irradiar. O ser humano tamb\u00e9m. Apareceu no cen\u00e1rio quando 99,96% de tudo j\u00e1 estava pronto. Ele \u00e9 express\u00e3o do impulso c\u00f3smico para formas mais complexas e altas de exist\u00eancia.<\/p>\n\n\n\n<p>Alguns aventam a ideia: mas n\u00e3o seria tudo puro acaso? O acaso n\u00e3o pode ser exclu\u00eddo, como mostrou Jacques Monod no seu livro O acaso e a necessidade, o que lhe valeu o pr\u00eamio Nobel em biologia. Mas ele n\u00e3o explica tudo. Bioqu\u00edmicos comprovaram que para os amino\u00e1cidos e as duas mil enzimas subjacentes \u00e0 vida pudessem se aproximar, constituir uma cadeia ordenada e formar uma c\u00e9lula viva seriam necess\u00e1rios trilh\u00f5es e trilh\u00f5es de anos. Portanto, mais tempo do que o universo e a Terra possuem de fato, que \u00e9 de 13,7 bilh\u00f5es de anos. O recurso ao acaso \u00e9 dar honra \u00e0 ignor\u00e2ncia. Melhor \u00e9 dizer que n\u00e3o sabemos.<\/p>\n\n\n\n<p>Dizendo de forma mais exata: o recurso ao acaso mostre apenas nossa incapacidade de entender ordens superiores e extremamente complexas como a consci\u00eancia, a intelig\u00eancia, o afeto e o amor. Nesse sentido, talvez a vis\u00e3o de Pierre Teilhard de Chardin do universo, segundo a qual este mais e mais se complexifica e, assim, permite a emerg\u00eancia da consci\u00eancia e da percep\u00e7\u00e3o de um ponto \u00d4mega da evolu\u00e7\u00e3o na dire\u00e7\u00e3o do qual estamos viajando, seja mais adequada para expressar a din\u00e2mica mesma do universo.<\/p>\n\n\n\n<p>N\u00e3o seria melhor calarmos reverentes e respeitosos diante do mist\u00e9rio da exist\u00eancia e do sentido do universo?<\/p>\n\n\n\n<p>Depois dessas reflex\u00f5es, j\u00e1 estamos habilitados a abordar a dimens\u00e3o teol\u00f3gica do esp\u00edrito como Esp\u00edrito Criador.<\/p>\n\n\n\n<p><strong>O Esp\u00edrito Criador e a cosmog\u00eanese<\/strong><\/p>\n\n\n\n<p>Como n\u00e3o podia deixar de ser, Deus tamb\u00e9m \u00e9 inclu\u00eddo na dimens\u00e3o do esp\u00edrito. E por excel\u00eancia. Est\u00e1 presente na primeira p\u00e1gina da B\u00edblia quando se narra a cria\u00e7\u00e3o do c\u00e9u e da terra. Diz-se que sobre o touwabohu, isto \u00e9, sobre o caos, melhor, sobre as \u00e1guas primitivas \u201csoprava um ruah (um vento, uma energia) impetuoso\u201d (Gn 1,2). Daquele caos tirou todas as ordens: os seres inanimados, os animados e o ser humano. A este, tirado do p\u00f3 como todos os demais, Deus \u201csoprou-lhe nas narinas o ruah de vida, o esp\u00edrito, e ele tornou-se um ser vivo\u201d (Gn 2,7). \u00c9 no cap\u00edtulo 37 de Ezequiel que irrompe, de forma insuperavelmente pl\u00e1stica, a for\u00e7a vital do esp\u00edrito. Quando este vem, os ossos ressequidos ganham carne e se transformam em vida.<\/p>\n\n\n\n<p>Tamb\u00e9m as express\u00f5es mais altas do ser humano s\u00e3o atribu\u00eddas \u00e0 presen\u00e7a do esp\u00edrito nele, como a sabedoria e a fortaleza (Is 11,2), a riqueza de ideias (Jo 32,28), o senso art\u00edstico (Ex 28,3), o desejo ardente de ver Deus e o sentimento de culpa e a consequente penit\u00eancia (Ex 35,21; Jr 51,1; Esd 1,1; Es 26,9; Sl 34,19; Ez 11,19; 18,31).<\/p>\n\n\n\n<p><strong>Deus \u201ctem\u201d esp\u00edrito<\/strong><\/p>\n\n\n\n<p>Essa for\u00e7a criadora e vivificadora \u00e9 eminentemente possu\u00edda por Deus. As Escrituras falam com frequ\u00eancia do esp\u00edrito de Deus (ruah Elohim). Ele \u00e9 dado a Sans\u00e3o para ter for\u00e7a portentosa (Jz 14,6; 19,15), aos profetas para terem coragem de denunciar em nome dos pobres da Terra as injusti\u00e7as que padecem, para enfrentar o rei, os poderosos e anunciar-lhes o ju\u00edzo de Deus.<\/p>\n\n\n\n<p>Especialmente no juda\u00edsmo inter-testament\u00e1rio, esperava-se para os fins dos tempos a efus\u00e3o do esp\u00edrito sobre toda a criatura (Jl 2,28-32; At 2, 17-21). O Messias ser\u00e1 \u201cforte no esp\u00edrito\u201d e vir\u00e1 dotado de todos os dons do esp\u00edrito (Is 11,1ss).<\/p>\n\n\n\n<p>\u00c9 nesse contexto do juda\u00edsmo tardio que surge a tend\u00eancia de personificar o esp\u00edrito. Ele continua sendo uma qualidade da natureza, do ser humano e de Deus. Mas sua a\u00e7\u00e3o na hist\u00f3ria \u00e9 t\u00e3o densa que come\u00e7a a ganhar autonomia. Assim se diz, por exemplo, que \u201co esp\u00edrito exorta, se aflige, grita, se alegra, consola, repousa sobre algu\u00e9m, purifica, santifica e enche o universo\u201d. Jamais se pensa nele como criatura, mas como algo do mundo de Deus que, quando se manifesta na vida e na hist\u00f3ria, tudo transforma.<\/p>\n\n\n\n<p><strong>O Esp\u00edrito \u00e9 Deus, Deus \u00e9 Esp\u00edrito<\/strong><\/p>\n\n\n\n<p>A compreens\u00e3o come\u00e7ou a mudar quando se cunhou uma express\u00e3o decisiva:\u201desp\u00edrito de santidade\u201d ou \u201cesp\u00edrito santo\u201d. Essa formula\u00e7\u00e3o guarda certa ambiguidade, pois pode-se dizer esp\u00edrito santo para se evitar dizer o nome de Deus (coisa que os judeus at\u00e9 hoje, por respeito, evitam) como pode-se significar o pr\u00f3prio Deus. Para a mentalidade hebraica, \u201csanto\u201d \u00e9 o nome por excel\u00eancia de Deus, o que equivale dizer na compreens\u00e3o grega: Deus como transcendente, distinto de todo e qualquer ser da cria\u00e7\u00e3o.<\/p>\n\n\n\n<p>Em resumo, podemos afirmar: pela palavra esp\u00edrito (ruah) aplicado a Deus (Deus \u201ctem\u201d esp\u00edrito, Deus envia o seu esp\u00edrito, o esp\u00edrito de Deus) os judeus expressavam a seguinte experi\u00eancia: Deus n\u00e3o est\u00e1 atado a nada; irrompe onde quer; confunde planos humanos; mostra uma for\u00e7a \u00e0 qual ningu\u00e9m pode resistir; revela uma sabedoria que torna estult\u00edcie todo o nosso saber. Assim, Deus se mostrou aos l\u00edderes pol\u00edticos, aos profetas, aos s\u00e1bios, ao povo, especialmente, em momentos de crise nacional (Jz 6,33; 11, 29; 1 Sam 11,6).<\/p>\n\n\n\n<p>Assim como \u00e9 dado ao rei para que governe com sabedoria e prud\u00eancia, no caso o rei Davi (1 Sam 16,13), (oxal\u00e1 o d\u00ea ao presidente anti-esp\u00edrito que nos (des)governa) ser\u00e1 dado tamb\u00e9m ao servo sofredor, destitu\u00eddo de toda pompa e grandiloqu\u00eancia (Is 42,1). Em Is 61,1 diz-se explicitamente: \u201do esp\u00edrito de Jav\u00e9 est\u00e1 sobre mim porque Jav\u00e9 me ungiu\u2026 para anunciar a liberta\u00e7\u00e3o dos cativos e a boa-nova para os pobres\u201d, texto que Jesus aplicar\u00e1 a si na sua primeira apari\u00e7\u00e3o na sinagoga de Nazar\u00e9 (Lc 4, 17-21). Por fim, o esp\u00edrito de Deus n\u00e3o sinaliza apenas sua a\u00e7\u00e3o inovadora no mundo, mas aponta para o pr\u00f3prio ser de Deus. O esp\u00edrito \u00e9 Deus. E Deus \u00e9 Esp\u00edrito. Como Deus \u00e9 santo, o Esp\u00edrito ser\u00e1 o Esp\u00edrito Santo.<\/p>\n\n\n\n<p>O Esp\u00edrito Santo penetra tudo, abarca tudo, est\u00e1 para al\u00e9m de qualquer limita\u00e7\u00e3o. \u201cPara onde irei para estar longe de teu Esp\u00edrito? Para onde fugirei a fim de estar longe de tua face? Se eu escalar os c\u00e9us, a\u00ed est\u00e1s, se me colocar no abismo, tamb\u00e9m a\u00ed est\u00e1s\u201d (Sl 139,7) At\u00e9 o mal n\u00e3o est\u00e1 fora de seu alcance. Tudo o que tem a ver com muta\u00e7\u00e3o, ruptura, vida e novidade tem a ver com o esp\u00edrito. O Esp\u00edrito Santo est\u00e1 t\u00e3o unido \u00e0 hist\u00f3ria que ela de profana se transforma em hist\u00f3ria santa e sagrada.<\/p>\n\n\n\n<p><strong>O Esp\u00edrito num mundo sem esp\u00edrito e em degrada\u00e7\u00e3o<\/strong><\/p>\n\n\n\n<p>Hoje sentimos a urg\u00eancia da irrup\u00e7\u00e3o do Esp\u00edrito Santo como na primeira manh\u00e3 da cria\u00e7\u00e3o. A Carta da Terra, face \u00e0 crise mundial ecol\u00f3gica, com energias negativas que nos podem arrastar ao abismo, afirma: \u201cComo nunca antes da hist\u00f3ria, o destino comum nos conclama a buscar um novo come\u00e7o. Isso requer uma mudan\u00e7a na mente e no cora\u00e7\u00e3o. Requer um novo sentido de interdepend\u00eancia global e de responsabilidade universal\u2026 Temos ainda muito a aprender a partir da busca conjunta por verdade e sabedoria (final)\u201d]<\/p>\n\n\n\n<p>O Papa Francisco diz igualmente em sua enc\u00edclica \u201csobre o cuidado da Casa Comum:\u201dNunca maltratamos e ferimos a Casa Comum como nos \u00faltimo dois s\u00e9culos(n. 53). Se \u201cn\u00e3o mudarmos nosso estilo de vida insustent\u00e1vel- continua- s\u00f3 poderemos desembocar nas cat\u00e1strofes\u201d(n.161).<\/p>\n\n\n\n<p>Cabe ao Esp\u00edrito iluminar nossa mente e transformar nosso cora\u00e7\u00e3o. Se fizermos essa convers\u00e3o, dificilmente escaparemos das amea\u00e7as que pesam sobre o sistema-vida e sistema-Terra. Cabe ao Esp\u00edrito a capacidade de transformar o caos destrutivo em caos criativo, como operou no primeiro momento do Big Bang. Ele pode transformar a trag\u00e9dia como a atual do Covid-19 numa crise acrisoladora que nos permite dar um salto de qualidade rumo a uma nova ordem, mais alta, mais humana, mas cordial, mais amorosa e mais espiritual. O universo, a Terra e cada um de n\u00f3s somos templos do Esp\u00edrito. Ele n\u00e3o permitir\u00e1 que seja desmantelado e destru\u00eddo. Esse pedido \u00e9 urgente para a atual situa\u00e7\u00e3o quando a Terra como um todo \u00e9 atacada por um v\u00edrus letal que est\u00e1 dizimando milhares de vidas.<\/p>\n\n\n\n<p>Importa suplicar ao Esp\u00edrito: Vem, Esp\u00edrito Criador! Renove a face da Terra, aque\u00e7a nossos cora\u00e7\u00f5es e rasgue um horizonte de sentido e de esperan\u00e7a para a nossa realidade humana desumanizada e agora posta sob o risco de milhares desaparecerem vitimas da intrus\u00e3o do Covid-19. A ci\u00eancia, a t\u00e9cnica a vacina s\u00e3o fundamentais. Mas apenas com elas n\u00e3o est\u00e1 garantido que evitemos voltar ao que era antes. Para isso precisamos de outro esp\u00edrito que d\u00ea centralidade ao que conta: a vida, a coopera\u00e7\u00e3o, a interdepend\u00eancia, a generosidade e o cuidado para com a natureza e para uns para outros. Se n\u00e3o fizermos esta viragem paradigm\u00e1tica, podemos ser atacados novamente e de forma ainda mais letal.<\/p>\n\n\n\n<p><strong>Leonardo Boff<\/strong>\u00a0\u00e9 ecote\u00f3logo, um dos redatores da Carta da Terra e escritor e escreveu:\u201dO Covid-19: o contra-ataque da Terra contra a Humanidade\u201d a sair em breve pela Editora Vozes, 2020.<\/p>\n","protected":false},"excerpt":{"rendered":"<p>No DCM &#8211; Vivemos numa \u00e9poca particularmente an\u00eamica de esp\u00edrito. A falta de pol\u00edticas governamentais por parte do atual Presidente para atacar o Covid-19 mostra mais que falta de empatia e de solidariedade para com os mais de cem mil mortos. Mostra, o que \u00e9 mais grave, a falta de esp\u00edrito. Parece que o presidente&#8230;<a class=\"more-link\" href=\"http:\/\/blogdalucianaoliveira.com.br\/blog\/2020\/08\/15\/leonardo-boff-covid-nos-faz-descobrir-espirito-no-cosmos-no-ser-humano-e-em-deus\/\">Continue a leitura <span class=\"meta-nav\">&raquo;<\/span><\/a><\/p>\n","protected":false},"author":1,"featured_media":0,"comment_status":"closed","ping_status":"open","sticky":false,"template":"","format":"standard","meta":{"_exactmetrics_skip_tracking":false,"_exactmetrics_sitenote_active":false,"_exactmetrics_sitenote_note":"","_exactmetrics_sitenote_category":0,"jetpack_post_was_ever_published":false,"_jetpack_newsletter_access":"","_jetpack_dont_email_post_to_subs":false,"_jetpack_newsletter_tier_id":0,"_jetpack_memberships_contains_paywalled_content":false,"_jetpack_memberships_contains_paid_content":false,"footnotes":"","jetpack_publicize_message":"","jetpack_publicize_feature_enabled":true,"jetpack_social_post_already_shared":true,"jetpack_social_options":{"image_generator_settings":{"template":"highway","enabled":false},"version":2}},"categories":[1],"tags":[],"class_list":["post-29510","post","type-post","status-publish","format-standard","hentry","category-notas"],"jetpack_publicize_connections":[],"jetpack_sharing_enabled":true,"jetpack_featured_media_url":"","jetpack_shortlink":"https:\/\/wp.me\/p7wKYW-7FY","jetpack-related-posts":[],"_links":{"self":[{"href":"http:\/\/blogdalucianaoliveira.com.br\/blog\/wp-json\/wp\/v2\/posts\/29510","targetHints":{"allow":["GET"]}}],"collection":[{"href":"http:\/\/blogdalucianaoliveira.com.br\/blog\/wp-json\/wp\/v2\/posts"}],"about":[{"href":"http:\/\/blogdalucianaoliveira.com.br\/blog\/wp-json\/wp\/v2\/types\/post"}],"author":[{"embeddable":true,"href":"http:\/\/blogdalucianaoliveira.com.br\/blog\/wp-json\/wp\/v2\/users\/1"}],"replies":[{"embeddable":true,"href":"http:\/\/blogdalucianaoliveira.com.br\/blog\/wp-json\/wp\/v2\/comments?post=29510"}],"version-history":[{"count":1,"href":"http:\/\/blogdalucianaoliveira.com.br\/blog\/wp-json\/wp\/v2\/posts\/29510\/revisions"}],"predecessor-version":[{"id":29512,"href":"http:\/\/blogdalucianaoliveira.com.br\/blog\/wp-json\/wp\/v2\/posts\/29510\/revisions\/29512"}],"wp:attachment":[{"href":"http:\/\/blogdalucianaoliveira.com.br\/blog\/wp-json\/wp\/v2\/media?parent=29510"}],"wp:term":[{"taxonomy":"category","embeddable":true,"href":"http:\/\/blogdalucianaoliveira.com.br\/blog\/wp-json\/wp\/v2\/categories?post=29510"},{"taxonomy":"post_tag","embeddable":true,"href":"http:\/\/blogdalucianaoliveira.com.br\/blog\/wp-json\/wp\/v2\/tags?post=29510"}],"curies":[{"name":"wp","href":"https:\/\/api.w.org\/{rel}","templated":true}]}}