{"id":29520,"date":"2020-08-17T11:40:26","date_gmt":"2020-08-17T15:40:26","guid":{"rendered":"http:\/\/blogdalucianaoliveira.com.br\/blog\/?p=29520"},"modified":"2020-08-17T11:40:34","modified_gmt":"2020-08-17T15:40:34","slug":"deixem-a-menina-em-paz","status":"publish","type":"post","link":"http:\/\/blogdalucianaoliveira.com.br\/blog\/2020\/08\/17\/deixem-a-menina-em-paz\/","title":{"rendered":"Deixem a menina em paz"},"content":{"rendered":"\n<figure class=\"wp-block-image size-large\"><img data-recalc-dims=\"1\" loading=\"lazy\" decoding=\"async\" width=\"600\" height=\"600\" data-attachment-id=\"29521\" data-permalink=\"http:\/\/blogdalucianaoliveira.com.br\/blog\/2020\/08\/17\/deixem-a-menina-em-paz\/be767abc-5bc8-421c-8f72-9ab284c83abc\/\" data-orig-file=\"https:\/\/i0.wp.com\/blogdalucianaoliveira.com.br\/blog\/wp-content\/uploads\/2020\/08\/BE767ABC-5BC8-421C-8F72-9AB284C83ABC.jpeg?fit=640%2C640\" data-orig-size=\"640,640\" data-comments-opened=\"0\" data-image-meta=\"{&quot;aperture&quot;:&quot;0&quot;,&quot;credit&quot;:&quot;&quot;,&quot;camera&quot;:&quot;&quot;,&quot;caption&quot;:&quot;&quot;,&quot;created_timestamp&quot;:&quot;0&quot;,&quot;copyright&quot;:&quot;&quot;,&quot;focal_length&quot;:&quot;0&quot;,&quot;iso&quot;:&quot;0&quot;,&quot;shutter_speed&quot;:&quot;0&quot;,&quot;title&quot;:&quot;&quot;,&quot;orientation&quot;:&quot;1&quot;}\" data-image-title=\"BE767ABC-5BC8-421C-8F72-9AB284C83ABC\" data-image-description=\"\" data-image-caption=\"\" data-medium-file=\"https:\/\/i0.wp.com\/blogdalucianaoliveira.com.br\/blog\/wp-content\/uploads\/2020\/08\/BE767ABC-5BC8-421C-8F72-9AB284C83ABC.jpeg?fit=300%2C300\" data-large-file=\"https:\/\/i0.wp.com\/blogdalucianaoliveira.com.br\/blog\/wp-content\/uploads\/2020\/08\/BE767ABC-5BC8-421C-8F72-9AB284C83ABC.jpeg?fit=600%2C600\" src=\"https:\/\/i0.wp.com\/blogdalucianaoliveira.com.br\/blog\/wp-content\/uploads\/2020\/08\/BE767ABC-5BC8-421C-8F72-9AB284C83ABC.jpeg?resize=600%2C600\" alt=\"\" class=\"wp-image-29521\" srcset=\"https:\/\/i0.wp.com\/blogdalucianaoliveira.com.br\/blog\/wp-content\/uploads\/2020\/08\/BE767ABC-5BC8-421C-8F72-9AB284C83ABC.jpeg?w=640 640w, https:\/\/i0.wp.com\/blogdalucianaoliveira.com.br\/blog\/wp-content\/uploads\/2020\/08\/BE767ABC-5BC8-421C-8F72-9AB284C83ABC.jpeg?resize=300%2C300 300w, https:\/\/i0.wp.com\/blogdalucianaoliveira.com.br\/blog\/wp-content\/uploads\/2020\/08\/BE767ABC-5BC8-421C-8F72-9AB284C83ABC.jpeg?resize=150%2C150 150w\" sizes=\"auto, (max-width: 600px) 100vw, 600px\" \/><\/figure>\n\n\n\n<p>N\u00e3o queria ter visto manifesta\u00e7\u00e3o de grupo A FAVOR ou CONTRA  a interrup\u00e7\u00e3o da gravidez de uma menina. <\/p>\n\n\n\n<!--more-->\n\n\n\n<p>Muito menos no hospital onde ela passou pelo procedimento com autoriza\u00e7\u00e3o judicial.<\/p>\n\n\n\n<p>Essa crian\u00e7a precisava de absoluto sigilo, amparo psicol\u00f3gico e sossego, mas o estado foi incapaz de proteg\u00ea-la.<\/p>\n\n\n\n<p>A dor exposta. <\/p>\n\n\n\n<p>Ningu\u00e9m a protegeu de Sara Winter, militante de extrema-direita que divulgou em redes sociais o seu nome e o endere\u00e7o do hospital em que est\u00e1 internada.<\/p>\n\n\n\n<p>Ningu\u00e9m a protegeu de manifestantes sem no\u00e7\u00e3o da fragilidade em que a menina se encontra.<\/p>\n\n\n\n<p>Estuprada desde os seis anos pelo tio que a engravidou aos 10, segue sendo violentada. <\/p>\n\n\n\n<p>Apenas parem. A deixem em paz.<\/p>\n","protected":false},"excerpt":{"rendered":"<p>N\u00e3o queria ter visto manifesta\u00e7\u00e3o de grupo A FAVOR ou CONTRA a interrup\u00e7\u00e3o da gravidez de uma menina.<\/p>\n","protected":false},"author":1,"featured_media":0,"comment_status":"closed","ping_status":"open","sticky":false,"template":"","format":"standard","meta":{"_exactmetrics_skip_tracking":false,"_exactmetrics_sitenote_active":false,"_exactmetrics_sitenote_note":"","_exactmetrics_sitenote_category":0,"jetpack_post_was_ever_published":false,"_jetpack_newsletter_access":"","_jetpack_dont_email_post_to_subs":false,"_jetpack_newsletter_tier_id":0,"_jetpack_memberships_contains_paywalled_content":false,"_jetpack_memberships_contains_paid_content":false,"footnotes":"","jetpack_publicize_message":"","jetpack_publicize_feature_enabled":true,"jetpack_social_post_already_shared":true,"jetpack_social_options":{"image_generator_settings":{"template":"highway","enabled":false},"version":2}},"categories":[1],"tags":[],"class_list":["post-29520","post","type-post","status-publish","format-standard","hentry","category-notas"],"jetpack_publicize_connections":[],"jetpack_sharing_enabled":true,"jetpack_featured_media_url":"","jetpack_shortlink":"https:\/\/wp.me\/p7wKYW-7G8","jetpack-related-posts":[],"_links":{"self":[{"href":"http:\/\/blogdalucianaoliveira.com.br\/blog\/wp-json\/wp\/v2\/posts\/29520","targetHints":{"allow":["GET"]}}],"collection":[{"href":"http:\/\/blogdalucianaoliveira.com.br\/blog\/wp-json\/wp\/v2\/posts"}],"about":[{"href":"http:\/\/blogdalucianaoliveira.com.br\/blog\/wp-json\/wp\/v2\/types\/post"}],"author":[{"embeddable":true,"href":"http:\/\/blogdalucianaoliveira.com.br\/blog\/wp-json\/wp\/v2\/users\/1"}],"replies":[{"embeddable":true,"href":"http:\/\/blogdalucianaoliveira.com.br\/blog\/wp-json\/wp\/v2\/comments?post=29520"}],"version-history":[{"count":1,"href":"http:\/\/blogdalucianaoliveira.com.br\/blog\/wp-json\/wp\/v2\/posts\/29520\/revisions"}],"predecessor-version":[{"id":29522,"href":"http:\/\/blogdalucianaoliveira.com.br\/blog\/wp-json\/wp\/v2\/posts\/29520\/revisions\/29522"}],"wp:attachment":[{"href":"http:\/\/blogdalucianaoliveira.com.br\/blog\/wp-json\/wp\/v2\/media?parent=29520"}],"wp:term":[{"taxonomy":"category","embeddable":true,"href":"http:\/\/blogdalucianaoliveira.com.br\/blog\/wp-json\/wp\/v2\/categories?post=29520"},{"taxonomy":"post_tag","embeddable":true,"href":"http:\/\/blogdalucianaoliveira.com.br\/blog\/wp-json\/wp\/v2\/tags?post=29520"}],"curies":[{"name":"wp","href":"https:\/\/api.w.org\/{rel}","templated":true}]}}