{"id":29526,"date":"2020-08-17T15:21:30","date_gmt":"2020-08-17T19:21:30","guid":{"rendered":"http:\/\/blogdalucianaoliveira.com.br\/blog\/?p=29526"},"modified":"2020-08-17T15:21:36","modified_gmt":"2020-08-17T19:21:36","slug":"exclusivo-ditadura-investigou-ate-poemas-escritos-por-dom-pedro-casaldaliga","status":"publish","type":"post","link":"http:\/\/blogdalucianaoliveira.com.br\/blog\/2020\/08\/17\/exclusivo-ditadura-investigou-ate-poemas-escritos-por-dom-pedro-casaldaliga\/","title":{"rendered":"EXCLUSIVO \u2014 Ditadura investigou at\u00e9 poemas escritos por Dom Pedro Casald\u00e1liga"},"content":{"rendered":"\n<figure class=\"wp-block-image\"><img data-recalc-dims=\"1\" decoding=\"async\" src=\"https:\/\/i0.wp.com\/deolhonosruralistas.com.br\/wp-content\/uploads\/2020\/08\/dompedro-ditadura-abre.jpg?w=600&#038;ssl=1\" alt=\"\"\/><\/figure>\n\n\n\n<p><em><strong>Documentos do SNI mostram como o bispo de S\u00e3o F\u00e9lix do Araguaia (MT), falecido no dia 08, teve versos utilizados como prova durante processo movido em 1973 pelos militares; governo Sarney tentou derrubar indica\u00e7\u00e3o do religioso para pr\u00eamio liter\u00e1rio na Espanha<\/strong><\/em><\/p>\n\n\n\n<!--more-->\n\n\n\n<p>Por&nbsp;<strong>L\u00e1zaro Thor Borges<\/strong><\/p>\n\n\n\n<figure class=\"wp-block-image\"><a href=\"https:\/\/deolhonosruralistas.com.br\/de-olho-nos-mil-parceiros\/\"><img data-recalc-dims=\"1\" decoding=\"async\" src=\"https:\/\/i0.wp.com\/deolhonosruralistas.com.br\/wp-content\/uploads\/2017\/03\/DEOLHO2017-chamada-meio-texto.png?w=600&#038;ssl=1\" alt=\"\" class=\"wp-image-3364\"\/><\/a><\/figure>\n\n\n\n<p><em>\u201cEscuto, no r\u00e1dio, como te canta\/ A juventude rebelde\/ Enquanto o Araguaia passa aos meus p\u00e9s, como uma art\u00e9ria viva,\/iluminado pela lua quase cheia.\u201d<\/em><\/p>\n\n\n\n<p>Estes s\u00e3o alguns versos escritos pelo bispo de S\u00e3o F\u00e9lix do Araguaia, Dom Pedro Casald\u00e1liga, que foram considerados \u201csubversivos\u201d pela ditadura militar brasileira, de acordo com relat\u00f3rio elaborado por militares em novembro de 1973. A men\u00e7\u00e3o ao bispo, conhecido pela sua luta ao lado de camponeses que resistiam aos grandes latif\u00fandios patrocinados pela ditadura, \u00e9 uma das mais de mil cita\u00e7\u00f5es a Casald\u00e1liga em relat\u00f3rios do Servi\u00e7o Nacional de Informa\u00e7\u00f5es (SNI), abertos para consulta em 2005, durante o governo de Luiz In\u00e1cio Lula da Silva.<\/p>\n\n\n\n<p>Os arquivos colhidos pela reportagem do De Olho Nos Ruralistas mostram uma verdadeira obsess\u00e3o dos militares pelo bispo, falecido no dia 08 em decorr\u00eancia de problemas respirat\u00f3rios causados pelo Mal de Parkinson. Outros documentos mostram que eles interceptaram cartas enviadas para Casald\u00e1liga do Chile, poucos meses antes do golpe que derrubou Salvador Allende e levou Augusto Pinochet ao poder.<\/p>\n\n\n\n<p>E mais: a embaixada brasileira tentou derrubar a indica\u00e7\u00e3o do religioso para um pr\u00eamio liter\u00e1rio bancado pelo trono espanhol, sob a alega\u00e7\u00e3o de que ele n\u00e3o promovia a \u201cconc\u00f3rdia\u201d. Durante a ditadura? N\u00e3o. Em 1989, em pleno governo Jos\u00e9 Sarney, um ano ap\u00f3s a Constitui\u00e7\u00e3o de 1988.<\/p>\n\n\n\n<p>O poema que incomodou a ditadura foi publicado apenas na Espanha, terra natal de Casald\u00e1liga. A obra faz parte do livro \u201cClamor Elemental\u201d, publicado pelas Ediciones Sigueme em 1971. No pref\u00e1cio do livro, Casald\u00e1liga contava aos leitores espanh\u00f3is que vivia no norte de Mato Grosso, em uma regi\u00e3o marcada pela explora\u00e7\u00e3o \u201cdo homem pelo homem\u201d.<\/p>\n\n\n\n<figure class=\"wp-block-image\"><img data-recalc-dims=\"1\" decoding=\"async\" src=\"https:\/\/i0.wp.com\/deolhonosruralistas.com.br\/wp-content\/uploads\/2020\/08\/dompedro-ditadura-imagem02.jpg?w=600&#038;ssl=1\" alt=\"\" class=\"wp-image-17340\"\/><figcaption>Documento do Minist\u00e9rio da Aeron\u00e1utica mostra investiga\u00e7\u00e3o contra bispo. (Imagens: Reprodu\u00e7\u00e3o\/De Olho nos Ruralistas)<\/figcaption><\/figure>\n\n\n\n<p>No relat\u00f3rio de informa\u00e7\u00f5es, os militares transcreveram uma vers\u00e3o traduzida do poema escrito originalmente em espanhol. O texto cita nominalmente Ernesto Che Guevara, l\u00edder da Revolu\u00e7\u00e3o Cubana, raz\u00e3o pela qual os militares se incomodaram. O poema foi usado pelo SNI como uma das \u201cprovas\u201d a serem anexadas no processo de expuls\u00e3o de Pedro Casald\u00e1liga, nunca levado a cabo.<\/p>\n\n\n\n<p>\u201cDisp\u00f5e este centro apenas de um \u00fanico exemplar do livro Clamor Elemental\u201d, diz a conclus\u00e3o do relat\u00f3rio. \u201cCaso o minist\u00e9rio da Justi\u00e7a ou o DPF necessite desse exemplar para fazer prova no processo de expuls\u00e3o definitiva deste indesej\u00e1vel espanhol comunista poderemos ced\u00ea-lo\u201d, conclui o relat\u00f3rio do dia 23 de novembro de 1973.<\/p>\n\n\n\n<h3 class=\"wp-block-heading\">MILITARES TRABALHARAM PARA MINAR APOIO DENTRO DA IGREJA<\/h3>\n\n\n\n<p>Os militares utilizaram versos de Casald\u00e1liga para que ele perdesse apoio dentro da Igreja Cat\u00f3lica. Neste mesmo relat\u00f3rio, h\u00e1 um trecho em que os agentes do SNI solicitam a elabora\u00e7\u00e3o de c\u00f3pias do poema e que elas sejam espalhadas \u201cclandestinamente\u201d entre cardeais e bispos. Em outro trecho, mais adiante, solicita-se que o poema seja enviado \u00e0 Confer\u00eancia Nacional dos Bispos do Brasil (CNBB) \u201cmantendo-se o sigilo quanto ao remetente\u201d.<\/p>\n\n\n\n<p>O poema e o livro de Casald\u00e1liga continuaram como assunto para o SNI em outro relat\u00f3rio, de dezembro de 1973. Neste documento, os militares se incomodam com a repercuss\u00e3o da publica\u00e7\u00e3o do livro e citam artigo de uma revista panamenha que fez refer\u00eancia a obra, na qual Casald\u00e1liga diz, em um dos versos, que morrer\u00e1 \u201c<a href=\"https:\/\/deolhonosruralistas.com.br\/2020\/08\/10\/pedro-casaldaliga-abracou-camponeses-e-indigenas-e-entrou-para-a-historia-do-brasil\/\">de p\u00e9, como as \u00e1rvores<\/a>\u201d.<\/p>\n\n\n\n<p>Os agentes do SNI afirmam, neste outro documento, que a obra comprova o esp\u00edrito subversivo e contestat\u00f3rio porque revela para o exterior \u201cproblemas particulares e de ordem interna de regi\u00f5es do nosso pa\u00eds em fase de desenvolvimento\u201d.<\/p>\n\n\n\n<figure class=\"wp-block-image\"><img data-recalc-dims=\"1\" decoding=\"async\" src=\"https:\/\/i0.wp.com\/deolhonosruralistas.com.br\/wp-content\/uploads\/2020\/08\/dompedro-ditadura-imagem01.jpg?w=600&#038;ssl=1\" alt=\"\" class=\"wp-image-17341\"\/><figcaption>\u201cVerifica-se o espirito subversivo e contestat\u00f3rio do referido bispo\u201d. (Imagem: Reprodu\u00e7\u00e3o\/De Olho nos Ruralistas)<\/figcaption><\/figure>\n\n\n\n<p>Os problemas \u201cparticulares\u201d citados no relat\u00f3rio s\u00e3o casos de corrup\u00e7\u00e3o, assassinato, escravid\u00e3o e outros crimes e mazelas contra os quais o padre, adepto da Teologia da Liberta\u00e7\u00e3o, lutou desde que chegou ao Brasil, em 1969.<\/p>\n\n\n\n<p>Empreendimentos patrocinados pela ditadura, como a Fazenda Codeara e a Fazenda Sui\u00e1-Missu, levaram desordem para a regi\u00e3o, j\u00e1 habitada por posseiros. A fome e a escravid\u00e3o de trabalhadores pobres tornou-se uma constante, problemas que foram reconhecidos pela pr\u00f3pria ditadura. (A Sui\u00e1-Missu foi objeto de desintrus\u00e3o durante o governo Dilma Rousseff, j\u00e1 que incidia sobre a&nbsp;<a href=\"https:\/\/terrasindigenas.org.br\/pt-br\/terras-indigenas\/4019\">Terra Ind\u00edgena Mar\u00e3iwats\u00e9d\u00e9<\/a>, do povo Xavante.)<\/p>\n\n\n\n<p>\u201cEstas palavras, como guerrilheiro e revolu\u00e7\u00e3o, eram palavras que faziam a qualquer um ser perseguido\u201d, comenta Fernanda Queiroz de Menezes, mestre em Hist\u00f3ria pela Universidade Federal de Mato Grosso (UFMT) e autora da disserta\u00e7\u00e3o \u201cPedro Casald\u00e1liga e sua pr\u00e1tica social no per\u00edodo da ditadura civil-militar: 1968 a 1980\u201d.<\/p>\n\n\n\n<p>Segundo a pesquisadora, o regime militar era um tanto quanto \u201cpsic\u00f3tico\u201d em rela\u00e7\u00e3o a alguns verbetes. Somava-se a isso o fato de que Dom Pedro n\u00e3o deixava de usar a poesia como forma de mostrar seu engajamento pol\u00edtico, uma ferramenta para \u201cenriquecer a raz\u00e3o intelectual com a raz\u00e3o sens\u00edvel\u201d.<\/p>\n\n\n\n<p>\u201cSempre achei que Dom Pedro possu\u00eda uma coer\u00eancia intelectual muito grande\u201d, comenta Fernanda. \u201cEle sempre marcou posi\u00e7\u00e3o definida sobre estas quest\u00f5es, sobre as quest\u00f5es da terra, nunca teve d\u00favida sobre o apoio aos posseiros e aos ind\u00edgenas e a defesa da natureza\u201d.<\/p>\n\n\n\n<h3 class=\"wp-block-heading\">GOVERNO SARNEY TENTOU DERRUBAR INDICA\u00c7\u00c3O A PR\u00caMIO LITER\u00c1RIO<\/h3>\n\n\n\n<p>Um relat\u00f3rio mais recente do SNI tamb\u00e9m chama aten\u00e7\u00e3o. Em 1989, quando a ditadura j\u00e1 havia acabado, Casald\u00e1liga foi indicado para o pr\u00eamio espanhol Pr\u00edncipe das Ast\u00farias, institu\u00eddo por um herdeiro do trono espanhol. Na ocasi\u00e3o, a embaixada brasileira em Madri foi informada da indica\u00e7\u00e3o. Em trecho do documento a embaixada brasileira reclama aos espanh\u00f3is de forma \u201coficiosa\u201d, que sentiu estranheza por conta do perfil do candidato. Na avalia\u00e7\u00e3o do governo, Casald\u00e1liga n\u00e3o seria merecedor do pr\u00eamio, por n\u00e3o promover a \u201cconc\u00f3rdia\u201d.<\/p>\n\n\n\n<p>No mesmo documento, h\u00e1 men\u00e7\u00e3o ao livro \u201cEm Rebelde Fidelidade\u201d, publicado em 1986 por Dom Pedro na Espanha. Os investigadores enviam uma c\u00f3pia do livro, que tamb\u00e9m fala sobre problemas do Brasil. Os arquivos mostram que, mesmo depois da ditadura, a preocupa\u00e7\u00e3o em rela\u00e7\u00e3o a Casald\u00e1liga continuava porque o bispo ainda denunciava a desigualdade no pa\u00eds.<\/p>\n\n\n\n<figure class=\"wp-block-image\"><img data-recalc-dims=\"1\" decoding=\"async\" src=\"https:\/\/i0.wp.com\/deolhonosruralistas.com.br\/wp-content\/uploads\/2020\/08\/dompedro-ditadura-imagem03.jpg?w=600&#038;ssl=1\" alt=\"\" class=\"wp-image-17342\"\/><figcaption>Embaixada brasileira considerava indica\u00e7\u00e3o de Dom Pedro contra sentido de \u201cconc\u00f3rdia\u201d. (Imagem: Reprodu\u00e7\u00e3o\/De Olho nos Ruralistas)<\/figcaption><\/figure>\n\n\n\n<p>Durante a ditadura, a preocupa\u00e7\u00e3o era mais ostensiva. Em um relat\u00f3rio de julho de 1973 os militares chegaram a interceptar uma carta entre o bispo de Propri\u00e1, em Sergipe, e o bispo de S\u00e3o F\u00e9lix, em Mato Grosso. Na carta, o cl\u00e9rigo do nordeste elogia o colega na atua\u00e7\u00e3o em defesa do padre Francisco Jentel, preso e condenado pelos militares por liderar uma revolta de posseiros contra a Fazenda Codeara.<\/p>\n\n\n\n<p>O frei agostiniano Gabriel L\u00f3pez Blanco, que chegou na prelazia em 1980 e conviveu por d\u00e9cadas com Pedro Casald\u00e1liga, conta que os militares representavam uma amea\u00e7a constante, e que eram capazes de descobrir cada passo que o bispo dava, em uma situa\u00e7\u00e3o de vigil\u00e2ncia que sempre o deixou surpreso.<\/p>\n\n\n\n<p>\u201cEra uma amea\u00e7a constante, l\u00e1 de cima do governo e l\u00e1 de baixo tamb\u00e9m, dos grandes fazendeiros\u201d, conta. \u201cDiz\u00edamos, em tom de brincadeira, que todos n\u00f3s da prelazia dever\u00edamos fazer fotos bonitas para quando vir\u00e1ssemos m\u00e1rtires, era uma ang\u00fastia que se vivia o tempo todo na equipe pastoral\u201d.<\/p>\n\n\n\n<p>Entre outros motivos, isso aconteceu porque a ditadura associava o trabalho realizado na prelazia com a guerrilha do Araguaia, segundo Paulo Gabriel. Na \u00e9poca, os militares suspeitavam que muitos guerrilheiros fugiam para o sul do Par\u00e1 e norte de Mato Grosso, liga\u00e7\u00e3o nunca comprovada.<\/p>\n\n\n\n<p>\u201cTodo trabalho que a prelazia come\u00e7ou a fazer em defesa dos pe\u00f5es e na luta pela terra despertou na ditadura e, mesmo dentro da igreja, muitas desconfian\u00e7as\u201d, conta. \u201cE \u00e9 impressionante verificarmos, agora que temos acesso a alguns documentos do SNI, o quanto se sabia sobre n\u00f3s, o quanto \u00e9ramos vigiados\u201d.<\/p>\n\n\n\n<p>Outro relat\u00f3rio mostra que os militares interceptaram carta destinada a Dom Pedro Casald\u00e1liga, desta vez sem remetente, mas com origem no Chile, ainda governado por Salvador Allende. O relat\u00f3rio do SNI de setembro de 1973 \u2014 a ditadura comandada por Augusto Pinochet come\u00e7ou no dia 11 daquele m\u00eas \u2014 identifica cartas enviadas ao bispo em setembro de 1972 e fevereiro de 1973.<\/p>\n\n\n\n<p>O autor da carta comunica-se de forma generalista, sem se identificar, j\u00e1 ciente da persegui\u00e7\u00e3o do regime. O remetente utiliza-se do pseud\u00f4nimo \u201cBolinha na neve\u201d, dirigindo-se ao destinat\u00e1rio com refer\u00eancia a uma personagem das hist\u00f3rias em quadrinhos muito popular na \u00e9poca: \u201cQuerida Luluzinha\u201d. Confira abaixo:<\/p>\n\n\n\n<figure class=\"wp-block-image\"><img data-recalc-dims=\"1\" decoding=\"async\" src=\"https:\/\/i0.wp.com\/deolhonosruralistas.com.br\/wp-content\/uploads\/2020\/08\/dompedro-ditadura-imagem04-1.jpg?w=600&#038;ssl=1\" alt=\"\" class=\"wp-image-17348\"\/><figcaption>Documentos mostram intercepta\u00e7\u00e3o, pelo SNI, de cartas chilenas anteriores ao golpe de Pinochet. (Imagem: Reprodu\u00e7\u00e3o\/De Olho nos Ruralistas)<\/figcaption><\/figure>\n\n\n\n<p>|&nbsp;L\u00e1zaro Thor Borges&nbsp;\u00e9 jornalista |<\/p>\n\n\n\n<p><em>Imagem principal (Reprodu\u00e7\u00e3o): Dom Pedro Casald\u00e1liga e a prova de que a ditadura investigava que seus poemas<\/em><\/p>\n","protected":false},"excerpt":{"rendered":"<p>Documentos do SNI mostram como o bispo de S\u00e3o F\u00e9lix do Araguaia (MT), falecido no dia 08, teve versos utilizados como prova durante processo movido em 1973 pelos militares; governo Sarney tentou derrubar indica\u00e7\u00e3o do religioso para pr\u00eamio liter\u00e1rio na Espanha<\/p>\n","protected":false},"author":1,"featured_media":0,"comment_status":"closed","ping_status":"open","sticky":false,"template":"","format":"standard","meta":{"_exactmetrics_skip_tracking":false,"_exactmetrics_sitenote_active":false,"_exactmetrics_sitenote_note":"","_exactmetrics_sitenote_category":0,"jetpack_post_was_ever_published":false,"_jetpack_newsletter_access":"","_jetpack_dont_email_post_to_subs":false,"_jetpack_newsletter_tier_id":0,"_jetpack_memberships_contains_paywalled_content":false,"_jetpack_memberships_contains_paid_content":false,"footnotes":"","jetpack_publicize_message":"","jetpack_publicize_feature_enabled":true,"jetpack_social_post_already_shared":true,"jetpack_social_options":{"image_generator_settings":{"template":"highway","enabled":false},"version":2}},"categories":[1],"tags":[],"class_list":["post-29526","post","type-post","status-publish","format-standard","hentry","category-notas"],"jetpack_publicize_connections":[],"jetpack_sharing_enabled":true,"jetpack_featured_media_url":"","jetpack_shortlink":"https:\/\/wp.me\/p7wKYW-7Ge","jetpack-related-posts":[],"_links":{"self":[{"href":"http:\/\/blogdalucianaoliveira.com.br\/blog\/wp-json\/wp\/v2\/posts\/29526","targetHints":{"allow":["GET"]}}],"collection":[{"href":"http:\/\/blogdalucianaoliveira.com.br\/blog\/wp-json\/wp\/v2\/posts"}],"about":[{"href":"http:\/\/blogdalucianaoliveira.com.br\/blog\/wp-json\/wp\/v2\/types\/post"}],"author":[{"embeddable":true,"href":"http:\/\/blogdalucianaoliveira.com.br\/blog\/wp-json\/wp\/v2\/users\/1"}],"replies":[{"embeddable":true,"href":"http:\/\/blogdalucianaoliveira.com.br\/blog\/wp-json\/wp\/v2\/comments?post=29526"}],"version-history":[{"count":1,"href":"http:\/\/blogdalucianaoliveira.com.br\/blog\/wp-json\/wp\/v2\/posts\/29526\/revisions"}],"predecessor-version":[{"id":29527,"href":"http:\/\/blogdalucianaoliveira.com.br\/blog\/wp-json\/wp\/v2\/posts\/29526\/revisions\/29527"}],"wp:attachment":[{"href":"http:\/\/blogdalucianaoliveira.com.br\/blog\/wp-json\/wp\/v2\/media?parent=29526"}],"wp:term":[{"taxonomy":"category","embeddable":true,"href":"http:\/\/blogdalucianaoliveira.com.br\/blog\/wp-json\/wp\/v2\/categories?post=29526"},{"taxonomy":"post_tag","embeddable":true,"href":"http:\/\/blogdalucianaoliveira.com.br\/blog\/wp-json\/wp\/v2\/tags?post=29526"}],"curies":[{"name":"wp","href":"https:\/\/api.w.org\/{rel}","templated":true}]}}