{"id":29534,"date":"2020-08-18T14:14:48","date_gmt":"2020-08-18T18:14:48","guid":{"rendered":"http:\/\/blogdalucianaoliveira.com.br\/blog\/?p=29534"},"modified":"2020-08-18T14:14:53","modified_gmt":"2020-08-18T18:14:53","slug":"oms-alerta-aumento-de-covid-19-e-maior-taxa-de-mortalidade-entre-indigenas","status":"publish","type":"post","link":"http:\/\/blogdalucianaoliveira.com.br\/blog\/2020\/08\/18\/oms-alerta-aumento-de-covid-19-e-maior-taxa-de-mortalidade-entre-indigenas\/","title":{"rendered":"OMS alerta aumento de Covid-19 e maior taxa de mortalidade entre ind\u00edgenas"},"content":{"rendered":"\n<figure class=\"wp-block-image size-large\"><img data-recalc-dims=\"1\" loading=\"lazy\" decoding=\"async\" width=\"500\" height=\"240\" data-attachment-id=\"29535\" data-permalink=\"http:\/\/blogdalucianaoliveira.com.br\/blog\/2020\/08\/18\/oms-alerta-aumento-de-covid-19-e-maior-taxa-de-mortalidade-entre-indigenas\/image-19-10\/\" data-orig-file=\"https:\/\/i0.wp.com\/blogdalucianaoliveira.com.br\/blog\/wp-content\/uploads\/2020\/08\/image-19.jpeg?fit=500%2C240\" data-orig-size=\"500,240\" data-comments-opened=\"0\" data-image-meta=\"{&quot;aperture&quot;:&quot;0&quot;,&quot;credit&quot;:&quot;&quot;,&quot;camera&quot;:&quot;&quot;,&quot;caption&quot;:&quot;&quot;,&quot;created_timestamp&quot;:&quot;0&quot;,&quot;copyright&quot;:&quot;&quot;,&quot;focal_length&quot;:&quot;0&quot;,&quot;iso&quot;:&quot;0&quot;,&quot;shutter_speed&quot;:&quot;0&quot;,&quot;title&quot;:&quot;&quot;,&quot;orientation&quot;:&quot;0&quot;}\" data-image-title=\"image-19\" data-image-description=\"\" data-image-caption=\"\" data-medium-file=\"https:\/\/i0.wp.com\/blogdalucianaoliveira.com.br\/blog\/wp-content\/uploads\/2020\/08\/image-19.jpeg?fit=300%2C144\" data-large-file=\"https:\/\/i0.wp.com\/blogdalucianaoliveira.com.br\/blog\/wp-content\/uploads\/2020\/08\/image-19.jpeg?fit=500%2C240\" src=\"https:\/\/i0.wp.com\/blogdalucianaoliveira.com.br\/blog\/wp-content\/uploads\/2020\/08\/image-19.jpeg?resize=500%2C240\" alt=\"\" class=\"wp-image-29535\" srcset=\"https:\/\/i0.wp.com\/blogdalucianaoliveira.com.br\/blog\/wp-content\/uploads\/2020\/08\/image-19.jpeg?w=500 500w, https:\/\/i0.wp.com\/blogdalucianaoliveira.com.br\/blog\/wp-content\/uploads\/2020\/08\/image-19.jpeg?resize=300%2C144 300w\" sizes=\"auto, (max-width: 500px) 100vw, 500px\" \/><\/figure>\n\n\n\n<p><strong>247 &#8211;\u00a0<\/strong>A\u00a0<a rel=\"noreferrer noopener\" target=\"_blank\" href=\"https:\/\/www.brasil247.com\/coronavirus\/povos-indigenas-estao-em-risco-devido-a-covid-19-alerta-oms\">Organiza\u00e7\u00e3o Mundial da Sa\u00fade (OMS) alertou para o aumento de casos do novo coronav\u00edrus entre os ind\u00edgenas na Am\u00e9rica do Sul<\/a>, de acordo com Jamil Chade no\u00a0<a rel=\"noreferrer noopener\" target=\"_blank\" href=\"https:\/\/noticias.uol.com.br\/colunas\/jamil-chade\/2020\/08\/18\/oms-alerta-para-taxa-de-mortalidade-de-indigenas-por-covid-19.htm\">Uol<\/a>. A entidade tamb\u00e9m indicou que a taxa de mortalidade entre eles \u00e9 superior ao restante da popula\u00e7\u00e3o.<br><\/p>\n\n\n\n<!--more-->\n\n\n\n<p>&#8220;Os relatos de casos de Covid-19 entre os povos ind\u00edgenas est\u00e3o aumentando em toda a regi\u00e3o (americana), com uma taxa de mortalidade relatada maior neste grupo em compara\u00e7\u00e3o com os povos n\u00e3o-ind\u00edgenas&#8221;, destacou a ag\u00eancia.<\/p>\n\n\n\n<p>O alerta ocorre no momento em que a&nbsp;<a target=\"_blank\" rel=\"noreferrer noopener\" href=\"https:\/\/www.brasil247.com\/brasil\/onu-contesta-vetos-de-bolsonaro-em-projeto-que-visava-proteger-indigenas-em-meio-a-pandemia\">ONU contestou os vetos de Jair Bolsonaro em projeto que busca proteger comunidades ind\u00edgenas e quilombolas diante da pandemia da Covid-19<\/a>. A entidade internacional afirma que o Brasil precisa adotar &#8220;medidas afirmativas concretas&#8221; para lidar com estes grupos vulner\u00e1veis e se diz &#8220;preocupada&#8221; diante da inger\u00eancia.<br><\/p>\n\n\n\n<p>A declara\u00e7\u00e3o est\u00e1 expressa em um carta da ONU para a Comiss\u00e3o de Direitos Humanos da C\u00e2mara dos Deputados, que havia solicitado uma opini\u00e3o da organiza\u00e7\u00e3o. O documento \u00e9 assinado por Jan Jarab, representante regional para Am\u00e9rica do Sul do Alto Comissariado das Na\u00e7\u00f5es Unidas para os Direitos Humanos.<\/p>\n\n\n\n<p>Jair Bolsonaro sancionou, com vetos, a lei com medidas de prote\u00e7\u00e3o a povos ind\u00edgenas durante a pandemia do coronav\u00edrus. Dentre os trechos vetados est\u00e1 o que prev\u00ea a execu\u00e7\u00e3o de a\u00e7\u00f5es para garantir aos povos ind\u00edgenas e quilombolas &#8220;a oferta emergencial de leitos hospitalares e de terapia intensiva&#8221; e que a Uni\u00e3o seja obrigada a comprar &#8220;ventiladores e m\u00e1quinas de oxigena\u00e7\u00e3o sangu\u00ednea&#8221;.<\/p>\n\n\n\n<p>Outro veto foi o que obriga o governo a fornecer aos povos ind\u00edgenas &#8220;acesso a \u00e1gua pot\u00e1vel&#8221; e &#8220;distribui\u00e7\u00e3o gratuita de materiais de higiene, limpeza e de desinfec\u00e7\u00e3o para as aldeias&#8221;. Entre outras coisas.<\/p>\n","protected":false},"excerpt":{"rendered":"<p>247 &#8211;\u00a0A\u00a0Organiza\u00e7\u00e3o Mundial da Sa\u00fade (OMS) alertou para o aumento de casos do novo coronav\u00edrus entre os ind\u00edgenas na Am\u00e9rica do Sul, de acordo com Jamil Chade no\u00a0Uol. A entidade tamb\u00e9m indicou que a taxa de mortalidade entre eles \u00e9 superior ao restante da popula\u00e7\u00e3o.<\/p>\n","protected":false},"author":1,"featured_media":0,"comment_status":"closed","ping_status":"open","sticky":false,"template":"","format":"standard","meta":{"_exactmetrics_skip_tracking":false,"_exactmetrics_sitenote_active":false,"_exactmetrics_sitenote_note":"","_exactmetrics_sitenote_category":0,"jetpack_post_was_ever_published":false,"_jetpack_newsletter_access":"","_jetpack_dont_email_post_to_subs":false,"_jetpack_newsletter_tier_id":0,"_jetpack_memberships_contains_paywalled_content":false,"_jetpack_memberships_contains_paid_content":false,"footnotes":"","jetpack_publicize_message":"","jetpack_publicize_feature_enabled":true,"jetpack_social_post_already_shared":true,"jetpack_social_options":{"image_generator_settings":{"template":"highway","enabled":false},"version":2}},"categories":[1],"tags":[],"class_list":["post-29534","post","type-post","status-publish","format-standard","hentry","category-notas"],"jetpack_publicize_connections":[],"jetpack_sharing_enabled":true,"jetpack_featured_media_url":"","jetpack_shortlink":"https:\/\/wp.me\/p7wKYW-7Gm","jetpack-related-posts":[],"_links":{"self":[{"href":"http:\/\/blogdalucianaoliveira.com.br\/blog\/wp-json\/wp\/v2\/posts\/29534","targetHints":{"allow":["GET"]}}],"collection":[{"href":"http:\/\/blogdalucianaoliveira.com.br\/blog\/wp-json\/wp\/v2\/posts"}],"about":[{"href":"http:\/\/blogdalucianaoliveira.com.br\/blog\/wp-json\/wp\/v2\/types\/post"}],"author":[{"embeddable":true,"href":"http:\/\/blogdalucianaoliveira.com.br\/blog\/wp-json\/wp\/v2\/users\/1"}],"replies":[{"embeddable":true,"href":"http:\/\/blogdalucianaoliveira.com.br\/blog\/wp-json\/wp\/v2\/comments?post=29534"}],"version-history":[{"count":1,"href":"http:\/\/blogdalucianaoliveira.com.br\/blog\/wp-json\/wp\/v2\/posts\/29534\/revisions"}],"predecessor-version":[{"id":29536,"href":"http:\/\/blogdalucianaoliveira.com.br\/blog\/wp-json\/wp\/v2\/posts\/29534\/revisions\/29536"}],"wp:attachment":[{"href":"http:\/\/blogdalucianaoliveira.com.br\/blog\/wp-json\/wp\/v2\/media?parent=29534"}],"wp:term":[{"taxonomy":"category","embeddable":true,"href":"http:\/\/blogdalucianaoliveira.com.br\/blog\/wp-json\/wp\/v2\/categories?post=29534"},{"taxonomy":"post_tag","embeddable":true,"href":"http:\/\/blogdalucianaoliveira.com.br\/blog\/wp-json\/wp\/v2\/tags?post=29534"}],"curies":[{"name":"wp","href":"https:\/\/api.w.org\/{rel}","templated":true}]}}