{"id":29537,"date":"2020-08-18T14:21:56","date_gmt":"2020-08-18T18:21:56","guid":{"rendered":"http:\/\/blogdalucianaoliveira.com.br\/blog\/?p=29537"},"modified":"2020-08-18T14:22:00","modified_gmt":"2020-08-18T18:22:00","slug":"a-santidade-politica-de-casaldaliga-e-um-incomodo","status":"publish","type":"post","link":"http:\/\/blogdalucianaoliveira.com.br\/blog\/2020\/08\/18\/a-santidade-politica-de-casaldaliga-e-um-incomodo\/","title":{"rendered":"A santidade pol\u00edtica de Casald\u00e1liga \u00e9 um inc\u00f4modo"},"content":{"rendered":"\n<figure class=\"wp-block-image size-large\"><img data-recalc-dims=\"1\" loading=\"lazy\" decoding=\"async\" width=\"600\" height=\"374\" data-attachment-id=\"29440\" data-permalink=\"http:\/\/blogdalucianaoliveira.com.br\/blog\/2020\/08\/08\/morre-d-pedro-casaldaliga-icone-da-luta-contra-a-ditadura-e-pela-defesa-dos-direitos-humanos\/image-9-10\/\" data-orig-file=\"https:\/\/i0.wp.com\/blogdalucianaoliveira.com.br\/blog\/wp-content\/uploads\/2020\/08\/image-9.jpeg?fit=610%2C380\" data-orig-size=\"610,380\" data-comments-opened=\"0\" data-image-meta=\"{&quot;aperture&quot;:&quot;0&quot;,&quot;credit&quot;:&quot;&quot;,&quot;camera&quot;:&quot;&quot;,&quot;caption&quot;:&quot;&quot;,&quot;created_timestamp&quot;:&quot;0&quot;,&quot;copyright&quot;:&quot;&quot;,&quot;focal_length&quot;:&quot;0&quot;,&quot;iso&quot;:&quot;0&quot;,&quot;shutter_speed&quot;:&quot;0&quot;,&quot;title&quot;:&quot;&quot;,&quot;orientation&quot;:&quot;0&quot;}\" data-image-title=\"image-9\" data-image-description=\"\" data-image-caption=\"\" data-medium-file=\"https:\/\/i0.wp.com\/blogdalucianaoliveira.com.br\/blog\/wp-content\/uploads\/2020\/08\/image-9.jpeg?fit=300%2C187\" data-large-file=\"https:\/\/i0.wp.com\/blogdalucianaoliveira.com.br\/blog\/wp-content\/uploads\/2020\/08\/image-9.jpeg?fit=600%2C374\" src=\"https:\/\/i0.wp.com\/blogdalucianaoliveira.com.br\/blog\/wp-content\/uploads\/2020\/08\/image-9.jpeg?resize=600%2C374\" alt=\"\" class=\"wp-image-29440\" srcset=\"https:\/\/i0.wp.com\/blogdalucianaoliveira.com.br\/blog\/wp-content\/uploads\/2020\/08\/image-9.jpeg?w=610 610w, https:\/\/i0.wp.com\/blogdalucianaoliveira.com.br\/blog\/wp-content\/uploads\/2020\/08\/image-9.jpeg?resize=300%2C187 300w, https:\/\/i0.wp.com\/blogdalucianaoliveira.com.br\/blog\/wp-content\/uploads\/2020\/08\/image-9.jpeg?resize=482%2C300 482w\" sizes=\"auto, (max-width: 600px) 100vw, 600px\" \/><\/figure>\n\n\n\n<p>No 247, por <a href=\"https:\/\/www.brasil247.com\/authors\/roberto-malvezzi\">Roberto Malvezzi<\/a> &#8211; A santidade pol\u00edtica de Casald\u00e1liga, na sua dimens\u00e3o ambiental-social-econ\u00f4mica, deita ra\u00edzes na Igreja Primitiva. N\u00e3o se trata de dar comida ou roupa pontualmente para um pobre, mas romper com as injusti\u00e7as estruturais de uma sociedade e criar outro tipo de sociedade. Por isso, foi um te\u00f3logo, um m\u00edstico, um pastoralista e um profeta da linha dos crist\u00e3os libert\u00e1rios. A vida de Casald\u00e1liga se insere na moldura maior do an\u00fancio de Jesus, isto \u00e9, a justi\u00e7a e a miseric\u00f3rdia (Mateus 23,23). \u00a0<br><\/p>\n\n\n\n<!--more-->\n\n\n\n<p>Em primeiro, Pedro era um m\u00edstico, mas um m\u00edstico pol\u00edtico. Foi ele quem trouxe a categoria espiritual da \u201cnoite escura\u201d do mundo subjetivo de Teresa D\u2019\u00c1vila e Jo\u00e3o da Cruz para a dimens\u00e3o social: \u201ca longa noite escura do neoliberalismo\u201d. E ele buscava uma madrugada para essa longa noite.<\/p>\n\n\n\n<p>Segundo, Pedro era um revolucion\u00e1rio convicto e expl\u00edcito. Apoiou a revolu\u00e7\u00e3o Nicaraguense, Cubana e todas as insurrei\u00e7\u00f5es na Am\u00e9rica Latina e Central, a exemplo de El Salvador. Como dizia ele, sou movido por \u201camor de revolu\u00e7\u00e3o\u201d. Portanto, era um homem do aqui e agora da hist\u00f3ria.&nbsp;<\/p>\n\n\n\n<p>Terceiro, quando amaldi\u00e7oava todas as cercas, Pedro era contra a propriedade privada, sobretudo da terra, da \u00e1gua e dos chamados bens comuns. Os Movimentos Populares Socioambientais acrescentam a\u00ed a educa\u00e7\u00e3o, sa\u00fade, energia e alimentos. Por isso Pedro gostava tanto dos \u00edndios, tamb\u00e9m por sua dimens\u00e3o de um socialismo primevo. Ele sabia que, um bem comum privatizado, n\u00e3o \u00e9 mais um bem comum.&nbsp;<\/p>\n\n\n\n<p>Quarto, e por consequ\u00eancia, Pedro era socialista convicto. Uma vez, em conversa particular, dizendo que vivia com um sal\u00e1rio m\u00ednimo, que nas suas viagens mal tinha dinheiro para comprar um bolo e um refrigerante, me disse: \u201cn\u00e3o estamos preparados para viver socialisticamente\u201d. Sim, reconheci, desse jeito eu tamb\u00e9m n\u00e3o estou, nunca estive.&nbsp;<\/p>\n\n\n\n<p>Por fim, Pedro era avesso a todo ritualismo romano da liturgia, com aquelas mitras, b\u00e1culos, indument\u00e1rias, todas originadas da Idade M\u00e9dia e extempor\u00e2neas ao nosso mundo. Nunca vestiu esses adere\u00e7os e preferiu seu chap\u00e9u de palha, sua roupa simples, suas sand\u00e1lias, que caiam bem em um ambiente t\u00e3o quente como o Araguaia. Assim tamb\u00e9m era Dom Jos\u00e9 Rodrigues, bispo aqui de Juazeiro da Bahia. Para completar, decidiu n\u00e3o ir mais \u00e0s Visitas Ad Limina, onde os bispos se apresentam diante do Papa a cada cinco anos.&nbsp;<\/p>\n\n\n\n<p>Sim, sem perder a ternura jamais, a santidade pol\u00edtica de Pedro \u00e9 um inc\u00f4modo, inclusive para mim. Pior, ou melhor, tudo em nome do Deus que ele acreditava, o Deus de Jesus de Nazar\u00e9, aquele crucificado e ressuscitado h\u00e1 uns dois mil anos. &nbsp;<\/p>\n\n\n\n<p>Esses dias a esperan\u00e7a inabal\u00e1vel de Pedro ancorou \u00e0s margens do Araguaia.\u00a0<br><\/p>\n\n\n\n<h2 class=\"wp-block-heading\"><a href=\"https:\/\/www.brasil247.com\/authors\/roberto-malvezzi\">Roberto Malvezzi<\/a><\/h2>\n\n\n\n<p>Graduado em Estudos Sociais e em Filosofia pela Faculdade Salesiana de Filosofia, Ci\u00eancias e Letras de Lorena, em S\u00e3o Paulo. Tamb\u00e9m \u00e9 graduado em Teologia pelo Instituto Teol\u00f3gico de S\u00e3o Paulo. Atualmente, integra Equipe CPP\/CPT do S\u00e3o Francisco<\/p>\n","protected":false},"excerpt":{"rendered":"<p>No 247, por Roberto Malvezzi &#8211; A santidade pol\u00edtica de Casald\u00e1liga, na sua dimens\u00e3o ambiental-social-econ\u00f4mica, deita ra\u00edzes na Igreja Primitiva. N\u00e3o se trata de dar comida ou roupa pontualmente para um pobre, mas romper com as injusti\u00e7as estruturais de uma sociedade e criar outro tipo de sociedade. Por isso, foi um te\u00f3logo, um m\u00edstico, um&#8230;<a class=\"more-link\" href=\"http:\/\/blogdalucianaoliveira.com.br\/blog\/2020\/08\/18\/a-santidade-politica-de-casaldaliga-e-um-incomodo\/\">Continue a leitura <span class=\"meta-nav\">&raquo;<\/span><\/a><\/p>\n","protected":false},"author":1,"featured_media":0,"comment_status":"closed","ping_status":"open","sticky":false,"template":"","format":"standard","meta":{"_exactmetrics_skip_tracking":false,"_exactmetrics_sitenote_active":false,"_exactmetrics_sitenote_note":"","_exactmetrics_sitenote_category":0,"jetpack_post_was_ever_published":false,"_jetpack_newsletter_access":"","_jetpack_dont_email_post_to_subs":false,"_jetpack_newsletter_tier_id":0,"_jetpack_memberships_contains_paywalled_content":false,"_jetpack_memberships_contains_paid_content":false,"footnotes":"","jetpack_publicize_message":"","jetpack_publicize_feature_enabled":true,"jetpack_social_post_already_shared":true,"jetpack_social_options":{"image_generator_settings":{"template":"highway","enabled":false},"version":2}},"categories":[1],"tags":[],"class_list":["post-29537","post","type-post","status-publish","format-standard","hentry","category-notas"],"jetpack_publicize_connections":[],"jetpack_sharing_enabled":true,"jetpack_featured_media_url":"","jetpack_shortlink":"https:\/\/wp.me\/p7wKYW-7Gp","jetpack-related-posts":[],"_links":{"self":[{"href":"http:\/\/blogdalucianaoliveira.com.br\/blog\/wp-json\/wp\/v2\/posts\/29537","targetHints":{"allow":["GET"]}}],"collection":[{"href":"http:\/\/blogdalucianaoliveira.com.br\/blog\/wp-json\/wp\/v2\/posts"}],"about":[{"href":"http:\/\/blogdalucianaoliveira.com.br\/blog\/wp-json\/wp\/v2\/types\/post"}],"author":[{"embeddable":true,"href":"http:\/\/blogdalucianaoliveira.com.br\/blog\/wp-json\/wp\/v2\/users\/1"}],"replies":[{"embeddable":true,"href":"http:\/\/blogdalucianaoliveira.com.br\/blog\/wp-json\/wp\/v2\/comments?post=29537"}],"version-history":[{"count":1,"href":"http:\/\/blogdalucianaoliveira.com.br\/blog\/wp-json\/wp\/v2\/posts\/29537\/revisions"}],"predecessor-version":[{"id":29538,"href":"http:\/\/blogdalucianaoliveira.com.br\/blog\/wp-json\/wp\/v2\/posts\/29537\/revisions\/29538"}],"wp:attachment":[{"href":"http:\/\/blogdalucianaoliveira.com.br\/blog\/wp-json\/wp\/v2\/media?parent=29537"}],"wp:term":[{"taxonomy":"category","embeddable":true,"href":"http:\/\/blogdalucianaoliveira.com.br\/blog\/wp-json\/wp\/v2\/categories?post=29537"},{"taxonomy":"post_tag","embeddable":true,"href":"http:\/\/blogdalucianaoliveira.com.br\/blog\/wp-json\/wp\/v2\/tags?post=29537"}],"curies":[{"name":"wp","href":"https:\/\/api.w.org\/{rel}","templated":true}]}}