{"id":29540,"date":"2020-08-19T11:14:47","date_gmt":"2020-08-19T15:14:47","guid":{"rendered":"http:\/\/blogdalucianaoliveira.com.br\/blog\/?p=29540"},"modified":"2020-08-19T11:14:51","modified_gmt":"2020-08-19T15:14:51","slug":"ro-enquanto-tiver-floresta-em-pe-enfrentaremos-esse-desafio-diz-almir-surui-sobre-avanco-de-focos-de-calor-em-terras-indigenas","status":"publish","type":"post","link":"http:\/\/blogdalucianaoliveira.com.br\/blog\/2020\/08\/19\/ro-enquanto-tiver-floresta-em-pe-enfrentaremos-esse-desafio-diz-almir-surui-sobre-avanco-de-focos-de-calor-em-terras-indigenas\/","title":{"rendered":"RO: \u201cEnquanto tiver floresta em p\u00e9, enfrentaremos esse desafio\u201d, diz Almir Surui sobre avan\u00e7o de focos de calor em Terras Ind\u00edgenas"},"content":{"rendered":"\n<figure class=\"wp-block-image size-large\"><img data-recalc-dims=\"1\" loading=\"lazy\" decoding=\"async\" width=\"600\" height=\"595\" data-attachment-id=\"29551\" data-permalink=\"http:\/\/blogdalucianaoliveira.com.br\/blog\/2020\/08\/19\/ro-enquanto-tiver-floresta-em-pe-enfrentaremos-esse-desafio-diz-almir-surui-sobre-avanco-de-focos-de-calor-em-terras-indigenas\/99e757ab-c66e-40b3-9864-25871e4e7283\/\" data-orig-file=\"https:\/\/i0.wp.com\/blogdalucianaoliveira.com.br\/blog\/wp-content\/uploads\/2020\/08\/99E757AB-C66E-40B3-9864-25871E4E7283.jpeg?fit=828%2C821\" data-orig-size=\"828,821\" data-comments-opened=\"0\" data-image-meta=\"{&quot;aperture&quot;:&quot;0&quot;,&quot;credit&quot;:&quot;&quot;,&quot;camera&quot;:&quot;&quot;,&quot;caption&quot;:&quot;&quot;,&quot;created_timestamp&quot;:&quot;0&quot;,&quot;copyright&quot;:&quot;&quot;,&quot;focal_length&quot;:&quot;0&quot;,&quot;iso&quot;:&quot;0&quot;,&quot;shutter_speed&quot;:&quot;0&quot;,&quot;title&quot;:&quot;&quot;,&quot;orientation&quot;:&quot;1&quot;}\" data-image-title=\"99E757AB-C66E-40B3-9864-25871E4E7283\" data-image-description=\"\" data-image-caption=\"\" data-medium-file=\"https:\/\/i0.wp.com\/blogdalucianaoliveira.com.br\/blog\/wp-content\/uploads\/2020\/08\/99E757AB-C66E-40B3-9864-25871E4E7283.jpeg?fit=300%2C297\" data-large-file=\"https:\/\/i0.wp.com\/blogdalucianaoliveira.com.br\/blog\/wp-content\/uploads\/2020\/08\/99E757AB-C66E-40B3-9864-25871E4E7283.jpeg?fit=600%2C595\" src=\"https:\/\/i0.wp.com\/blogdalucianaoliveira.com.br\/blog\/wp-content\/uploads\/2020\/08\/99E757AB-C66E-40B3-9864-25871E4E7283.jpeg?resize=600%2C595\" alt=\"\" class=\"wp-image-29551\" srcset=\"https:\/\/i0.wp.com\/blogdalucianaoliveira.com.br\/blog\/wp-content\/uploads\/2020\/08\/99E757AB-C66E-40B3-9864-25871E4E7283.jpeg?w=828 828w, https:\/\/i0.wp.com\/blogdalucianaoliveira.com.br\/blog\/wp-content\/uploads\/2020\/08\/99E757AB-C66E-40B3-9864-25871E4E7283.jpeg?resize=300%2C297 300w, https:\/\/i0.wp.com\/blogdalucianaoliveira.com.br\/blog\/wp-content\/uploads\/2020\/08\/99E757AB-C66E-40B3-9864-25871E4E7283.jpeg?resize=150%2C150 150w, https:\/\/i0.wp.com\/blogdalucianaoliveira.com.br\/blog\/wp-content\/uploads\/2020\/08\/99E757AB-C66E-40B3-9864-25871E4E7283.jpeg?resize=768%2C762 768w, https:\/\/i0.wp.com\/blogdalucianaoliveira.com.br\/blog\/wp-content\/uploads\/2020\/08\/99E757AB-C66E-40B3-9864-25871E4E7283.jpeg?resize=303%2C300 303w\" sizes=\"auto, (max-width: 600px) 100vw, 600px\" \/><\/figure>\n\n\n\n<p>\u201cEsse poder que destr\u00f3i a floresta ainda n\u00e3o aprendeu que o futuro est\u00e1 dentro de uma floresta em p\u00e9. \u00c9 ela que traz equil\u00edbrio clim\u00e1tico, ambiental e econ\u00f4mico ao nosso planeta\u201d. diz Almir Narayamoga Suru\u00ed, lideran\u00e7a do povo Paiter Suru\u00ed.\u00a0<\/p>\n\n\n\n<!--more-->\n\n\n\n<p>O alerta \u00e9 sobre o \u00faltimo levantamento da Secretaria de Desenvolvimento Ambiental de Rond\u00f4nia (SEDAM) com dados do Instituto de Pesquisa Espacial (INPE) que mostra pouca altera\u00e7\u00e3o nos registros de focos de queimadas entre os meses de janeiro a agosto de 2019 e 2020 nas terras ind\u00edgenas do estado. <\/p>\n\n\n\n<p>Almir \u00e9 lideran\u00e7a em relevo no debate global sobre meio ambiente. J\u00e1 participou de muitas confer\u00eancias e tratou da quest\u00e3o ind\u00edgena com l\u00edderes de v\u00e1rias na\u00e7\u00f5es. Ele vive na aldeia Lapetanha, uma de mais de 20 dentro da Terra Ind\u00edgena Sete de Setembro, pr\u00f3xima ao munic\u00edpio de Cacoal.<\/p>\n\n\n\n<p>Com apenas meio s\u00e9culo do primeiro contato, eles possuem moderna organiza\u00e7\u00e3o social e produzem de forma sustent\u00e1vel um caf\u00e9 premiado dentro e fora do pa\u00eds.<br><\/p>\n\n\n\n<p>\u201cCom equil\u00edbrio clim\u00e1tico a terra ter\u00e1 condi\u00e7\u00f5es de produzir alimentos em grande quantidade e com qualidade. Os desmatamentos e queimadas est\u00e3o destruindo o potencial que nosso pa\u00eds, nosso estado, possuem. Os \u00f3rg\u00e3os de fiscaliza\u00e7\u00e3o precisam cumprir seu papel de prote\u00e7\u00e3o. Precisamos avan\u00e7ar nos crit\u00e9rios de vigil\u00e2ncia nos territ\u00f3rios ind\u00edgenas\u201d, cobra Almir.\u00a0\u00a0<\/p>\n\n\n\n<p>Os desmatamentos e queimadas s\u00e3o amea\u00e7as constantes nas terras ind\u00edgenas e a Covid-19 aumentou o perigo. Os Surui pedem socorro porque a Covid se alastrou rapidamente atingindo mais de 40 ind\u00edgenas, alguns gravemente.\u00a0<\/p>\n\n\n\n<p>Em carta \u00e0 sociedade pedem testes em massa, a contrata\u00e7\u00e3o de profissionais de sa\u00fade e a instala\u00e7\u00e3o de um hospital de campanha para atender os povos ind\u00edgenas.<\/p>\n\n\n\n<p>\u201cEssa pandemia vai acabar, mas vir\u00e3o outras porque a atitude do homem com a natureza \u00e9 muito perigosa e triste\u201d, diz Almir.<br><\/p>\n\n\n\n<p>O estado tem grande diversidade de povos. S\u00e3o mais de 20 terras ind\u00edgenas segundo relat\u00f3rio do Minist\u00e9rio P\u00fablico Federal. <br><\/p>\n\n\n\n<p><strong>Fogo dentro e perto de terras ind\u00edgenas <br><\/strong><\/p>\n\n\n\n<p>Em 2019, dos 42 focos de calor no semestre, 27 atingiram mais intensamente a TI Pacaas Novos com 14 registros, Lajes com 7 e Lourdes com 6.<\/p>\n\n\n\n<p>Este ano foram 45 focos, sendo novamente 14 na TI Pacaas Novos, 7 na TI Rio Negro Ocaia e 5 na TI Karitiana.<\/p>\n\n\n\n<p>O que mudou consideravelmente foi o tempo da ocorr\u00eancia dos focos.<\/p>\n\n\n\n<p>Em 2019 o m\u00eas com mais registros foi junho com 20 focos e em 2020 foi abril, com 21.<\/p>\n\n\n\n<p><br><\/p>\n\n\n\n<figure class=\"wp-block-image size-large\"><img data-recalc-dims=\"1\" loading=\"lazy\" decoding=\"async\" width=\"600\" height=\"301\" data-attachment-id=\"29547\" data-permalink=\"http:\/\/blogdalucianaoliveira.com.br\/blog\/2020\/08\/19\/ro-enquanto-tiver-floresta-em-pe-enfrentaremos-esse-desafio-diz-almir-surui-sobre-avanco-de-focos-de-calor-em-terras-indigenas\/214c5592-a636-4a25-9777-794765e0708d\/\" data-orig-file=\"https:\/\/i0.wp.com\/blogdalucianaoliveira.com.br\/blog\/wp-content\/uploads\/2020\/08\/214C5592-A636-4A25-9777-794765E0708D.jpeg?fit=640%2C321\" data-orig-size=\"640,321\" data-comments-opened=\"0\" data-image-meta=\"{&quot;aperture&quot;:&quot;0&quot;,&quot;credit&quot;:&quot;&quot;,&quot;camera&quot;:&quot;&quot;,&quot;caption&quot;:&quot;&quot;,&quot;created_timestamp&quot;:&quot;0&quot;,&quot;copyright&quot;:&quot;&quot;,&quot;focal_length&quot;:&quot;0&quot;,&quot;iso&quot;:&quot;0&quot;,&quot;shutter_speed&quot;:&quot;0&quot;,&quot;title&quot;:&quot;&quot;,&quot;orientation&quot;:&quot;1&quot;}\" data-image-title=\"214C5592-A636-4A25-9777-794765E0708D\" data-image-description=\"\" data-image-caption=\"\" data-medium-file=\"https:\/\/i0.wp.com\/blogdalucianaoliveira.com.br\/blog\/wp-content\/uploads\/2020\/08\/214C5592-A636-4A25-9777-794765E0708D.jpeg?fit=300%2C150\" data-large-file=\"https:\/\/i0.wp.com\/blogdalucianaoliveira.com.br\/blog\/wp-content\/uploads\/2020\/08\/214C5592-A636-4A25-9777-794765E0708D.jpeg?fit=600%2C301\" src=\"https:\/\/i0.wp.com\/blogdalucianaoliveira.com.br\/blog\/wp-content\/uploads\/2020\/08\/214C5592-A636-4A25-9777-794765E0708D.jpeg?resize=600%2C301\" alt=\"\" class=\"wp-image-29547\" srcset=\"https:\/\/i0.wp.com\/blogdalucianaoliveira.com.br\/blog\/wp-content\/uploads\/2020\/08\/214C5592-A636-4A25-9777-794765E0708D.jpeg?w=640 640w, https:\/\/i0.wp.com\/blogdalucianaoliveira.com.br\/blog\/wp-content\/uploads\/2020\/08\/214C5592-A636-4A25-9777-794765E0708D.jpeg?resize=300%2C150 300w, https:\/\/i0.wp.com\/blogdalucianaoliveira.com.br\/blog\/wp-content\/uploads\/2020\/08\/214C5592-A636-4A25-9777-794765E0708D.jpeg?resize=598%2C300 598w\" sizes=\"auto, (max-width: 600px) 100vw, 600px\" \/><\/figure>\n\n\n\n<p><br><\/p>\n\n\n\n<figure class=\"wp-block-image size-large\"><img data-recalc-dims=\"1\" loading=\"lazy\" decoding=\"async\" width=\"600\" height=\"305\" data-attachment-id=\"29549\" data-permalink=\"http:\/\/blogdalucianaoliveira.com.br\/blog\/2020\/08\/19\/ro-enquanto-tiver-floresta-em-pe-enfrentaremos-esse-desafio-diz-almir-surui-sobre-avanco-de-focos-de-calor-em-terras-indigenas\/0d8fa5ce-3b2a-4844-a525-8a75aa2fa627\/\" data-orig-file=\"https:\/\/i0.wp.com\/blogdalucianaoliveira.com.br\/blog\/wp-content\/uploads\/2020\/08\/0D8FA5CE-3B2A-4844-A525-8A75AA2FA627.jpeg?fit=640%2C325\" data-orig-size=\"640,325\" data-comments-opened=\"0\" data-image-meta=\"{&quot;aperture&quot;:&quot;0&quot;,&quot;credit&quot;:&quot;&quot;,&quot;camera&quot;:&quot;&quot;,&quot;caption&quot;:&quot;&quot;,&quot;created_timestamp&quot;:&quot;0&quot;,&quot;copyright&quot;:&quot;&quot;,&quot;focal_length&quot;:&quot;0&quot;,&quot;iso&quot;:&quot;0&quot;,&quot;shutter_speed&quot;:&quot;0&quot;,&quot;title&quot;:&quot;&quot;,&quot;orientation&quot;:&quot;1&quot;}\" data-image-title=\"0D8FA5CE-3B2A-4844-A525-8A75AA2FA627\" data-image-description=\"\" data-image-caption=\"\" data-medium-file=\"https:\/\/i0.wp.com\/blogdalucianaoliveira.com.br\/blog\/wp-content\/uploads\/2020\/08\/0D8FA5CE-3B2A-4844-A525-8A75AA2FA627.jpeg?fit=300%2C152\" data-large-file=\"https:\/\/i0.wp.com\/blogdalucianaoliveira.com.br\/blog\/wp-content\/uploads\/2020\/08\/0D8FA5CE-3B2A-4844-A525-8A75AA2FA627.jpeg?fit=600%2C305\" src=\"https:\/\/i0.wp.com\/blogdalucianaoliveira.com.br\/blog\/wp-content\/uploads\/2020\/08\/0D8FA5CE-3B2A-4844-A525-8A75AA2FA627.jpeg?resize=600%2C305\" alt=\"\" class=\"wp-image-29549\" srcset=\"https:\/\/i0.wp.com\/blogdalucianaoliveira.com.br\/blog\/wp-content\/uploads\/2020\/08\/0D8FA5CE-3B2A-4844-A525-8A75AA2FA627.jpeg?w=640 640w, https:\/\/i0.wp.com\/blogdalucianaoliveira.com.br\/blog\/wp-content\/uploads\/2020\/08\/0D8FA5CE-3B2A-4844-A525-8A75AA2FA627.jpeg?resize=300%2C152 300w, https:\/\/i0.wp.com\/blogdalucianaoliveira.com.br\/blog\/wp-content\/uploads\/2020\/08\/0D8FA5CE-3B2A-4844-A525-8A75AA2FA627.jpeg?resize=591%2C300 591w\" sizes=\"auto, (max-width: 600px) 100vw, 600px\" \/><\/figure>\n\n\n\n<p>Para o coordenador estadual de Unidades de Conserva\u00e7\u00e3o da Sedam, Denison Trindade, foi a redu\u00e7\u00e3o da fiscaliza\u00e7\u00e3o ambiental em fun\u00e7\u00e3o da pandemia que fez as ocorr\u00eancias aumentarem no \u00faltimo m\u00eas de abril. <\/p>\n\n\n\n<p>Ele atribui a queda de focos no m\u00eas de junho ao esfor\u00e7o conjunto dos \u00f3rg\u00e3os de fiscaliza\u00e7\u00e3o e \u00e0 a prorroga\u00e7\u00e3o da Opera\u00e7\u00e3o Verde Brasil 2.<\/p>\n\n\n\n<p>\u201cH\u00e1 uma uni\u00e3o para que se possa abranger mais localidades e intensificar a fiscaliza\u00e7\u00e3o, o que n\u00e3o ocorria antes\u201d, disse.<\/p>\n\n\n\n<p><strong>Perigo a 3 km dos ind\u00edgenas<\/strong><\/p>\n\n\n\n<p>Um fiscal do ICMbio informou que o raio de tr\u00eas quil\u00f4metros no entorno de uma Unidade de Conserva\u00e7\u00e3o ou Terra Ind\u00edgena \u00e9 considerado zona de amortecimento e serve para avaliar os impactos negativos de atividades que ocorrem fora do territ\u00f3rio protegido. O avan\u00e7o da ocupa\u00e7\u00e3o humana \u00e9 constante amea\u00e7a, por isso o monitoramento \u00e9 permanente e o licenciamento ambiental para atividades rigorosamente regulado.<strong> <\/strong><br><\/p>\n\n\n\n<p>O levantamento da Sedam aponta que o n\u00famero de focos de calor nessas Zonas pr\u00f3ximas de Terras Ind\u00edgenas pouco se alterou.<\/p>\n\n\n\n<p>Dos 56 focos de calor no semestre de 2019 com maior incid\u00eancia em junho, 32 se concentram na TI Rio Branco e 6 na TI Uru Eu Wau Wau.<\/p>\n\n\n\n<p>Este ano foram 41 focos, sendo 10 na TI Aripuan\u00e3, 9 na TI Uru Eu Wau Wau e 7 na TI Sete de Setembro.<\/p>\n\n\n\n<figure class=\"wp-block-image size-large\"><img data-recalc-dims=\"1\" loading=\"lazy\" decoding=\"async\" width=\"600\" height=\"354\" data-attachment-id=\"29544\" data-permalink=\"http:\/\/blogdalucianaoliveira.com.br\/blog\/2020\/08\/19\/ro-enquanto-tiver-floresta-em-pe-enfrentaremos-esse-desafio-diz-almir-surui-sobre-avanco-de-focos-de-calor-em-terras-indigenas\/4d702f51-b11c-44c8-aeff-8ee23bd98d82\/\" data-orig-file=\"https:\/\/i0.wp.com\/blogdalucianaoliveira.com.br\/blog\/wp-content\/uploads\/2020\/08\/4D702F51-B11C-44C8-AEFF-8EE23BD98D82.jpeg?fit=755%2C446\" data-orig-size=\"755,446\" data-comments-opened=\"0\" data-image-meta=\"{&quot;aperture&quot;:&quot;0&quot;,&quot;credit&quot;:&quot;&quot;,&quot;camera&quot;:&quot;&quot;,&quot;caption&quot;:&quot;&quot;,&quot;created_timestamp&quot;:&quot;0&quot;,&quot;copyright&quot;:&quot;&quot;,&quot;focal_length&quot;:&quot;0&quot;,&quot;iso&quot;:&quot;0&quot;,&quot;shutter_speed&quot;:&quot;0&quot;,&quot;title&quot;:&quot;&quot;,&quot;orientation&quot;:&quot;0&quot;}\" data-image-title=\"4D702F51-B11C-44C8-AEFF-8EE23BD98D82\" data-image-description=\"\" data-image-caption=\"\" data-medium-file=\"https:\/\/i0.wp.com\/blogdalucianaoliveira.com.br\/blog\/wp-content\/uploads\/2020\/08\/4D702F51-B11C-44C8-AEFF-8EE23BD98D82.jpeg?fit=300%2C177\" data-large-file=\"https:\/\/i0.wp.com\/blogdalucianaoliveira.com.br\/blog\/wp-content\/uploads\/2020\/08\/4D702F51-B11C-44C8-AEFF-8EE23BD98D82.jpeg?fit=600%2C354\" src=\"https:\/\/i0.wp.com\/blogdalucianaoliveira.com.br\/blog\/wp-content\/uploads\/2020\/08\/4D702F51-B11C-44C8-AEFF-8EE23BD98D82.jpeg?resize=600%2C354\" alt=\"\" class=\"wp-image-29544\" srcset=\"https:\/\/i0.wp.com\/blogdalucianaoliveira.com.br\/blog\/wp-content\/uploads\/2020\/08\/4D702F51-B11C-44C8-AEFF-8EE23BD98D82.jpeg?w=755 755w, https:\/\/i0.wp.com\/blogdalucianaoliveira.com.br\/blog\/wp-content\/uploads\/2020\/08\/4D702F51-B11C-44C8-AEFF-8EE23BD98D82.jpeg?resize=300%2C177 300w, https:\/\/i0.wp.com\/blogdalucianaoliveira.com.br\/blog\/wp-content\/uploads\/2020\/08\/4D702F51-B11C-44C8-AEFF-8EE23BD98D82.jpeg?resize=508%2C300 508w\" sizes=\"auto, (max-width: 600px) 100vw, 600px\" \/><\/figure>\n\n\n\n<p><br><\/p>\n\n\n\n<figure class=\"wp-block-image size-large\"><img data-recalc-dims=\"1\" loading=\"lazy\" decoding=\"async\" width=\"600\" height=\"374\" data-attachment-id=\"29545\" data-permalink=\"http:\/\/blogdalucianaoliveira.com.br\/blog\/2020\/08\/19\/ro-enquanto-tiver-floresta-em-pe-enfrentaremos-esse-desafio-diz-almir-surui-sobre-avanco-de-focos-de-calor-em-terras-indigenas\/cd050315-2baa-4533-9009-642e17514013\/\" data-orig-file=\"https:\/\/i0.wp.com\/blogdalucianaoliveira.com.br\/blog\/wp-content\/uploads\/2020\/08\/CD050315-2BAA-4533-9009-642E17514013.jpeg?fit=774%2C483\" data-orig-size=\"774,483\" data-comments-opened=\"0\" data-image-meta=\"{&quot;aperture&quot;:&quot;0&quot;,&quot;credit&quot;:&quot;&quot;,&quot;camera&quot;:&quot;&quot;,&quot;caption&quot;:&quot;&quot;,&quot;created_timestamp&quot;:&quot;0&quot;,&quot;copyright&quot;:&quot;&quot;,&quot;focal_length&quot;:&quot;0&quot;,&quot;iso&quot;:&quot;0&quot;,&quot;shutter_speed&quot;:&quot;0&quot;,&quot;title&quot;:&quot;&quot;,&quot;orientation&quot;:&quot;0&quot;}\" data-image-title=\"CD050315-2BAA-4533-9009-642E17514013\" data-image-description=\"\" data-image-caption=\"\" data-medium-file=\"https:\/\/i0.wp.com\/blogdalucianaoliveira.com.br\/blog\/wp-content\/uploads\/2020\/08\/CD050315-2BAA-4533-9009-642E17514013.jpeg?fit=300%2C187\" data-large-file=\"https:\/\/i0.wp.com\/blogdalucianaoliveira.com.br\/blog\/wp-content\/uploads\/2020\/08\/CD050315-2BAA-4533-9009-642E17514013.jpeg?fit=600%2C374\" src=\"https:\/\/i0.wp.com\/blogdalucianaoliveira.com.br\/blog\/wp-content\/uploads\/2020\/08\/CD050315-2BAA-4533-9009-642E17514013.jpeg?resize=600%2C374\" alt=\"\" class=\"wp-image-29545\" srcset=\"https:\/\/i0.wp.com\/blogdalucianaoliveira.com.br\/blog\/wp-content\/uploads\/2020\/08\/CD050315-2BAA-4533-9009-642E17514013.jpeg?w=774 774w, https:\/\/i0.wp.com\/blogdalucianaoliveira.com.br\/blog\/wp-content\/uploads\/2020\/08\/CD050315-2BAA-4533-9009-642E17514013.jpeg?resize=300%2C187 300w, https:\/\/i0.wp.com\/blogdalucianaoliveira.com.br\/blog\/wp-content\/uploads\/2020\/08\/CD050315-2BAA-4533-9009-642E17514013.jpeg?resize=768%2C479 768w, https:\/\/i0.wp.com\/blogdalucianaoliveira.com.br\/blog\/wp-content\/uploads\/2020\/08\/CD050315-2BAA-4533-9009-642E17514013.jpeg?resize=481%2C300 481w\" sizes=\"auto, (max-width: 600px) 100vw, 600px\" \/><\/figure>\n\n\n\n<p>A reportagem pediu, mas a Sedam n\u00e3o tem atualiza\u00e7\u00e3o de dados, segundo Denisson Trindade.<\/p>\n\n\n\n<p>O Greenpeace Brasil que monitora os focos de calor na Amaz\u00f4nia tem e forneceu o levantamento paralelo, segundo o qual este ano as terras ind\u00edgenas de Rond\u00f4nia tiveram 37 ocorr\u00eancias em julho e 46 em agosto.<\/p>\n\n\n\n<figure class=\"wp-block-image size-large\"><img data-recalc-dims=\"1\" loading=\"lazy\" decoding=\"async\" width=\"600\" height=\"613\" data-attachment-id=\"29543\" data-permalink=\"http:\/\/blogdalucianaoliveira.com.br\/blog\/2020\/08\/19\/ro-enquanto-tiver-floresta-em-pe-enfrentaremos-esse-desafio-diz-almir-surui-sobre-avanco-de-focos-de-calor-em-terras-indigenas\/572e7d1b-9748-458a-8f2a-53fe1ddb1bda\/\" data-orig-file=\"https:\/\/i0.wp.com\/blogdalucianaoliveira.com.br\/blog\/wp-content\/uploads\/2020\/08\/572E7D1B-9748-458A-8F2A-53FE1DDB1BDA.jpeg?fit=669%2C683\" data-orig-size=\"669,683\" data-comments-opened=\"0\" data-image-meta=\"{&quot;aperture&quot;:&quot;0&quot;,&quot;credit&quot;:&quot;&quot;,&quot;camera&quot;:&quot;&quot;,&quot;caption&quot;:&quot;&quot;,&quot;created_timestamp&quot;:&quot;0&quot;,&quot;copyright&quot;:&quot;&quot;,&quot;focal_length&quot;:&quot;0&quot;,&quot;iso&quot;:&quot;0&quot;,&quot;shutter_speed&quot;:&quot;0&quot;,&quot;title&quot;:&quot;&quot;,&quot;orientation&quot;:&quot;1&quot;}\" data-image-title=\"572E7D1B-9748-458A-8F2A-53FE1DDB1BDA\" data-image-description=\"\" data-image-caption=\"\" data-medium-file=\"https:\/\/i0.wp.com\/blogdalucianaoliveira.com.br\/blog\/wp-content\/uploads\/2020\/08\/572E7D1B-9748-458A-8F2A-53FE1DDB1BDA.jpeg?fit=294%2C300\" data-large-file=\"https:\/\/i0.wp.com\/blogdalucianaoliveira.com.br\/blog\/wp-content\/uploads\/2020\/08\/572E7D1B-9748-458A-8F2A-53FE1DDB1BDA.jpeg?fit=600%2C613\" src=\"https:\/\/i0.wp.com\/blogdalucianaoliveira.com.br\/blog\/wp-content\/uploads\/2020\/08\/572E7D1B-9748-458A-8F2A-53FE1DDB1BDA.jpeg?resize=600%2C613\" alt=\"\" class=\"wp-image-29543\" srcset=\"https:\/\/i0.wp.com\/blogdalucianaoliveira.com.br\/blog\/wp-content\/uploads\/2020\/08\/572E7D1B-9748-458A-8F2A-53FE1DDB1BDA.jpeg?w=669 669w, https:\/\/i0.wp.com\/blogdalucianaoliveira.com.br\/blog\/wp-content\/uploads\/2020\/08\/572E7D1B-9748-458A-8F2A-53FE1DDB1BDA.jpeg?resize=294%2C300 294w\" sizes=\"auto, (max-width: 600px) 100vw, 600px\" \/><figcaption>Dados cedidos pelo Greenpeace <\/figcaption><\/figure>\n\n\n\n<p>Os focos foram detectados mais em terras onde vivem povos isolados, 37 no per\u00edodo.<\/p>\n\n\n\n<p>Os Uru Eu Wau Wau aparecem com 11 focos de calor e os Karipuna com 14.<\/p>\n\n\n\n<p>No in\u00edcio deste m\u00eas, o porta-voz da ONG R\u00f4mulo Batista fez um alerta ao UOL sobre a preocupa\u00e7\u00e3o com as queimadas e a Covid-19 nas TIs.<\/p>\n\n\n\n<p>\u201cEstamos observando uma tend\u00eancia de alta nas queimadas neste ano. Al\u00e9m da amea\u00e7a do coronav\u00edrus, com a temporada de fogo, os povos ind\u00edgenas estar\u00e3o ainda mais vulner\u00e1veis, pois a fuma\u00e7a e a fuligem das queimadas prejudicam ainda mais sua sa\u00fade\u201d.<\/p>\n\n\n\n<p>O BLO tentou contato com a FUNAI em Rond\u00f4nia, mas ningu\u00e9m fala sobre o assunto desde a posse do presidente Jair Bolsonaro. A orienta\u00e7\u00e3o local \u00e9 para que pedidos de informa\u00e7\u00f5es ou declara\u00e7\u00f5es sobre amea\u00e7as a povos e territ\u00f3rios ind\u00edgenas sejam feitos por e-mail \u00e0 Bras\u00edlia, o que condiciona a resposta \u00e0 demora de 10 a 20 dias. <\/p>\n\n\n\n<p>Uma ambientalista que tamb\u00e9m n\u00e3o quer a identidade revelada por medo de persegui\u00e7\u00e3o, disse que \u201cAs invas\u00f5es, desmatamentos e queimadas a tr\u00eas quil\u00f4metros das terras ind\u00edgenas v\u00e3o gerar consequ\u00eancias graves n\u00e3o s\u00f3 aos povos ind\u00edgenas, mas ao meio ambiente de um modo geral. Esses dados s\u00f3 demonstram a falta de a\u00e7\u00e3o em proteger. Um governo que v\u00ea uma \u00e1rea de floresta ser desmatada, queimada, destru\u00edda e n\u00e3o faz nada \u00e9 um governo muito irrespons\u00e1vel.<br><\/p>\n\n\n\n<p>O territ\u00f3rio Uru Eu Wau Wua \u00e9 invadido desde sempre, conforme relato dos ind\u00edgenas.&nbsp;<br><\/p>\n\n\n\n<p>Eles criaram sua equipe de monitoramento e t\u00eam conseguido flagrantes como esse muito pr\u00f3ximo \u00e0 terra ind\u00edgena.<strong> <\/strong><br><br><\/p>\n\n\n\n<figure class=\"wp-block-image size-large\"><img data-recalc-dims=\"1\" loading=\"lazy\" decoding=\"async\" width=\"600\" height=\"450\" data-attachment-id=\"29542\" data-permalink=\"http:\/\/blogdalucianaoliveira.com.br\/blog\/2020\/08\/19\/ro-enquanto-tiver-floresta-em-pe-enfrentaremos-esse-desafio-diz-almir-surui-sobre-avanco-de-focos-de-calor-em-terras-indigenas\/6fb9f545-dc6c-4603-8c9c-89813bac8907\/\" data-orig-file=\"https:\/\/i0.wp.com\/blogdalucianaoliveira.com.br\/blog\/wp-content\/uploads\/2020\/08\/6FB9F545-DC6C-4603-8C9C-89813BAC8907.jpeg?fit=640%2C480\" data-orig-size=\"640,480\" data-comments-opened=\"0\" data-image-meta=\"{&quot;aperture&quot;:&quot;0&quot;,&quot;credit&quot;:&quot;&quot;,&quot;camera&quot;:&quot;&quot;,&quot;caption&quot;:&quot;&quot;,&quot;created_timestamp&quot;:&quot;0&quot;,&quot;copyright&quot;:&quot;&quot;,&quot;focal_length&quot;:&quot;0&quot;,&quot;iso&quot;:&quot;0&quot;,&quot;shutter_speed&quot;:&quot;0&quot;,&quot;title&quot;:&quot;&quot;,&quot;orientation&quot;:&quot;1&quot;}\" data-image-title=\"6FB9F545-DC6C-4603-8C9C-89813BAC8907\" data-image-description=\"\" data-image-caption=\"\" data-medium-file=\"https:\/\/i0.wp.com\/blogdalucianaoliveira.com.br\/blog\/wp-content\/uploads\/2020\/08\/6FB9F545-DC6C-4603-8C9C-89813BAC8907.jpeg?fit=300%2C225\" data-large-file=\"https:\/\/i0.wp.com\/blogdalucianaoliveira.com.br\/blog\/wp-content\/uploads\/2020\/08\/6FB9F545-DC6C-4603-8C9C-89813BAC8907.jpeg?fit=600%2C450\" src=\"https:\/\/i0.wp.com\/blogdalucianaoliveira.com.br\/blog\/wp-content\/uploads\/2020\/08\/6FB9F545-DC6C-4603-8C9C-89813BAC8907.jpeg?resize=600%2C450\" alt=\"\" class=\"wp-image-29542\" srcset=\"https:\/\/i0.wp.com\/blogdalucianaoliveira.com.br\/blog\/wp-content\/uploads\/2020\/08\/6FB9F545-DC6C-4603-8C9C-89813BAC8907.jpeg?w=640 640w, https:\/\/i0.wp.com\/blogdalucianaoliveira.com.br\/blog\/wp-content\/uploads\/2020\/08\/6FB9F545-DC6C-4603-8C9C-89813BAC8907.jpeg?resize=300%2C225 300w, https:\/\/i0.wp.com\/blogdalucianaoliveira.com.br\/blog\/wp-content\/uploads\/2020\/08\/6FB9F545-DC6C-4603-8C9C-89813BAC8907.jpeg?resize=400%2C300 400w\" sizes=\"auto, (max-width: 600px) 100vw, 600px\" \/><figcaption>Fogo pr\u00f3ximo a territ\u00f3rio  UEWW<\/figcaption><\/figure>\n\n\n\n<p>Com a ajuda de drones doados por uma ONG, os ind\u00edgenas conseguem visualizar a presen\u00e7a de invasores e tamb\u00e9m de fogo dentro ou pr\u00f3ximo de suas terras.<\/p>\n\n\n\n<p>\u201cA terra ind\u00edgena vem sofrendo uma press\u00e3o forte de invasores e estamos fazendo esse monitoramento para pressionar a atua\u00e7\u00e3o das autoridades ambientais. O que existe n\u00e3o \u00e9 eficaz para impedir o avan\u00e7o da grilagem, do desmatamento e das queimadas\u201d, disse Bitat\u00e9 Uru Eu Wau Wau, jovem lideran\u00e7a que atua na equipe de vigil\u00e2ncia ind\u00edgena.<\/p>\n\n\n\n<p><\/p>\n\n\n\n<p><br><\/p>\n","protected":false},"excerpt":{"rendered":"<p>\u201cEsse poder que destr\u00f3i a floresta ainda n\u00e3o aprendeu que o futuro est\u00e1 dentro de uma floresta em p\u00e9. \u00c9 ela que traz equil\u00edbrio clim\u00e1tico, ambiental e econ\u00f4mico ao nosso planeta\u201d. diz Almir Narayamoga Suru\u00ed, lideran\u00e7a do povo Paiter Suru\u00ed.\u00a0<\/p>\n","protected":false},"author":1,"featured_media":0,"comment_status":"closed","ping_status":"open","sticky":false,"template":"","format":"standard","meta":{"_exactmetrics_skip_tracking":false,"_exactmetrics_sitenote_active":false,"_exactmetrics_sitenote_note":"","_exactmetrics_sitenote_category":0,"jetpack_post_was_ever_published":false,"_jetpack_newsletter_access":"","_jetpack_dont_email_post_to_subs":false,"_jetpack_newsletter_tier_id":0,"_jetpack_memberships_contains_paywalled_content":false,"_jetpack_memberships_contains_paid_content":false,"footnotes":"","jetpack_publicize_message":"","jetpack_publicize_feature_enabled":true,"jetpack_social_post_already_shared":true,"jetpack_social_options":{"image_generator_settings":{"template":"highway","enabled":false},"version":2}},"categories":[1],"tags":[],"class_list":["post-29540","post","type-post","status-publish","format-standard","hentry","category-notas"],"jetpack_publicize_connections":[],"jetpack_sharing_enabled":true,"jetpack_featured_media_url":"","jetpack_shortlink":"https:\/\/wp.me\/p7wKYW-7Gs","jetpack-related-posts":[],"_links":{"self":[{"href":"http:\/\/blogdalucianaoliveira.com.br\/blog\/wp-json\/wp\/v2\/posts\/29540","targetHints":{"allow":["GET"]}}],"collection":[{"href":"http:\/\/blogdalucianaoliveira.com.br\/blog\/wp-json\/wp\/v2\/posts"}],"about":[{"href":"http:\/\/blogdalucianaoliveira.com.br\/blog\/wp-json\/wp\/v2\/types\/post"}],"author":[{"embeddable":true,"href":"http:\/\/blogdalucianaoliveira.com.br\/blog\/wp-json\/wp\/v2\/users\/1"}],"replies":[{"embeddable":true,"href":"http:\/\/blogdalucianaoliveira.com.br\/blog\/wp-json\/wp\/v2\/comments?post=29540"}],"version-history":[{"count":1,"href":"http:\/\/blogdalucianaoliveira.com.br\/blog\/wp-json\/wp\/v2\/posts\/29540\/revisions"}],"predecessor-version":[{"id":29552,"href":"http:\/\/blogdalucianaoliveira.com.br\/blog\/wp-json\/wp\/v2\/posts\/29540\/revisions\/29552"}],"wp:attachment":[{"href":"http:\/\/blogdalucianaoliveira.com.br\/blog\/wp-json\/wp\/v2\/media?parent=29540"}],"wp:term":[{"taxonomy":"category","embeddable":true,"href":"http:\/\/blogdalucianaoliveira.com.br\/blog\/wp-json\/wp\/v2\/categories?post=29540"},{"taxonomy":"post_tag","embeddable":true,"href":"http:\/\/blogdalucianaoliveira.com.br\/blog\/wp-json\/wp\/v2\/tags?post=29540"}],"curies":[{"name":"wp","href":"https:\/\/api.w.org\/{rel}","templated":true}]}}