{"id":29553,"date":"2020-08-20T10:36:42","date_gmt":"2020-08-20T14:36:42","guid":{"rendered":"http:\/\/blogdalucianaoliveira.com.br\/blog\/?p=29553"},"modified":"2020-08-20T10:36:52","modified_gmt":"2020-08-20T14:36:52","slug":"urgente-steve-bannon-guru-da-extrema-direita-e-do-bolsonarismo-e-preso-nos-estados-unidos","status":"publish","type":"post","link":"http:\/\/blogdalucianaoliveira.com.br\/blog\/2020\/08\/20\/urgente-steve-bannon-guru-da-extrema-direita-e-do-bolsonarismo-e-preso-nos-estados-unidos\/","title":{"rendered":"Urgente: Steve Bannon, guru da extrema-direita e do bolsonarismo, \u00e9 preso nos Estados Unidos"},"content":{"rendered":"\n<figure class=\"wp-block-image size-large\"><img data-recalc-dims=\"1\" loading=\"lazy\" decoding=\"async\" width=\"600\" height=\"374\" data-attachment-id=\"29554\" data-permalink=\"http:\/\/blogdalucianaoliveira.com.br\/blog\/2020\/08\/20\/urgente-steve-bannon-guru-da-extrema-direita-e-do-bolsonarismo-e-preso-nos-estados-unidos\/image-20-10\/\" data-orig-file=\"https:\/\/i0.wp.com\/blogdalucianaoliveira.com.br\/blog\/wp-content\/uploads\/2020\/08\/image-20.jpeg?fit=610%2C380\" data-orig-size=\"610,380\" data-comments-opened=\"0\" data-image-meta=\"{&quot;aperture&quot;:&quot;0&quot;,&quot;credit&quot;:&quot;&quot;,&quot;camera&quot;:&quot;&quot;,&quot;caption&quot;:&quot;&quot;,&quot;created_timestamp&quot;:&quot;0&quot;,&quot;copyright&quot;:&quot;&quot;,&quot;focal_length&quot;:&quot;0&quot;,&quot;iso&quot;:&quot;0&quot;,&quot;shutter_speed&quot;:&quot;0&quot;,&quot;title&quot;:&quot;&quot;,&quot;orientation&quot;:&quot;0&quot;}\" data-image-title=\"image-20\" data-image-description=\"\" data-image-caption=\"\" data-medium-file=\"https:\/\/i0.wp.com\/blogdalucianaoliveira.com.br\/blog\/wp-content\/uploads\/2020\/08\/image-20.jpeg?fit=300%2C187\" data-large-file=\"https:\/\/i0.wp.com\/blogdalucianaoliveira.com.br\/blog\/wp-content\/uploads\/2020\/08\/image-20.jpeg?fit=600%2C374\" src=\"https:\/\/i0.wp.com\/blogdalucianaoliveira.com.br\/blog\/wp-content\/uploads\/2020\/08\/image-20.jpeg?resize=600%2C374\" alt=\"\" class=\"wp-image-29554\" srcset=\"https:\/\/i0.wp.com\/blogdalucianaoliveira.com.br\/blog\/wp-content\/uploads\/2020\/08\/image-20.jpeg?w=610 610w, https:\/\/i0.wp.com\/blogdalucianaoliveira.com.br\/blog\/wp-content\/uploads\/2020\/08\/image-20.jpeg?resize=300%2C187 300w, https:\/\/i0.wp.com\/blogdalucianaoliveira.com.br\/blog\/wp-content\/uploads\/2020\/08\/image-20.jpeg?resize=482%2C300 482w\" sizes=\"auto, (max-width: 600px) 100vw, 600px\" \/><\/figure>\n\n\n\n<p><strong>247 &#8211;\u00a0<\/strong>Steve Bannon, o principal guru da extrema-direita no mundo e tamb\u00e9m do cl\u00e3 Bolsonaro, foi preso na manh\u00e3 desta sexta-feira, ap\u00f3s uma investiga\u00e7\u00e3o sobre fraudes em arrecada\u00e7\u00e3o de recursos eleitorais, segundo anunciou o Departamento de Justi\u00e7a.<\/p>\n\n\n\n<!--more-->\n\n\n\n<p>A campanha, &#8220;N\u00f3s Constru\u00edmos o Muro&#8221;, teria arrecadado mais de US$ 25 milh\u00f5es ao todo e depois desviado recursos. &#8220;Como alegado, os r\u00e9us fraudaram centenas de milhares de doadores&#8221;, disse a procuradora dos Estados Unidos Audrey Strauss.<\/p>\n\n\n\n<p>Bannon se tornou um dos personagens de maior influ\u00eancia sobre o governo de extrema-direita de Jair Bolsonaro no Brasil.<\/p>\n\n\n\n<p><\/p>\n","protected":false},"excerpt":{"rendered":"<p>247 &#8211;\u00a0Steve Bannon, o principal guru da extrema-direita no mundo e tamb\u00e9m do cl\u00e3 Bolsonaro, foi preso na manh\u00e3 desta sexta-feira, ap\u00f3s uma investiga\u00e7\u00e3o sobre fraudes em arrecada\u00e7\u00e3o de recursos eleitorais, segundo anunciou o Departamento de Justi\u00e7a.<\/p>\n","protected":false},"author":1,"featured_media":0,"comment_status":"closed","ping_status":"open","sticky":false,"template":"","format":"standard","meta":{"_exactmetrics_skip_tracking":false,"_exactmetrics_sitenote_active":false,"_exactmetrics_sitenote_note":"","_exactmetrics_sitenote_category":0,"jetpack_post_was_ever_published":false,"_jetpack_newsletter_access":"","_jetpack_dont_email_post_to_subs":false,"_jetpack_newsletter_tier_id":0,"_jetpack_memberships_contains_paywalled_content":false,"_jetpack_memberships_contains_paid_content":false,"footnotes":"","jetpack_publicize_message":"","jetpack_publicize_feature_enabled":true,"jetpack_social_post_already_shared":true,"jetpack_social_options":{"image_generator_settings":{"template":"highway","enabled":false},"version":2}},"categories":[1],"tags":[],"class_list":["post-29553","post","type-post","status-publish","format-standard","hentry","category-notas"],"jetpack_publicize_connections":[],"jetpack_sharing_enabled":true,"jetpack_featured_media_url":"","jetpack_shortlink":"https:\/\/wp.me\/p7wKYW-7GF","jetpack-related-posts":[],"_links":{"self":[{"href":"http:\/\/blogdalucianaoliveira.com.br\/blog\/wp-json\/wp\/v2\/posts\/29553","targetHints":{"allow":["GET"]}}],"collection":[{"href":"http:\/\/blogdalucianaoliveira.com.br\/blog\/wp-json\/wp\/v2\/posts"}],"about":[{"href":"http:\/\/blogdalucianaoliveira.com.br\/blog\/wp-json\/wp\/v2\/types\/post"}],"author":[{"embeddable":true,"href":"http:\/\/blogdalucianaoliveira.com.br\/blog\/wp-json\/wp\/v2\/users\/1"}],"replies":[{"embeddable":true,"href":"http:\/\/blogdalucianaoliveira.com.br\/blog\/wp-json\/wp\/v2\/comments?post=29553"}],"version-history":[{"count":1,"href":"http:\/\/blogdalucianaoliveira.com.br\/blog\/wp-json\/wp\/v2\/posts\/29553\/revisions"}],"predecessor-version":[{"id":29555,"href":"http:\/\/blogdalucianaoliveira.com.br\/blog\/wp-json\/wp\/v2\/posts\/29553\/revisions\/29555"}],"wp:attachment":[{"href":"http:\/\/blogdalucianaoliveira.com.br\/blog\/wp-json\/wp\/v2\/media?parent=29553"}],"wp:term":[{"taxonomy":"category","embeddable":true,"href":"http:\/\/blogdalucianaoliveira.com.br\/blog\/wp-json\/wp\/v2\/categories?post=29553"},{"taxonomy":"post_tag","embeddable":true,"href":"http:\/\/blogdalucianaoliveira.com.br\/blog\/wp-json\/wp\/v2\/tags?post=29553"}],"curies":[{"name":"wp","href":"https:\/\/api.w.org\/{rel}","templated":true}]}}