{"id":29556,"date":"2020-08-20T19:48:25","date_gmt":"2020-08-20T23:48:25","guid":{"rendered":"http:\/\/blogdalucianaoliveira.com.br\/blog\/?p=29556"},"modified":"2020-08-20T19:48:34","modified_gmt":"2020-08-20T23:48:34","slug":"sem-igualdade-entre-homens-e-mulheres-na-politica-a-democracia-nao-e-plena-diz-gleisi-ao-ggn","status":"publish","type":"post","link":"http:\/\/blogdalucianaoliveira.com.br\/blog\/2020\/08\/20\/sem-igualdade-entre-homens-e-mulheres-na-politica-a-democracia-nao-e-plena-diz-gleisi-ao-ggn\/","title":{"rendered":"Sem igualdade entre homens e mulheres na pol\u00edtica, a democracia n\u00e3o \u00e9 plena, diz Gleisi ao GGN"},"content":{"rendered":"\n<figure class=\"wp-block-image size-large\"><img data-recalc-dims=\"1\" loading=\"lazy\" decoding=\"async\" width=\"600\" height=\"450\" data-attachment-id=\"29557\" data-permalink=\"http:\/\/blogdalucianaoliveira.com.br\/blog\/2020\/08\/20\/sem-igualdade-entre-homens-e-mulheres-na-politica-a-democracia-nao-e-plena-diz-gleisi-ao-ggn\/image-21-10\/\" data-orig-file=\"https:\/\/i0.wp.com\/blogdalucianaoliveira.com.br\/blog\/wp-content\/uploads\/2020\/08\/image-21.jpeg?fit=800%2C600\" data-orig-size=\"800,600\" data-comments-opened=\"0\" data-image-meta=\"{&quot;aperture&quot;:&quot;0&quot;,&quot;credit&quot;:&quot;&quot;,&quot;camera&quot;:&quot;&quot;,&quot;caption&quot;:&quot;&quot;,&quot;created_timestamp&quot;:&quot;0&quot;,&quot;copyright&quot;:&quot;Rafael Ribeiro&quot;,&quot;focal_length&quot;:&quot;0&quot;,&quot;iso&quot;:&quot;0&quot;,&quot;shutter_speed&quot;:&quot;0&quot;,&quot;title&quot;:&quot;&quot;,&quot;orientation&quot;:&quot;0&quot;}\" data-image-title=\"image-21\" data-image-description=\"\" data-image-caption=\"\" data-medium-file=\"https:\/\/i0.wp.com\/blogdalucianaoliveira.com.br\/blog\/wp-content\/uploads\/2020\/08\/image-21.jpeg?fit=300%2C225\" data-large-file=\"https:\/\/i0.wp.com\/blogdalucianaoliveira.com.br\/blog\/wp-content\/uploads\/2020\/08\/image-21.jpeg?fit=600%2C450\" src=\"https:\/\/i0.wp.com\/blogdalucianaoliveira.com.br\/blog\/wp-content\/uploads\/2020\/08\/image-21.jpeg?resize=600%2C450\" alt=\"\" class=\"wp-image-29557\" srcset=\"https:\/\/i0.wp.com\/blogdalucianaoliveira.com.br\/blog\/wp-content\/uploads\/2020\/08\/image-21.jpeg?w=800 800w, https:\/\/i0.wp.com\/blogdalucianaoliveira.com.br\/blog\/wp-content\/uploads\/2020\/08\/image-21.jpeg?resize=300%2C225 300w, https:\/\/i0.wp.com\/blogdalucianaoliveira.com.br\/blog\/wp-content\/uploads\/2020\/08\/image-21.jpeg?resize=768%2C576 768w, https:\/\/i0.wp.com\/blogdalucianaoliveira.com.br\/blog\/wp-content\/uploads\/2020\/08\/image-21.jpeg?resize=400%2C300 400w\" sizes=\"auto, (max-width: 600px) 100vw, 600px\" \/><\/figure>\n\n\n\n<p><strong>Jornal GGN<\/strong>&nbsp;\u2013 O ano \u00e9 2020 mas as mulheres ainda enfrentam machismo e misoginia no Congresso Nacional. O meio pol\u00edtico dominado por homens \u00e9 recheado de estrat\u00e9gias para desqualificar a participa\u00e7\u00e3o feminina no Poder Legislativo.<\/p>\n\n\n\n<!--more-->\n\n\n\n<p>Essas estrat\u00e9gias podem ser mais agressivas, como as utilizadas pela extrema-direita, que n\u00e3o poupa ataques pessoais \u00e0s parlamentares de oposi\u00e7\u00e3o, ou mais sutis, como aquelas adotadas por pol\u00edticos de centro e direita, que tratam as mulheres como \u201ccaf\u00e9 com leite\u201d, tentando reduzir sua presen\u00e7a em comiss\u00f5es que debatem assuntos cruciais para o Executivo.<\/p>\n\n\n\n<p>O desafio de supera\u00e7\u00e3o \u00e9 duplo porque al\u00e9m de combater o machismo em si, as mulheres precisam disputar o espa\u00e7o pol\u00edtico com homens brancos, poderosos e mais velhos, nada inclinados \u00e0 renova\u00e7\u00e3o, independente do g\u00eanero, cor ou classe social de quem venha a tomar seu lugar.<\/p>\n\n\n\n<p>Em entrevista \u00e0s jornalistas do&nbsp;<strong>GGN<\/strong>, a deputada federal Gleisi Hoffmann falou sobre a experi\u00eancia como mulher neste meio predominantemente masculino e a rela\u00e7\u00e3o com as mulheres da extrema-direita.<\/p>\n\n\n\n<p>Presidente nacional do PT, ela tamb\u00e9m comentou sobre como o partido incentiva a participa\u00e7\u00e3o feminina nas elei\u00e7\u00f5es e nas estruturas internas, e apontou as candidaturas de destaque para a elei\u00e7\u00e3o de 2020.<\/p>\n\n\n\n<p>O PT tem cinco mulheres disputando prefeituras nas capitais: \u201c<em>a Ben\u00e9 [Benedita da Silva], no Rio de Janeiro; a Mar\u00edlia Arraes, em Recife; a Denice [Santiago], em Salvador; a Luizianne [Lins], em Fortaleza, e Adriana Accorsi em Goi\u00e2nia.\u201d\u00a0<\/em><br><\/p>\n\n\n\n<p>Gleisi tamb\u00e9m revelou a sondagem de Ana Estela Haddad para compor a chapa com Jilmar Tatto (PT) como candidata a vice-prefeita de S\u00e3o Paulo. O&nbsp;<strong>GGN<\/strong>&nbsp;apurou que o convite \u00e0 ex-primeira-dama ainda n\u00e3o foi feito oficialmente.<\/p>\n\n\n\n<p>A \u00edntegra da entrevista com Gleisi est\u00e1 dispon\u00edvel&nbsp;<a href=\"https:\/\/jornalggn.com.br\/politica\/cai-na-roda-gleisi-hoffmann-e-a-entrevistada-deste-sabado\/\"><strong><em>aqui<\/em><\/strong><\/a>.<\/p>\n","protected":false},"excerpt":{"rendered":"<p>Jornal GGN&nbsp;\u2013 O ano \u00e9 2020 mas as mulheres ainda enfrentam machismo e misoginia no Congresso Nacional. O meio pol\u00edtico dominado por homens \u00e9 recheado de estrat\u00e9gias para desqualificar a participa\u00e7\u00e3o feminina no Poder Legislativo.<\/p>\n","protected":false},"author":1,"featured_media":0,"comment_status":"closed","ping_status":"open","sticky":false,"template":"","format":"standard","meta":{"_exactmetrics_skip_tracking":false,"_exactmetrics_sitenote_active":false,"_exactmetrics_sitenote_note":"","_exactmetrics_sitenote_category":0,"jetpack_post_was_ever_published":false,"_jetpack_newsletter_access":"","_jetpack_dont_email_post_to_subs":false,"_jetpack_newsletter_tier_id":0,"_jetpack_memberships_contains_paywalled_content":false,"_jetpack_memberships_contains_paid_content":false,"footnotes":"","jetpack_publicize_message":"","jetpack_publicize_feature_enabled":true,"jetpack_social_post_already_shared":true,"jetpack_social_options":{"image_generator_settings":{"template":"highway","enabled":false},"version":2}},"categories":[1],"tags":[],"class_list":["post-29556","post","type-post","status-publish","format-standard","hentry","category-notas"],"jetpack_publicize_connections":[],"jetpack_sharing_enabled":true,"jetpack_featured_media_url":"","jetpack_shortlink":"https:\/\/wp.me\/p7wKYW-7GI","jetpack-related-posts":[],"_links":{"self":[{"href":"http:\/\/blogdalucianaoliveira.com.br\/blog\/wp-json\/wp\/v2\/posts\/29556","targetHints":{"allow":["GET"]}}],"collection":[{"href":"http:\/\/blogdalucianaoliveira.com.br\/blog\/wp-json\/wp\/v2\/posts"}],"about":[{"href":"http:\/\/blogdalucianaoliveira.com.br\/blog\/wp-json\/wp\/v2\/types\/post"}],"author":[{"embeddable":true,"href":"http:\/\/blogdalucianaoliveira.com.br\/blog\/wp-json\/wp\/v2\/users\/1"}],"replies":[{"embeddable":true,"href":"http:\/\/blogdalucianaoliveira.com.br\/blog\/wp-json\/wp\/v2\/comments?post=29556"}],"version-history":[{"count":1,"href":"http:\/\/blogdalucianaoliveira.com.br\/blog\/wp-json\/wp\/v2\/posts\/29556\/revisions"}],"predecessor-version":[{"id":29558,"href":"http:\/\/blogdalucianaoliveira.com.br\/blog\/wp-json\/wp\/v2\/posts\/29556\/revisions\/29558"}],"wp:attachment":[{"href":"http:\/\/blogdalucianaoliveira.com.br\/blog\/wp-json\/wp\/v2\/media?parent=29556"}],"wp:term":[{"taxonomy":"category","embeddable":true,"href":"http:\/\/blogdalucianaoliveira.com.br\/blog\/wp-json\/wp\/v2\/categories?post=29556"},{"taxonomy":"post_tag","embeddable":true,"href":"http:\/\/blogdalucianaoliveira.com.br\/blog\/wp-json\/wp\/v2\/tags?post=29556"}],"curies":[{"name":"wp","href":"https:\/\/api.w.org\/{rel}","templated":true}]}}