{"id":29559,"date":"2020-08-20T19:51:13","date_gmt":"2020-08-20T23:51:13","guid":{"rendered":"http:\/\/blogdalucianaoliveira.com.br\/blog\/?p=29559"},"modified":"2020-08-20T19:51:21","modified_gmt":"2020-08-20T23:51:21","slug":"por-9x1-stf-determina-suspensao-de-dossie-do-governo-bolsonaro-sobre-antifascistas","status":"publish","type":"post","link":"http:\/\/blogdalucianaoliveira.com.br\/blog\/2020\/08\/20\/por-9x1-stf-determina-suspensao-de-dossie-do-governo-bolsonaro-sobre-antifascistas\/","title":{"rendered":"Por 9&#215;1, STF determina suspens\u00e3o de dossi\u00ea do governo Bolsonaro sobre antifascistas"},"content":{"rendered":"\n<figure class=\"wp-block-image size-large\"><img data-recalc-dims=\"1\" loading=\"lazy\" decoding=\"async\" width=\"600\" height=\"374\" data-attachment-id=\"29560\" data-permalink=\"http:\/\/blogdalucianaoliveira.com.br\/blog\/2020\/08\/20\/por-9x1-stf-determina-suspensao-de-dossie-do-governo-bolsonaro-sobre-antifascistas\/image-22-10\/\" data-orig-file=\"https:\/\/i0.wp.com\/blogdalucianaoliveira.com.br\/blog\/wp-content\/uploads\/2020\/08\/image-22.jpeg?fit=610%2C380\" data-orig-size=\"610,380\" data-comments-opened=\"0\" data-image-meta=\"{&quot;aperture&quot;:&quot;0&quot;,&quot;credit&quot;:&quot;&quot;,&quot;camera&quot;:&quot;&quot;,&quot;caption&quot;:&quot;&quot;,&quot;created_timestamp&quot;:&quot;0&quot;,&quot;copyright&quot;:&quot;&quot;,&quot;focal_length&quot;:&quot;0&quot;,&quot;iso&quot;:&quot;0&quot;,&quot;shutter_speed&quot;:&quot;0&quot;,&quot;title&quot;:&quot;&quot;,&quot;orientation&quot;:&quot;0&quot;}\" data-image-title=\"image-22\" data-image-description=\"\" data-image-caption=\"\" data-medium-file=\"https:\/\/i0.wp.com\/blogdalucianaoliveira.com.br\/blog\/wp-content\/uploads\/2020\/08\/image-22.jpeg?fit=300%2C187\" data-large-file=\"https:\/\/i0.wp.com\/blogdalucianaoliveira.com.br\/blog\/wp-content\/uploads\/2020\/08\/image-22.jpeg?fit=600%2C374\" src=\"https:\/\/i0.wp.com\/blogdalucianaoliveira.com.br\/blog\/wp-content\/uploads\/2020\/08\/image-22.jpeg?resize=600%2C374\" alt=\"\" class=\"wp-image-29560\" srcset=\"https:\/\/i0.wp.com\/blogdalucianaoliveira.com.br\/blog\/wp-content\/uploads\/2020\/08\/image-22.jpeg?w=610 610w, https:\/\/i0.wp.com\/blogdalucianaoliveira.com.br\/blog\/wp-content\/uploads\/2020\/08\/image-22.jpeg?resize=300%2C187 300w, https:\/\/i0.wp.com\/blogdalucianaoliveira.com.br\/blog\/wp-content\/uploads\/2020\/08\/image-22.jpeg?resize=482%2C300 482w\" sizes=\"auto, (max-width: 600px) 100vw, 600px\" \/><\/figure>\n\n\n\n<p><strong>247 &#8211;&nbsp;<\/strong>O STF determinou, por nove votos a um, nesta quinta-feira (20) que o governo Jair Bolsonaro suspenda a coleta e registro de informa\u00e7\u00f5es de opositores, o denominado &#8220;dossi\u00ea dos antifascistas&#8221;. O documento re\u00fane dados de 579 policiais e professores.<\/p>\n\n\n\n<!--more-->\n\n\n\n<p>O julgamento teve in\u00edcio nesta quarta-feira (19) com o voto da relatora do caso, ministra C\u00e1rmen L\u00facia, que se colocou contra o dossi\u00ea. Os demais ministros acompanharam a relatora, menos o ministro Marco Aur\u00e9lio Mello, que divergiu.<\/p>\n\n\n\n<p>Os magistrados ressaltaram, por\u00e9m, que o ministro da Justi\u00e7a,&nbsp;<a href=\"https:\/\/www.brasil247.com\/poder\/dossie-dos-antifascistas-comecou-antes-de-mendonca-dizem-ministros-do-stf\">Andr\u00e9 Mendon\u00e7a, n\u00e3o teve influ\u00eancia<\/a>&nbsp;na produ\u00e7\u00e3o do dossi\u00ea, j\u00e1 que o material passou a ser coletado no mesmo dia em que o ex-ministro&nbsp;<a href=\"https:\/\/www.brasil247.com\/regionais\/brasilia\/ministros-do-stf-dizem-que-dossie-dos-antifascistas-foi-encomendado-no-dia-em-que-sergio-moro-anunciou-demissao\">Sergio Moro pediu demiss\u00e3o.<\/a><\/p>\n\n\n\n<p>A a\u00e7\u00e3o julgada pelo Supremo \u00e9 de autoria do partido Rede Sustentabilidade, que acusa o governo Bolsonaro de utilizar as informa\u00e7\u00f5es para intimidar os cidad\u00e3os, contrariando a liberdade de express\u00e3o, de reuni\u00e3o, de associa\u00e7\u00e3o e de c\u00e1tedra.<\/p>\n","protected":false},"excerpt":{"rendered":"<p>247 &#8211;&nbsp;O STF determinou, por nove votos a um, nesta quinta-feira (20) que o governo Jair Bolsonaro suspenda a coleta e registro de informa\u00e7\u00f5es de opositores, o denominado &#8220;dossi\u00ea dos antifascistas&#8221;. O documento re\u00fane dados de 579 policiais e professores.<\/p>\n","protected":false},"author":1,"featured_media":0,"comment_status":"closed","ping_status":"open","sticky":false,"template":"","format":"standard","meta":{"_exactmetrics_skip_tracking":false,"_exactmetrics_sitenote_active":false,"_exactmetrics_sitenote_note":"","_exactmetrics_sitenote_category":0,"jetpack_post_was_ever_published":false,"_jetpack_newsletter_access":"","_jetpack_dont_email_post_to_subs":false,"_jetpack_newsletter_tier_id":0,"_jetpack_memberships_contains_paywalled_content":false,"_jetpack_memberships_contains_paid_content":false,"footnotes":"","jetpack_publicize_message":"","jetpack_publicize_feature_enabled":true,"jetpack_social_post_already_shared":true,"jetpack_social_options":{"image_generator_settings":{"template":"highway","enabled":false},"version":2}},"categories":[1],"tags":[],"class_list":["post-29559","post","type-post","status-publish","format-standard","hentry","category-notas"],"jetpack_publicize_connections":[],"jetpack_sharing_enabled":true,"jetpack_featured_media_url":"","jetpack_shortlink":"https:\/\/wp.me\/p7wKYW-7GL","jetpack-related-posts":[],"_links":{"self":[{"href":"http:\/\/blogdalucianaoliveira.com.br\/blog\/wp-json\/wp\/v2\/posts\/29559","targetHints":{"allow":["GET"]}}],"collection":[{"href":"http:\/\/blogdalucianaoliveira.com.br\/blog\/wp-json\/wp\/v2\/posts"}],"about":[{"href":"http:\/\/blogdalucianaoliveira.com.br\/blog\/wp-json\/wp\/v2\/types\/post"}],"author":[{"embeddable":true,"href":"http:\/\/blogdalucianaoliveira.com.br\/blog\/wp-json\/wp\/v2\/users\/1"}],"replies":[{"embeddable":true,"href":"http:\/\/blogdalucianaoliveira.com.br\/blog\/wp-json\/wp\/v2\/comments?post=29559"}],"version-history":[{"count":1,"href":"http:\/\/blogdalucianaoliveira.com.br\/blog\/wp-json\/wp\/v2\/posts\/29559\/revisions"}],"predecessor-version":[{"id":29561,"href":"http:\/\/blogdalucianaoliveira.com.br\/blog\/wp-json\/wp\/v2\/posts\/29559\/revisions\/29561"}],"wp:attachment":[{"href":"http:\/\/blogdalucianaoliveira.com.br\/blog\/wp-json\/wp\/v2\/media?parent=29559"}],"wp:term":[{"taxonomy":"category","embeddable":true,"href":"http:\/\/blogdalucianaoliveira.com.br\/blog\/wp-json\/wp\/v2\/categories?post=29559"},{"taxonomy":"post_tag","embeddable":true,"href":"http:\/\/blogdalucianaoliveira.com.br\/blog\/wp-json\/wp\/v2\/tags?post=29559"}],"curies":[{"name":"wp","href":"https:\/\/api.w.org\/{rel}","templated":true}]}}