{"id":29565,"date":"2020-08-21T08:00:58","date_gmt":"2020-08-21T12:00:58","guid":{"rendered":"http:\/\/blogdalucianaoliveira.com.br\/blog\/?p=29565"},"modified":"2020-08-21T08:01:10","modified_gmt":"2020-08-21T12:01:10","slug":"presidente-do-icmbio-entrega-cargo-apos-desavenca-com-salles-sobre-queimadas-no-pantanal","status":"publish","type":"post","link":"http:\/\/blogdalucianaoliveira.com.br\/blog\/2020\/08\/21\/presidente-do-icmbio-entrega-cargo-apos-desavenca-com-salles-sobre-queimadas-no-pantanal\/","title":{"rendered":"Presidente do ICMBio entrega cargo ap\u00f3s desaven\u00e7a com Salles sobre queimadas no Pantanal"},"content":{"rendered":"\n<figure class=\"wp-block-image size-large\"><img data-recalc-dims=\"1\" loading=\"lazy\" decoding=\"async\" width=\"600\" height=\"359\" data-attachment-id=\"29566\" data-permalink=\"http:\/\/blogdalucianaoliveira.com.br\/blog\/2020\/08\/21\/presidente-do-icmbio-entrega-cargo-apos-desavenca-com-salles-sobre-queimadas-no-pantanal\/image-24-10\/\" data-orig-file=\"https:\/\/i0.wp.com\/blogdalucianaoliveira.com.br\/blog\/wp-content\/uploads\/2020\/08\/image-24.jpeg?fit=940%2C563\" data-orig-size=\"940,563\" data-comments-opened=\"0\" data-image-meta=\"{&quot;aperture&quot;:&quot;0&quot;,&quot;credit&quot;:&quot;&quot;,&quot;camera&quot;:&quot;&quot;,&quot;caption&quot;:&quot;&quot;,&quot;created_timestamp&quot;:&quot;0&quot;,&quot;copyright&quot;:&quot;&quot;,&quot;focal_length&quot;:&quot;0&quot;,&quot;iso&quot;:&quot;0&quot;,&quot;shutter_speed&quot;:&quot;0&quot;,&quot;title&quot;:&quot;&quot;,&quot;orientation&quot;:&quot;0&quot;}\" data-image-title=\"image-24\" data-image-description=\"\" data-image-caption=\"\" data-medium-file=\"https:\/\/i0.wp.com\/blogdalucianaoliveira.com.br\/blog\/wp-content\/uploads\/2020\/08\/image-24.jpeg?fit=300%2C180\" data-large-file=\"https:\/\/i0.wp.com\/blogdalucianaoliveira.com.br\/blog\/wp-content\/uploads\/2020\/08\/image-24.jpeg?fit=600%2C359\" src=\"https:\/\/i0.wp.com\/blogdalucianaoliveira.com.br\/blog\/wp-content\/uploads\/2020\/08\/image-24.jpeg?resize=600%2C359\" alt=\"\" class=\"wp-image-29566\" srcset=\"https:\/\/i0.wp.com\/blogdalucianaoliveira.com.br\/blog\/wp-content\/uploads\/2020\/08\/image-24.jpeg?w=940 940w, https:\/\/i0.wp.com\/blogdalucianaoliveira.com.br\/blog\/wp-content\/uploads\/2020\/08\/image-24.jpeg?resize=300%2C180 300w, https:\/\/i0.wp.com\/blogdalucianaoliveira.com.br\/blog\/wp-content\/uploads\/2020\/08\/image-24.jpeg?resize=768%2C460 768w, https:\/\/i0.wp.com\/blogdalucianaoliveira.com.br\/blog\/wp-content\/uploads\/2020\/08\/image-24.jpeg?resize=501%2C300 501w\" sizes=\"auto, (max-width: 600px) 100vw, 600px\" \/><\/figure>\n\n\n\n<p><strong>Lisandra Paraguassu e Jake Spring, Reuters<\/strong>&nbsp;&#8211; O presidente do Instituto Chico Mendes de Conserva\u00e7\u00e3o da Biodiversidade (ICMBio), Homero Cerqueira, deixou o cargo na quinta-feira e o motivo da exonera\u00e7\u00e3o, publicada no Di\u00e1rio Oficial da Uni\u00e3o desta sexta-feira e antecipada pela Reuters na noite da v\u00e9spera, foi um desacordo com o ministro do Meio Ambiente, Ricardo Salles, sobre a atua\u00e7\u00e3o da ag\u00eancia no combate aos inc\u00eandios no Pantanal, disseram \u00e0 Reuters duas fontes com conhecimento do assunto.<\/p>\n\n\n\n<!--more-->\n\n\n\n<p>De acordo com uma das fontes, a decis\u00e3o foi tomada depois de uma reuni\u00e3o entre Salles e Cerqueira na quinta.<\/p>\n\n\n\n<p>Na ter\u00e7a-feira, o ministro foi ao Mato Grosso do Sul verificar os inc\u00eandios que se espalham pelo Pantanal e j\u00e1 destru\u00edram cerca de 10% da cobertura vegetal da regi\u00e3o, segundo dados do Instituto Nacional de Pesquisas Espaciais (Inpe).<\/p>\n\n\n\n<p>\u201cO MMA agradece o empenho e dedica\u00e7\u00e3o do Cel. Homero \u00e0 frente da Presid\u00eancia do ICMBio, seguindo na moderniza\u00e7\u00e3o e reformula\u00e7\u00e3o dos \u00f3rg\u00e3os ambientais federais\u201d, afirma a nota.<\/p>\n\n\n\n<p>Ainda n\u00e3o foi definido o substituto de Cerqueira no comando da ag\u00eancia.<\/p>\n\n\n\n<p>Coronel da Pol\u00edcia Militar de S\u00e3o Paulo, Cerqueira \u00e9 o segundo presidente do instituto a deixar o cargo em pouco mais de um ano e meio de governo do presidente Jair Bolsonaro. Ele assumiu o cargo em maio do ano passado, no lugar do ambientalista Adalberto Eberhard, que pediu demiss\u00e3o depois de uma visita ao Parque Nacional da Lagoa do Peixe (RS) em que Salles amea\u00e7ou abrir processos administrativos contra servidores que n\u00e3o teriam comparecido ao evento em que ele estava.<\/p>\n\n\n\n<p>O policial militar foi o respons\u00e1vel por colocar em pr\u00e1tica uma reestrutura\u00e7\u00e3o do ICMBio planejada por Salles que centralizou a gest\u00e3o do \u00f3rg\u00e3o e colocou na m\u00e3o de militares e policiais quatro das cinco ger\u00eancias criadas ent\u00e3o.<\/p>\n\n\n\n<p>Ele chegou a ter seu nome ventilado como um poss\u00edvel sucessor de Salles em julho deste ano, quando a sa\u00edda do ministro era dada como certa por aliados do governo depois de v\u00e1rios problemas, mas Bolsonaro decidiu bancar sua perman\u00eancia.<\/p>\n\n\n\n<p><\/p>\n","protected":false},"excerpt":{"rendered":"<p>Lisandra Paraguassu e Jake Spring, Reuters&nbsp;&#8211; O presidente do Instituto Chico Mendes de Conserva\u00e7\u00e3o da Biodiversidade (ICMBio), Homero Cerqueira, deixou o cargo na quinta-feira e o motivo da exonera\u00e7\u00e3o, publicada no Di\u00e1rio Oficial da Uni\u00e3o desta sexta-feira e antecipada pela Reuters na noite da v\u00e9spera, foi um desacordo com o ministro do Meio Ambiente, Ricardo&#8230;<a class=\"more-link\" href=\"http:\/\/blogdalucianaoliveira.com.br\/blog\/2020\/08\/21\/presidente-do-icmbio-entrega-cargo-apos-desavenca-com-salles-sobre-queimadas-no-pantanal\/\">Continue a leitura <span class=\"meta-nav\">&raquo;<\/span><\/a><\/p>\n","protected":false},"author":1,"featured_media":0,"comment_status":"closed","ping_status":"open","sticky":false,"template":"","format":"standard","meta":{"_exactmetrics_skip_tracking":false,"_exactmetrics_sitenote_active":false,"_exactmetrics_sitenote_note":"","_exactmetrics_sitenote_category":0,"jetpack_post_was_ever_published":false,"_jetpack_newsletter_access":"","_jetpack_dont_email_post_to_subs":false,"_jetpack_newsletter_tier_id":0,"_jetpack_memberships_contains_paywalled_content":false,"_jetpack_memberships_contains_paid_content":false,"footnotes":"","jetpack_publicize_message":"","jetpack_publicize_feature_enabled":true,"jetpack_social_post_already_shared":true,"jetpack_social_options":{"image_generator_settings":{"template":"highway","enabled":false},"version":2}},"categories":[1],"tags":[],"class_list":["post-29565","post","type-post","status-publish","format-standard","hentry","category-notas"],"jetpack_publicize_connections":[],"jetpack_sharing_enabled":true,"jetpack_featured_media_url":"","jetpack_shortlink":"https:\/\/wp.me\/p7wKYW-7GR","jetpack-related-posts":[],"_links":{"self":[{"href":"http:\/\/blogdalucianaoliveira.com.br\/blog\/wp-json\/wp\/v2\/posts\/29565","targetHints":{"allow":["GET"]}}],"collection":[{"href":"http:\/\/blogdalucianaoliveira.com.br\/blog\/wp-json\/wp\/v2\/posts"}],"about":[{"href":"http:\/\/blogdalucianaoliveira.com.br\/blog\/wp-json\/wp\/v2\/types\/post"}],"author":[{"embeddable":true,"href":"http:\/\/blogdalucianaoliveira.com.br\/blog\/wp-json\/wp\/v2\/users\/1"}],"replies":[{"embeddable":true,"href":"http:\/\/blogdalucianaoliveira.com.br\/blog\/wp-json\/wp\/v2\/comments?post=29565"}],"version-history":[{"count":1,"href":"http:\/\/blogdalucianaoliveira.com.br\/blog\/wp-json\/wp\/v2\/posts\/29565\/revisions"}],"predecessor-version":[{"id":29567,"href":"http:\/\/blogdalucianaoliveira.com.br\/blog\/wp-json\/wp\/v2\/posts\/29565\/revisions\/29567"}],"wp:attachment":[{"href":"http:\/\/blogdalucianaoliveira.com.br\/blog\/wp-json\/wp\/v2\/media?parent=29565"}],"wp:term":[{"taxonomy":"category","embeddable":true,"href":"http:\/\/blogdalucianaoliveira.com.br\/blog\/wp-json\/wp\/v2\/categories?post=29565"},{"taxonomy":"post_tag","embeddable":true,"href":"http:\/\/blogdalucianaoliveira.com.br\/blog\/wp-json\/wp\/v2\/tags?post=29565"}],"curies":[{"name":"wp","href":"https:\/\/api.w.org\/{rel}","templated":true}]}}