{"id":29568,"date":"2020-08-21T17:32:16","date_gmt":"2020-08-21T21:32:16","guid":{"rendered":"http:\/\/blogdalucianaoliveira.com.br\/blog\/?p=29568"},"modified":"2020-08-21T17:32:26","modified_gmt":"2020-08-21T21:32:26","slug":"governo-impede-ajuda-de-medicos-sem-fronteiras-a-indigenas-com-covid-19","status":"publish","type":"post","link":"http:\/\/blogdalucianaoliveira.com.br\/blog\/2020\/08\/21\/governo-impede-ajuda-de-medicos-sem-fronteiras-a-indigenas-com-covid-19\/","title":{"rendered":"Governo impede ajuda de M\u00e9dicos Sem Fronteiras a ind\u00edgenas com Covid-19"},"content":{"rendered":"\n<figure class=\"wp-block-image size-large\"><img loading=\"lazy\" decoding=\"async\" width=\"1200\" height=\"720\" data-attachment-id=\"29569\" data-permalink=\"http:\/\/blogdalucianaoliveira.com.br\/blog\/2020\/08\/21\/governo-impede-ajuda-de-medicos-sem-fronteiras-a-indigenas-com-covid-19\/image-25-10\/\" data-orig-file=\"https:\/\/i0.wp.com\/blogdalucianaoliveira.com.br\/blog\/wp-content\/uploads\/2020\/08\/image-25.jpeg?fit=1200%2C720\" data-orig-size=\"1200,720\" data-comments-opened=\"0\" data-image-meta=\"{&quot;aperture&quot;:&quot;0&quot;,&quot;credit&quot;:&quot;&quot;,&quot;camera&quot;:&quot;&quot;,&quot;caption&quot;:&quot;&quot;,&quot;created_timestamp&quot;:&quot;0&quot;,&quot;copyright&quot;:&quot;&quot;,&quot;focal_length&quot;:&quot;0&quot;,&quot;iso&quot;:&quot;0&quot;,&quot;shutter_speed&quot;:&quot;0&quot;,&quot;title&quot;:&quot;&quot;,&quot;orientation&quot;:&quot;0&quot;}\" data-image-title=\"image-25\" data-image-description=\"\" data-image-caption=\"\" data-medium-file=\"https:\/\/i0.wp.com\/blogdalucianaoliveira.com.br\/blog\/wp-content\/uploads\/2020\/08\/image-25.jpeg?fit=300%2C180\" data-large-file=\"https:\/\/i0.wp.com\/blogdalucianaoliveira.com.br\/blog\/wp-content\/uploads\/2020\/08\/image-25.jpeg?fit=600%2C360\" src=\"https:\/\/i0.wp.com\/blogdalucianaoliveira.com.br\/blog\/wp-content\/uploads\/2020\/08\/image-25.jpeg?fit=600%2C360\" alt=\"\" class=\"wp-image-29569\" srcset=\"https:\/\/i0.wp.com\/blogdalucianaoliveira.com.br\/blog\/wp-content\/uploads\/2020\/08\/image-25.jpeg?w=1200 1200w, https:\/\/i0.wp.com\/blogdalucianaoliveira.com.br\/blog\/wp-content\/uploads\/2020\/08\/image-25.jpeg?resize=300%2C180 300w, https:\/\/i0.wp.com\/blogdalucianaoliveira.com.br\/blog\/wp-content\/uploads\/2020\/08\/image-25.jpeg?resize=1024%2C614 1024w, https:\/\/i0.wp.com\/blogdalucianaoliveira.com.br\/blog\/wp-content\/uploads\/2020\/08\/image-25.jpeg?resize=768%2C461 768w, https:\/\/i0.wp.com\/blogdalucianaoliveira.com.br\/blog\/wp-content\/uploads\/2020\/08\/image-25.jpeg?resize=500%2C300 500w\" sizes=\"auto, (max-width: 600px) 100vw, 600px\" \/><\/figure>\n\n\n\n<h4 class=\"wp-block-heading\">Organiza\u00e7\u00e3o humanit\u00e1ria tenta atuar em 11 comunidades do Mato Grosso do Sul<\/h4>\n\n\n\n<!--more-->\n\n\n\n<p>Na Carta Capital &#8211; O governo federal impediu que a organiza\u00e7\u00e3o humanit\u00e1ria M\u00e9dicos Sem Fronteiras (MSF) prestasse assist\u00eancia para prevenir e detectar casos suspeitos de Covid-19 em sete aldeias da tribo ind\u00edgena Terena, no Mato Grosso do Sul.<\/p>\n\n\n\n<p>A organiza\u00e7\u00e3o apresentou um plano de trabalho para atuar em comunidades ind\u00edgenas&nbsp;da regi\u00e3o de Aquidauana e Anast\u00e1cio, em Mato Grosso do Sul, com atendimento a cerca de 5 mil pessoas.<\/p>\n\n\n\n<p>O Minist\u00e9rio da Sa\u00fade, no entanto, autorizou a a\u00e7\u00e3o apenas na aldeia de Aldeinha, n\u00e3o listada pela entidade, com cerca de 400 ind\u00edgenas, informou a organiza\u00e7\u00e3o na \u00faltima quinta-feira 20.<\/p>\n\n\n\n<p>De acordo com os ind\u00edgenas, o veto partiu da Sesai (Secretaria Especial de Sa\u00fade Ind\u00edgena), vinculada ao Minist\u00e9rio da Sa\u00fade, que \u00e9 presidida por Robson Santos da Silva, um coronel da reserva do Ex\u00e9rcito. Pela legisla\u00e7\u00e3o brasileira, a\u00e7\u00f5es de sa\u00fade em terras ind\u00edgenas precisam ser autorizadas pela Uni\u00e3o.<\/p>\n\n\n\n<p>Em suas redes sociais, a coordenadora executiva da Articula\u00e7\u00e3o dos Povos Ind\u00edgenas do Brasil (APIB), Sonia Guajajara, afirmou que&nbsp;93% das mortes de \u00edndios provocadas pelo coronav\u00edrus em Mato Grosso do Sul se concentram na etnia Terena.<\/p>\n\n\n\n<p>Em menos de um m\u00eas, o aumento de mortes foi de 580%, segundo Guajajara.&nbsp;\u201cA proibi\u00e7\u00e3o da Sesai sobre o trabalho da MSF pode agravar os casos de contamina\u00e7\u00e3o na regi\u00e3o\u201d, declarou.<\/p>\n\n\n\n<p>Diante \u00e0 negativa inicial, a MSF apresentou uma nova proposta de trabalho para atuar em apoio aos ind\u00edgenas. A organiza\u00e7\u00e3o afirma que incluiu a aldeia de Aldeinha, conforme autoriza\u00e7\u00e3o do Minist\u00e9rio, e incluiu mais tr\u00eas, al\u00e9m das sete anteriores, totalizando onze aldeias, e ampliando a capacidade de atendimento para cerca de 6 mil pessoas.<\/p>\n\n\n\n<p>\u201cA nova proposta prev\u00ea a realiza\u00e7\u00e3o de a\u00e7\u00f5es coordenadas com o DSEI (Distrito Sanit\u00e1rio Especial Ind\u00edgena) de MS, contemplando visitas a comunidades com profissionais de sa\u00fade, com foco na preven\u00e7\u00e3o e detec\u00e7\u00e3o de casos suspeitos de&nbsp;Covid-19, encaminhamento dos doentes para tratamento e apoio em sa\u00fade mental para comunidades e trabalhadores de sa\u00fade locais\u201d, afirma a organiza\u00e7\u00e3o em nota publicada em seu site oficial.<\/p>\n\n\n\n<p>\u201cA proposta de MSF \u00e9 atuar de forma flex\u00edvel e coordenada com as autoridades locais. Vale tamb\u00e9m assinalar que a organiza\u00e7\u00e3o tem&nbsp; plena consci\u00eancia da necessidade de evitar a expans\u00e3o do cont\u00e1gio em territ\u00f3rios ind\u00edgenas. MSF possui rigorosos protocolos de preven\u00e7\u00e3o e controle de infec\u00e7\u00f5es que vem aplicando com \u00eaxito durante seu trabalho de combate \u00e0 COVID-19 em todo o mundo\u201d, acrescentou a MSF.<\/p>\n\n\n\n<p>Ao portal UOL, o assessor\u00a0jur\u00eddico da APIB,\u00a0Eloy Terena, disse que o pedido de ajuda partiu dos pr\u00f3prios caciques porque \u201ca Sesai n\u00e3o est\u00e1 tendo condi\u00e7\u00f5es de atender a demanda\u201d.<\/p>\n\n\n\n<p>Com o impasse,&nbsp;os profissionais de sa\u00fade de MSF est\u00e3o parados na regi\u00e3o, aguardando uma solu\u00e7\u00e3o.<\/p>\n\n\n\n<p>A MSF faz um apelo em sua nota. \u201cEsperamos que as autoridades ou\u00e7am os pedidos das comunidades atingidas e autorizem imediatamente o ingresso de nossas equipes nos territ\u00f3rios. Nossa experi\u00eancia com a doen\u00e7a nos impele a pedir urg\u00eancia na emiss\u00e3o da&nbsp;autoriza\u00e7\u00e3o&nbsp;e supera\u00e7\u00e3o de obst\u00e1culos administrativos para que mais vidas possam ser salvas\u201d.<\/p>\n\n\n\n<p>Segundo a prefeitura de Aquidauana, s\u00e3o 648 casos de infec\u00e7\u00e3o pelo novo coronav\u00edrus nas comunidades ind\u00edgenas, com 18 \u00f3bitos. Mesma quantidade entre moradores n\u00e3o \u00edndios.<\/p>\n","protected":false},"excerpt":{"rendered":"<p>Organiza\u00e7\u00e3o humanit\u00e1ria tenta atuar em 11 comunidades do Mato Grosso do Sul<\/p>\n","protected":false},"author":1,"featured_media":0,"comment_status":"closed","ping_status":"open","sticky":false,"template":"","format":"standard","meta":{"_exactmetrics_skip_tracking":false,"_exactmetrics_sitenote_active":false,"_exactmetrics_sitenote_note":"","_exactmetrics_sitenote_category":0,"jetpack_post_was_ever_published":false,"_jetpack_newsletter_access":"","_jetpack_dont_email_post_to_subs":false,"_jetpack_newsletter_tier_id":0,"_jetpack_memberships_contains_paywalled_content":false,"_jetpack_memberships_contains_paid_content":false,"footnotes":"","jetpack_publicize_message":"","jetpack_publicize_feature_enabled":true,"jetpack_social_post_already_shared":true,"jetpack_social_options":{"image_generator_settings":{"template":"highway","enabled":false},"version":2}},"categories":[1],"tags":[],"class_list":["post-29568","post","type-post","status-publish","format-standard","hentry","category-notas"],"jetpack_publicize_connections":[],"jetpack_sharing_enabled":true,"jetpack_featured_media_url":"","jetpack_shortlink":"https:\/\/wp.me\/p7wKYW-7GU","jetpack-related-posts":[],"_links":{"self":[{"href":"http:\/\/blogdalucianaoliveira.com.br\/blog\/wp-json\/wp\/v2\/posts\/29568","targetHints":{"allow":["GET"]}}],"collection":[{"href":"http:\/\/blogdalucianaoliveira.com.br\/blog\/wp-json\/wp\/v2\/posts"}],"about":[{"href":"http:\/\/blogdalucianaoliveira.com.br\/blog\/wp-json\/wp\/v2\/types\/post"}],"author":[{"embeddable":true,"href":"http:\/\/blogdalucianaoliveira.com.br\/blog\/wp-json\/wp\/v2\/users\/1"}],"replies":[{"embeddable":true,"href":"http:\/\/blogdalucianaoliveira.com.br\/blog\/wp-json\/wp\/v2\/comments?post=29568"}],"version-history":[{"count":1,"href":"http:\/\/blogdalucianaoliveira.com.br\/blog\/wp-json\/wp\/v2\/posts\/29568\/revisions"}],"predecessor-version":[{"id":29570,"href":"http:\/\/blogdalucianaoliveira.com.br\/blog\/wp-json\/wp\/v2\/posts\/29568\/revisions\/29570"}],"wp:attachment":[{"href":"http:\/\/blogdalucianaoliveira.com.br\/blog\/wp-json\/wp\/v2\/media?parent=29568"}],"wp:term":[{"taxonomy":"category","embeddable":true,"href":"http:\/\/blogdalucianaoliveira.com.br\/blog\/wp-json\/wp\/v2\/categories?post=29568"},{"taxonomy":"post_tag","embeddable":true,"href":"http:\/\/blogdalucianaoliveira.com.br\/blog\/wp-json\/wp\/v2\/tags?post=29568"}],"curies":[{"name":"wp","href":"https:\/\/api.w.org\/{rel}","templated":true}]}}