{"id":29580,"date":"2020-08-22T13:23:39","date_gmt":"2020-08-22T17:23:39","guid":{"rendered":"http:\/\/blogdalucianaoliveira.com.br\/blog\/?p=29580"},"modified":"2020-08-22T13:23:43","modified_gmt":"2020-08-22T17:23:43","slug":"ministerio-publico-afirma-que-garimpeiros-ilegais-viajaram-em-aviao-militar","status":"publish","type":"post","link":"http:\/\/blogdalucianaoliveira.com.br\/blog\/2020\/08\/22\/ministerio-publico-afirma-que-garimpeiros-ilegais-viajaram-em-aviao-militar\/","title":{"rendered":"Minist\u00e9rio P\u00fablico afirma que garimpeiros ilegais viajaram em avi\u00e3o militar"},"content":{"rendered":"\n<figure class=\"wp-block-image size-large\"><img data-recalc-dims=\"1\" loading=\"lazy\" decoding=\"async\" width=\"600\" height=\"400\" data-attachment-id=\"29581\" data-permalink=\"http:\/\/blogdalucianaoliveira.com.br\/blog\/2020\/08\/22\/ministerio-publico-afirma-que-garimpeiros-ilegais-viajaram-em-aviao-militar\/image-28-10\/\" data-orig-file=\"https:\/\/i0.wp.com\/blogdalucianaoliveira.com.br\/blog\/wp-content\/uploads\/2020\/08\/image-28.jpeg?fit=768%2C512\" data-orig-size=\"768,512\" data-comments-opened=\"0\" data-image-meta=\"{&quot;aperture&quot;:&quot;0&quot;,&quot;credit&quot;:&quot;&quot;,&quot;camera&quot;:&quot;&quot;,&quot;caption&quot;:&quot;&quot;,&quot;created_timestamp&quot;:&quot;0&quot;,&quot;copyright&quot;:&quot;&quot;,&quot;focal_length&quot;:&quot;0&quot;,&quot;iso&quot;:&quot;0&quot;,&quot;shutter_speed&quot;:&quot;0&quot;,&quot;title&quot;:&quot;&quot;,&quot;orientation&quot;:&quot;0&quot;}\" data-image-title=\"image-28\" data-image-description=\"\" data-image-caption=\"\" data-medium-file=\"https:\/\/i0.wp.com\/blogdalucianaoliveira.com.br\/blog\/wp-content\/uploads\/2020\/08\/image-28.jpeg?fit=300%2C200\" data-large-file=\"https:\/\/i0.wp.com\/blogdalucianaoliveira.com.br\/blog\/wp-content\/uploads\/2020\/08\/image-28.jpeg?fit=600%2C400\" src=\"https:\/\/i0.wp.com\/blogdalucianaoliveira.com.br\/blog\/wp-content\/uploads\/2020\/08\/image-28.jpeg?resize=600%2C400\" alt=\"\" class=\"wp-image-29581\" srcset=\"https:\/\/i0.wp.com\/blogdalucianaoliveira.com.br\/blog\/wp-content\/uploads\/2020\/08\/image-28.jpeg?w=768 768w, https:\/\/i0.wp.com\/blogdalucianaoliveira.com.br\/blog\/wp-content\/uploads\/2020\/08\/image-28.jpeg?resize=300%2C200 300w, https:\/\/i0.wp.com\/blogdalucianaoliveira.com.br\/blog\/wp-content\/uploads\/2020\/08\/image-28.jpeg?resize=450%2C300 450w\" sizes=\"auto, (max-width: 600px) 100vw, 600px\" \/><\/figure>\n\n\n\n<p>Na AFP &#8211; O Minist\u00e9rio P\u00fablico Federal afirmou nesta sexta-feira (21) que garimpeiros ilegais do estado do Par\u00e1 foram levados a Bras\u00edlia em um avi\u00e3o militar inicialmente destinado ao combate a crimes ambientais.\u00a0<\/p>\n\n\n\n<!--more-->\n\n\n\n<p>&#8220;Para o MPF, ao transportar criminosos, pode ter se\u00a0configurado o desvio de finalidade, j\u00e1 que a presen\u00e7a da FAB na regi\u00e3o tinha o objetivo de apoiar a opera\u00e7\u00e3o contra os crimes ambientais&#8221;, disse o MPF em nota.\u00a0<\/p>\n\n\n\n<p>Segundo o documento, na primeira semana de agosto a FAB enviou avi\u00f5es \u00e0 cidade de Jacareacanga, no Par\u00e1, para apoiar uma opera\u00e7\u00e3o de combate a crimes ambientais nas terras ind\u00edgenas Munduruku e Sai Cinza.<\/p>\n\n\n\n<p>&#8220;A opera\u00e7\u00e3o acabou n\u00e3o ocorrendo e uma das aeronaves da FAB serviu para transportar mineradores ilegais at\u00e9 Bras\u00edlia&#8221;, acrescenta a nota.<\/p>\n\n\n\n<p>De acordo com o Minist\u00e9rio P\u00fablico do Par\u00e1, a FAB garantiu que uma de suas aeronaves transferiu lideran\u00e7as ind\u00edgenas para uma reuni\u00e3o com o ministro do Meio Ambiente, Ricardo Salles.&nbsp;<\/p>\n\n\n\n<p>Os ind\u00edgenas Munduruku negaram essa vers\u00e3o, em carta dirigida ao MPF.&nbsp;<\/p>\n\n\n\n<p>&#8220;A caravana levada para Bras\u00edlia foi formada por sete moradores que s\u00e3o defensores dos interesses de garimpeiros e atuam igualmente com a explora\u00e7\u00e3o ilegal de min\u00e9rios no interior da Terra Ind\u00edgena Munduruku&#8221;, diz a carta enviada por lideran\u00e7as ind\u00edgenas, citada pelo Minist\u00e9rio P\u00fablico.&nbsp;<\/p>\n\n\n\n<p>Salles visitou a regi\u00e3o onde aconteceria a opera\u00e7\u00e3o um dia antes de a delega\u00e7\u00e3o ser transferida para Bras\u00edlia.&nbsp;<\/p>\n\n\n\n<p>A legisla\u00e7\u00e3o brasileira pro\u00edbe a explora\u00e7\u00e3o de min\u00e9rio em terras ind\u00edgenas, mas o governo de Jair Bolsonaro defende a abertura dessas \u00e1reas para atividades extrativistas e agr\u00edcolas.<\/p>\n\n\n\n<p>O presidente apresentou em fevereiro um projeto de lei para regularizar essa atividade e a gera\u00e7\u00e3o de energia el\u00e9trica em terras ind\u00edgenas.&nbsp;<\/p>\n\n\n\n<p>O texto n\u00e3o d\u00e1 aos ind\u00edgenas o direito de vetar a minera\u00e7\u00e3o e a explora\u00e7\u00e3o energ\u00e9tica de suas terras.&nbsp;<\/p>\n\n\n\n<p>A gest\u00e3o do Bolsonaro tem recebido cr\u00edticas dentro e fora do Brasil de ambientalistas e at\u00e9 vozes dos setores empresarial e financeiro.&nbsp;<\/p>\n\n\n\n<p>O Minist\u00e9rio do Meio Ambiente demitiu nesta sexta-feira o presidente do Instituto Chico Mendes de Conserva\u00e7\u00e3o da Biodiversidade (ICMBio), coronel Giorge Cerqueira, que ocupava o cargo desde abril<\/p>\n\n\n\n<p><\/p>\n","protected":false},"excerpt":{"rendered":"<p>Na AFP &#8211; O Minist\u00e9rio P\u00fablico Federal afirmou nesta sexta-feira (21) que garimpeiros ilegais do estado do Par\u00e1 foram levados a Bras\u00edlia em um avi\u00e3o militar inicialmente destinado ao combate a crimes ambientais.\u00a0<\/p>\n","protected":false},"author":1,"featured_media":0,"comment_status":"closed","ping_status":"open","sticky":false,"template":"","format":"standard","meta":{"_exactmetrics_skip_tracking":false,"_exactmetrics_sitenote_active":false,"_exactmetrics_sitenote_note":"","_exactmetrics_sitenote_category":0,"jetpack_post_was_ever_published":false,"_jetpack_newsletter_access":"","_jetpack_dont_email_post_to_subs":false,"_jetpack_newsletter_tier_id":0,"_jetpack_memberships_contains_paywalled_content":false,"_jetpack_memberships_contains_paid_content":false,"footnotes":"","jetpack_publicize_message":"","jetpack_publicize_feature_enabled":true,"jetpack_social_post_already_shared":true,"jetpack_social_options":{"image_generator_settings":{"template":"highway","enabled":false},"version":2}},"categories":[1],"tags":[],"class_list":["post-29580","post","type-post","status-publish","format-standard","hentry","category-notas"],"jetpack_publicize_connections":[],"jetpack_sharing_enabled":true,"jetpack_featured_media_url":"","jetpack_shortlink":"https:\/\/wp.me\/p7wKYW-7H6","jetpack-related-posts":[],"_links":{"self":[{"href":"http:\/\/blogdalucianaoliveira.com.br\/blog\/wp-json\/wp\/v2\/posts\/29580","targetHints":{"allow":["GET"]}}],"collection":[{"href":"http:\/\/blogdalucianaoliveira.com.br\/blog\/wp-json\/wp\/v2\/posts"}],"about":[{"href":"http:\/\/blogdalucianaoliveira.com.br\/blog\/wp-json\/wp\/v2\/types\/post"}],"author":[{"embeddable":true,"href":"http:\/\/blogdalucianaoliveira.com.br\/blog\/wp-json\/wp\/v2\/users\/1"}],"replies":[{"embeddable":true,"href":"http:\/\/blogdalucianaoliveira.com.br\/blog\/wp-json\/wp\/v2\/comments?post=29580"}],"version-history":[{"count":1,"href":"http:\/\/blogdalucianaoliveira.com.br\/blog\/wp-json\/wp\/v2\/posts\/29580\/revisions"}],"predecessor-version":[{"id":29582,"href":"http:\/\/blogdalucianaoliveira.com.br\/blog\/wp-json\/wp\/v2\/posts\/29580\/revisions\/29582"}],"wp:attachment":[{"href":"http:\/\/blogdalucianaoliveira.com.br\/blog\/wp-json\/wp\/v2\/media?parent=29580"}],"wp:term":[{"taxonomy":"category","embeddable":true,"href":"http:\/\/blogdalucianaoliveira.com.br\/blog\/wp-json\/wp\/v2\/categories?post=29580"},{"taxonomy":"post_tag","embeddable":true,"href":"http:\/\/blogdalucianaoliveira.com.br\/blog\/wp-json\/wp\/v2\/tags?post=29580"}],"curies":[{"name":"wp","href":"https:\/\/api.w.org\/{rel}","templated":true}]}}