{"id":29583,"date":"2020-08-22T13:26:37","date_gmt":"2020-08-22T17:26:37","guid":{"rendered":"http:\/\/blogdalucianaoliveira.com.br\/blog\/?p=29583"},"modified":"2020-08-22T13:26:46","modified_gmt":"2020-08-22T17:26:46","slug":"fim-das-coligacoes-para-eleicoes-proporcionais-aumenta-as-chances-de-mais-mulheres-na-politica","status":"publish","type":"post","link":"http:\/\/blogdalucianaoliveira.com.br\/blog\/2020\/08\/22\/fim-das-coligacoes-para-eleicoes-proporcionais-aumenta-as-chances-de-mais-mulheres-na-politica\/","title":{"rendered":"Fim das coliga\u00e7\u00f5es para elei\u00e7\u00f5es proporcionais aumenta as chances de mais mulheres na pol\u00edtica"},"content":{"rendered":"\n<figure class=\"wp-block-image size-large\"><img data-recalc-dims=\"1\" loading=\"lazy\" decoding=\"async\" width=\"487\" height=\"263\" data-attachment-id=\"29584\" data-permalink=\"http:\/\/blogdalucianaoliveira.com.br\/blog\/2020\/08\/22\/fim-das-coligacoes-para-eleicoes-proporcionais-aumenta-as-chances-de-mais-mulheres-na-politica\/image-29-10\/\" data-orig-file=\"https:\/\/i0.wp.com\/blogdalucianaoliveira.com.br\/blog\/wp-content\/uploads\/2020\/08\/image-29.jpeg?fit=487%2C263\" data-orig-size=\"487,263\" data-comments-opened=\"0\" data-image-meta=\"{&quot;aperture&quot;:&quot;0&quot;,&quot;credit&quot;:&quot;&quot;,&quot;camera&quot;:&quot;&quot;,&quot;caption&quot;:&quot;&quot;,&quot;created_timestamp&quot;:&quot;0&quot;,&quot;copyright&quot;:&quot;&quot;,&quot;focal_length&quot;:&quot;0&quot;,&quot;iso&quot;:&quot;0&quot;,&quot;shutter_speed&quot;:&quot;0&quot;,&quot;title&quot;:&quot;&quot;,&quot;orientation&quot;:&quot;0&quot;}\" data-image-title=\"image-29\" data-image-description=\"\" data-image-caption=\"\" data-medium-file=\"https:\/\/i0.wp.com\/blogdalucianaoliveira.com.br\/blog\/wp-content\/uploads\/2020\/08\/image-29.jpeg?fit=300%2C162\" data-large-file=\"https:\/\/i0.wp.com\/blogdalucianaoliveira.com.br\/blog\/wp-content\/uploads\/2020\/08\/image-29.jpeg?fit=487%2C263\" src=\"https:\/\/i0.wp.com\/blogdalucianaoliveira.com.br\/blog\/wp-content\/uploads\/2020\/08\/image-29.jpeg?resize=487%2C263\" alt=\"\" class=\"wp-image-29584\" srcset=\"https:\/\/i0.wp.com\/blogdalucianaoliveira.com.br\/blog\/wp-content\/uploads\/2020\/08\/image-29.jpeg?w=487 487w, https:\/\/i0.wp.com\/blogdalucianaoliveira.com.br\/blog\/wp-content\/uploads\/2020\/08\/image-29.jpeg?resize=300%2C162 300w\" sizes=\"auto, (max-width: 487px) 100vw, 487px\" \/><\/figure>\n\n\n\n<p>TSE &#8211; Em 2020, legendas ter\u00e3o de cumprir individualmente a cota de 30% de candidaturas do g\u00eanero feminino para o cargo de vereador. Medida tende a diminuir casos de candidatas laranja.<\/p>\n\n\n\n<!--more-->\n\n\n\n<p>A&nbsp;<a href=\"http:\/\/www.planalto.gov.br\/ccivil_03\/constituicao\/Emendas\/Emc\/emc97.htm\">Emenda Constitucional n\u00ba 97\/2017<\/a>estabeleceu o fim das coliga\u00e7\u00f5es partid\u00e1rias nas elei\u00e7\u00f5es para cargos proporcionais a partir do pleito municipal de 2020. Com a medida, a luta para garantir mais espa\u00e7o no cen\u00e1rio eleitoral \u00e0s mulheres ganhou um novo alento. Isso porque, se antes o cumprimento da cota de g\u00eanero de 30% para as candidaturas se aplicava \u00e0 coliga\u00e7\u00e3o como um todo, agora ela se aplica a cada partido, individualmente.<\/p>\n\n\n\n<p>A segunda mat\u00e9ria da s\u00e9rie produzida pela Assessoria de Comunica\u00e7\u00e3o do Tribunal Superior Eleitoral (TSE) sobre a participa\u00e7\u00e3o das mulheres na pol\u00edtica mostra que uma das consequ\u00eancias do fim das coliga\u00e7\u00f5es nas elei\u00e7\u00f5es proporcionais \u00e9 a redu\u00e7\u00e3o da possibilidade de ocorr\u00eancia das chamadas candidaturas laranja.<\/p>\n\n\n\n<p>Essa fraude ocorre quando mulheres s\u00e3o indicadas como candidatas pelos partidos pol\u00edticos apenas para cumprir a cota de 30%, sem receber, de fato, os recursos do Fundo Especial de Financiamento de Campanhas (FEFC) a que t\u00eam direito e sem fazer campanha ou mesmo obter votos.<\/p>\n\n\n\n<p>Para as Elei\u00e7\u00f5es Municipais de 2020, a expectativa \u00e9 que surjam mais candidaturas vi\u00e1veis de mulheres e, da mesma forma, aumente o n\u00famero de mandat\u00e1rias eleitas nas 5.568 c\u00e2maras de vereadores que ter\u00e3o seus representantes renovados em novembro.<\/p>\n\n\n\n<p><strong>Cota de g\u00eanero<\/strong><\/p>\n\n\n\n<p>O Tribunal Superior Eleitoral (TSE) e o Congresso Nacional v\u00eam, h\u00e1 alguns anos, trabalhando em conjunto para incentivar uma maior participa\u00e7\u00e3o feminina na pol\u00edtica nacional. O intuito \u00e9 reverter o atual quadro de representa\u00e7\u00e3o da popula\u00e7\u00e3o nas casas legislativas do pa\u00eds, onde as mulheres, que s\u00e3o mais da metade do eleitorado brasileiro, ocupam menos de 10% dos assentos.<\/p>\n\n\n\n<p>Uma das iniciativas inicialmente implementadas pelo TSE e posteriormente transformada em lei pelo Congresso foi o estabelecimento de uma cota m\u00ednima de 30% das candidaturas destinadas para mulheres. Al\u00e9m da reserva do n\u00famero de candidaturas indicadas pelos partidos a cada elei\u00e7\u00e3o, tamb\u00e9m devem ser destinados \u00e0s candidatas do g\u00eanero feminino 30% do tempo de propaganda eleitoral no r\u00e1dio e na televis\u00e3o e, ainda, a mesma propor\u00e7\u00e3o na distribui\u00e7\u00e3o do FEFC.<\/p>\n\n\n\n<p><strong>Combate a desvios<\/strong><\/p>\n\n\n\n<p>Al\u00e9m de regulamentar a legisla\u00e7\u00e3o eleitoral por meio de resolu\u00e7\u00f5es e portarias e encaminhar propostas ao Poder Legislativo, o TSE tamb\u00e9m tem atuado na fiscaliza\u00e7\u00e3o e na puni\u00e7\u00e3o de desvios na aplica\u00e7\u00e3o da cota de g\u00eanero para indica\u00e7\u00e3o e financiamento de candidaturas.<\/p>\n\n\n\n<p>Nos \u00faltimos dois anos, a Corte Eleitoral vem julgando diversos casos em que foram apontados abusos por parte de partidos pol\u00edticos que utilizaram as chamadas \u201ccandidatas laranja\u201d para ludibriar a Justi\u00e7a Eleitoral e desviar recursos do FEFC para candidatos homens.<\/p>\n\n\n\n<p>A decis\u00e3o do TSE no caso dos vereadores do munic\u00edpio de Valen\u00e7a (PI) marcou a jurisprud\u00eancia da Corte Eleitoral nesse sentido. Os ministros do Tribunal mantiveram a cassa\u00e7\u00e3o de seis parlamentares que foram eleitos de forma fraudulenta nas Elei\u00e7\u00f5es Municipais de 2016.<\/p>\n\n\n\n<p>No caso em quest\u00e3o, os vereadores foram acusados de lan\u00e7ar candidaturas femininas fict\u00edcias para alcan\u00e7ar o percentual m\u00ednimo de 30% previsto na&nbsp;<a href=\"http:\/\/www.tse.jus.br\/legislacao\/codigo-eleitoral\/lei-das-eleicoes\/lei-das-eleicoes-lei-nb0-9.504-de-30-de-setembro-de-1997\">Lei n\u00ba 9.507\/1997<\/a>, as Lei das Elei\u00e7\u00f5es. Essas candidatas n\u00e3o fizeram campanha, nem receberam votos, tendo desviado os recursos do FEFC que receberam para candidatos homens.<\/p>\n\n\n\n<p>RG\/LC<\/p>\n","protected":false},"excerpt":{"rendered":"<p>TSE &#8211; Em 2020, legendas ter\u00e3o de cumprir individualmente a cota de 30% de candidaturas do g\u00eanero feminino para o cargo de vereador. Medida tende a diminuir casos de candidatas laranja.<\/p>\n","protected":false},"author":1,"featured_media":0,"comment_status":"closed","ping_status":"open","sticky":false,"template":"","format":"standard","meta":{"_exactmetrics_skip_tracking":false,"_exactmetrics_sitenote_active":false,"_exactmetrics_sitenote_note":"","_exactmetrics_sitenote_category":0,"jetpack_post_was_ever_published":false,"_jetpack_newsletter_access":"","_jetpack_dont_email_post_to_subs":false,"_jetpack_newsletter_tier_id":0,"_jetpack_memberships_contains_paywalled_content":false,"_jetpack_memberships_contains_paid_content":false,"footnotes":"","jetpack_publicize_message":"","jetpack_publicize_feature_enabled":true,"jetpack_social_post_already_shared":true,"jetpack_social_options":{"image_generator_settings":{"template":"highway","enabled":false},"version":2}},"categories":[1],"tags":[],"class_list":["post-29583","post","type-post","status-publish","format-standard","hentry","category-notas"],"jetpack_publicize_connections":[],"jetpack_sharing_enabled":true,"jetpack_featured_media_url":"","jetpack_shortlink":"https:\/\/wp.me\/p7wKYW-7H9","jetpack-related-posts":[],"_links":{"self":[{"href":"http:\/\/blogdalucianaoliveira.com.br\/blog\/wp-json\/wp\/v2\/posts\/29583","targetHints":{"allow":["GET"]}}],"collection":[{"href":"http:\/\/blogdalucianaoliveira.com.br\/blog\/wp-json\/wp\/v2\/posts"}],"about":[{"href":"http:\/\/blogdalucianaoliveira.com.br\/blog\/wp-json\/wp\/v2\/types\/post"}],"author":[{"embeddable":true,"href":"http:\/\/blogdalucianaoliveira.com.br\/blog\/wp-json\/wp\/v2\/users\/1"}],"replies":[{"embeddable":true,"href":"http:\/\/blogdalucianaoliveira.com.br\/blog\/wp-json\/wp\/v2\/comments?post=29583"}],"version-history":[{"count":1,"href":"http:\/\/blogdalucianaoliveira.com.br\/blog\/wp-json\/wp\/v2\/posts\/29583\/revisions"}],"predecessor-version":[{"id":29585,"href":"http:\/\/blogdalucianaoliveira.com.br\/blog\/wp-json\/wp\/v2\/posts\/29583\/revisions\/29585"}],"wp:attachment":[{"href":"http:\/\/blogdalucianaoliveira.com.br\/blog\/wp-json\/wp\/v2\/media?parent=29583"}],"wp:term":[{"taxonomy":"category","embeddable":true,"href":"http:\/\/blogdalucianaoliveira.com.br\/blog\/wp-json\/wp\/v2\/categories?post=29583"},{"taxonomy":"post_tag","embeddable":true,"href":"http:\/\/blogdalucianaoliveira.com.br\/blog\/wp-json\/wp\/v2\/tags?post=29583"}],"curies":[{"name":"wp","href":"https:\/\/api.w.org\/{rel}","templated":true}]}}