{"id":29586,"date":"2020-08-22T18:26:42","date_gmt":"2020-08-22T22:26:42","guid":{"rendered":"http:\/\/blogdalucianaoliveira.com.br\/blog\/?p=29586"},"modified":"2020-08-22T18:26:50","modified_gmt":"2020-08-22T22:26:50","slug":"estudo-mostra-que-prevenir-uma-pandemia-custa-2-do-valor-gasto-para-combate-la","status":"publish","type":"post","link":"http:\/\/blogdalucianaoliveira.com.br\/blog\/2020\/08\/22\/estudo-mostra-que-prevenir-uma-pandemia-custa-2-do-valor-gasto-para-combate-la\/","title":{"rendered":"ESTUDO MOSTRA QUE PREVENIR UMA PANDEMIA CUSTA 2% DO VALOR GASTO PARA COMBAT\u00ca-LA"},"content":{"rendered":"\n<figure class=\"wp-block-image size-large\"><img loading=\"lazy\" decoding=\"async\" width=\"1200\" height=\"800\" data-attachment-id=\"29587\" data-permalink=\"http:\/\/blogdalucianaoliveira.com.br\/blog\/2020\/08\/22\/estudo-mostra-que-prevenir-uma-pandemia-custa-2-do-valor-gasto-para-combate-la\/image-30-10\/\" data-orig-file=\"https:\/\/i0.wp.com\/blogdalucianaoliveira.com.br\/blog\/wp-content\/uploads\/2020\/08\/image-30.jpeg?fit=1200%2C800\" data-orig-size=\"1200,800\" data-comments-opened=\"0\" data-image-meta=\"{&quot;aperture&quot;:&quot;0&quot;,&quot;credit&quot;:&quot;&quot;,&quot;camera&quot;:&quot;&quot;,&quot;caption&quot;:&quot;&quot;,&quot;created_timestamp&quot;:&quot;0&quot;,&quot;copyright&quot;:&quot;&quot;,&quot;focal_length&quot;:&quot;0&quot;,&quot;iso&quot;:&quot;0&quot;,&quot;shutter_speed&quot;:&quot;0&quot;,&quot;title&quot;:&quot;&quot;,&quot;orientation&quot;:&quot;0&quot;}\" data-image-title=\"image-30\" data-image-description=\"\" data-image-caption=\"\" data-medium-file=\"https:\/\/i0.wp.com\/blogdalucianaoliveira.com.br\/blog\/wp-content\/uploads\/2020\/08\/image-30.jpeg?fit=300%2C200\" data-large-file=\"https:\/\/i0.wp.com\/blogdalucianaoliveira.com.br\/blog\/wp-content\/uploads\/2020\/08\/image-30.jpeg?fit=600%2C400\" src=\"https:\/\/i0.wp.com\/blogdalucianaoliveira.com.br\/blog\/wp-content\/uploads\/2020\/08\/image-30.jpeg?fit=600%2C400\" alt=\"\" class=\"wp-image-29587\" srcset=\"https:\/\/i0.wp.com\/blogdalucianaoliveira.com.br\/blog\/wp-content\/uploads\/2020\/08\/image-30.jpeg?w=1200 1200w, https:\/\/i0.wp.com\/blogdalucianaoliveira.com.br\/blog\/wp-content\/uploads\/2020\/08\/image-30.jpeg?resize=300%2C200 300w, https:\/\/i0.wp.com\/blogdalucianaoliveira.com.br\/blog\/wp-content\/uploads\/2020\/08\/image-30.jpeg?resize=1024%2C683 1024w, https:\/\/i0.wp.com\/blogdalucianaoliveira.com.br\/blog\/wp-content\/uploads\/2020\/08\/image-30.jpeg?resize=768%2C512 768w, https:\/\/i0.wp.com\/blogdalucianaoliveira.com.br\/blog\/wp-content\/uploads\/2020\/08\/image-30.jpeg?resize=450%2C300 450w\" sizes=\"auto, (max-width: 600px) 100vw, 600px\" \/><\/figure>\n\n\n\n<p>Prevenir uma pandemia custa cerca de 2% do valor total gasto para combat\u00ea-la.\u00a0Essa foi a conclus\u00e3o dos integrantes de diversos centros acad\u00eamicos e de pesquisa, entre eles as universidades americanas Harvard e Duke e a Universidade Federal do Rio de Janeiro (UFRJ). O estudo foi publicado na renomada revista cient\u00edfica\u00a0<a rel=\"noreferrer noopener\" href=\"https:\/\/science.sciencemag.org\/content\/369\/6502\/379\" target=\"_blank\">Science<\/a>.<\/p>\n\n\n\n<!--more-->\n\n\n\n<p><strong>Juliane Isler, no GrenMe <\/strong><\/p>\n\n\n\n<p>Segundo os especialistas,&nbsp;<strong>com 2% do dinheiro que o mundo est\u00e1 gastando com a pandemia da Covid-19<\/strong>, seria poss\u00edvel criar um programa de preven\u00e7\u00e3o, ao longo de dez anos, para que outros v\u00edrus de perigo semelhante ao Sars-CoV-2 n\u00e3o tenham a chance de passar de seus hospedeiros originais para humanos.<\/p>\n\n\n\n<p>Mariana Vale, professora-adjunta no Departamento de Ecologia da UFRJ e coautora do estudo publicado na Science,\u00a0<a rel=\"noreferrer noopener\" href=\"https:\/\/www.bbc.com\/portuguese\/amp\/geral-53731461?__twitter_impression=true\" target=\"_blank\">disse \u00e0 BBC Brasil<\/a>\u00a0que o valor aproximado do gasto pelo mundo no combate \u00e0 pandemia \u2013 isso dimensionando perdas de vida e econ\u00f4micas \u2013 pode chegar a\u00a0<strong>US$ 20 trilh\u00f5es<\/strong>. Considerando somente o PIB mundial, estima-se uma perda na ordem de pelo menos\u00a0<strong>US $ 5 trilh\u00f5es no ano de 2020.\u00a0<\/strong><br><\/p>\n\n\n\n<p>No estudo, os pesquisadores chegaram a um valor aproximado de US$ 22 bilh\u00f5es a US$ 31 bilh\u00f5es para executar uma s\u00e9rie de estrat\u00e9gias que limitem ou diminuam essas cadeias de transmiss\u00e3o do v\u00edrus. Esse valor \u00e9 estimado para um per\u00edodo de 10 anos e representa uma fra\u00e7\u00e3o m\u00ednima dos gastos trilion\u00e1rios que j\u00e1 foram dispendidos na tentativa de conter a Covid-19.<\/p>\n\n\n\n<p><strong>Esse dinheiro serviria para<\/strong><\/p>\n\n\n\n<blockquote class=\"wp-block-quote is-layout-flow wp-block-quote-is-layout-flow\"><p>\u201cmonitorar e policiar o&nbsp;<strong>com\u00e9rcio de animais selvagens<\/strong>, impedir o desmatamento das florestas e promover estudos na pecu\u00e1ria\u201d.<\/p><\/blockquote>\n\n\n\n<h2 class=\"wp-block-heading\">Preservar a vida custa menos que combater o v\u00edrus<\/h2>\n\n\n\n<p>O objetivo do estudo \u201cfoi avaliar o custo do monitoramento e preven\u00e7\u00e3o do cont\u00e1gio de doen\u00e7as causadas pela perda e fragmenta\u00e7\u00e3o sem precedentes das florestas tropicais e pelo crescente com\u00e9rcio de animais selvagens\u201d.<\/p>\n\n\n\n<p>Prevenir o desequil\u00edbrio ambiental provocado pela destrui\u00e7\u00e3o do ecossistema, preven\u00e7\u00e3o do desmatamento, da ca\u00e7a, do tr\u00e1fico de animais, do contato de humanos com animais silvestres e ex\u00f3ticos, s\u00e3o\u00a0<strong>a\u00e7\u00f5es que diminuem consideravelmente a chance de surgimento de epidemias<\/strong>\u00a0e s\u00e3o relativamente baratas, ao menos se comparado ao custo econ\u00f4mico, social e de sa\u00fade de uma pandemia global, apontam os cientistas.<\/p>\n\n\n\n<p>J\u00e1 alertamos aqui que&nbsp;a pr\u00f3xima grande pandemia pode surgir no Brasil, mais precisamente na floresta amaz\u00f4nica, justamente por causa da&nbsp;<strong>destrui\u00e7\u00e3o desenfreada do bioma<\/strong>.<\/p>\n\n\n\n<blockquote class=\"wp-block-quote is-layout-flow wp-block-quote-is-layout-flow\"><p><a href=\"https:\/\/www.greenme.com.br\/informarse\/ambiente\/45213-amazonia-virus-desmatamento-e-proliferacao-de-doencas-infecciosas\/\" target=\"_blank\" rel=\"noreferrer noopener\">Pr\u00f3xima pandemia pode surgir na Amaz\u00f4nia: desmatamento contribui para zoonoses<\/a><\/p><\/blockquote>\n\n\n\n<p>A floresta amaz\u00f4nica possui milhares de micro-organismos, incluindo v\u00edrus, fungos e bact\u00e9rias, que vivem em perfeito equil\u00edbrio com os animais selvagens e seus habitats e havendo interven\u00e7\u00e3o, seja populacional ou ambiental, promover\u00e1 altera\u00e7\u00e3o na cadeia,\u00a0o que pode causar esse \u201csalto\u201d do v\u00edrus dos animais para os humanos.<\/p>\n\n\n\n<p>Os pesquisadores usam como exemplo o HIV, ebola e dengue, para explicar como grandes desequil\u00edbrios ambientais podem disseminar doen\u00e7as.<\/p>\n\n\n\n<p>No estudo cient\u00edfico eles apontam que<\/p>\n\n\n\n<blockquote class=\"wp-block-quote is-layout-flow wp-block-quote-is-layout-flow\"><p>\u201ca cada ano do \u00faltimo s\u00e9culo, ao menos dois v\u00edrus foram transmitidos de animais que eram seus hospedeiros originais para popula\u00e7\u00f5es humanas, exatamente como aconteceu com o coronav\u00edrus\u201d.<\/p><\/blockquote>\n\n\n\n<p>Os pesquisadores apontam tamb\u00e9m que\u00a0<strong>h\u00e1 pouco investimento nas a\u00e7\u00f5es de preven\u00e7\u00e3o do desmatamento e regulamenta\u00e7\u00e3o do com\u00e9rcio de animais selvagens<\/strong>, sugerindo que os custos associados a esses esfor\u00e7os preventivos seriam substancialmente menores do que os custos econ\u00f4micos e de mortalidade de responder as consequ\u00eancias do surgimento de pandemias.<\/p>\n\n\n\n<h2 class=\"wp-block-heading\">Plano de preven\u00e7\u00e3o<\/h2>\n\n\n\n<p>Como plano de preven\u00e7\u00e3o, os pesquisadores modelaram algumas a\u00e7\u00f5es essenciais que podem ajudar a&nbsp;<strong>prevenir futuras pandemias<\/strong>zoon\u00f3ticas antes que comecem:<\/p>\n\n\n\n<h3 class=\"wp-block-heading\">Redu\u00e7\u00e3o do desmatamento<\/h3>\n\n\n\n<p>O estudo aponta que\u00a0<strong>o desmatamento \u00e9 a principal causa de desequil\u00edbrio do ecossistema<\/strong>\u00a0e o principal meio de colocar em contato humanos e animais dom\u00e9sticos com animais ex\u00f3ticos porque a constru\u00e7\u00e3o de estradas, garimpos, agricultura, explora\u00e7\u00e3o de madeira, pecu\u00e1ria e outros, s\u00e3o a\u00e7\u00f5es que provocam fixa\u00e7\u00e3o de pessoas e comunidades ao redor da mata derrubada.<\/p>\n\n\n\n<p>V\u00e1rias estimativas da efic\u00e1cia e custo das a\u00e7\u00f5es para reduzir o desmatamento est\u00e3o dispon\u00edveis e j\u00e1 foram modeladas por diversos estudiosos e pesquisadores e apontam algumas solu\u00e7\u00f5es como:<\/p>\n\n\n\n<ul class=\"wp-block-list\"><li>Remo\u00e7\u00e3o de subs\u00eddios para empresas que promovem desmatamento (mineradora, agr\u00edcola e pecu\u00e1ria),<\/li><li>Restri\u00e7\u00e3o de desmatamento privado (uso de terra particular),<\/li><li>Demarca\u00e7\u00e3o de terra e apoio dos direitos territoriais dos povos ind\u00edgenas e,<\/li><li>Fortalecimento dos mecanismos de combate e fiscaliza\u00e7\u00e3o da floresta.<\/li><\/ul>\n\n\n\n<p>Os pesquisadores apontam que o custo anual estimado para proteger a floresta \u00e9 de US $ 9,6 bilh\u00f5es, sendo que esses valores poderiam ser reduzidos para US $ 1,5 bilh\u00e3o se as a\u00e7\u00f5es apontadas acima fossem cumpridas.<\/p>\n\n\n\n<p><strong>Mas todas essas medidas requerem motiva\u00e7\u00e3o nacional e vontade pol\u00edtica.<\/strong><\/p>\n\n\n\n<h3 class=\"wp-block-heading\">Conten\u00e7\u00e3o do com\u00e9rcio ilegal de animais selvagens e ex\u00f3ticos<\/h3>\n\n\n\n<p>O tr\u00e1fico de animais ex\u00f3ticos financiado pelo grande e recorrente interesse nesse tipo de \u201cmercadoria\u201d, porque \u00e9 assim que os bichos s\u00e3o tratados,\u00a0<strong>faz com que as pessoas entrem nas florestas, mantenham contato com\u00a0 esp\u00e9cies selvagens<\/strong>, retirando-as do seu habitat, transportando-as muitas vezes para regi\u00f5es ou pa\u00edses onde n\u00e3o s\u00e3o nativas e o enorme pre\u00e7o que a sociedade paga por tais encontros \u00e9 o surgimento de pandemias.<\/p>\n\n\n\n<p>Para os pesquisadores, principalmente&nbsp;<strong>primatas, morcegos, pangolins, civetas e roedores<\/strong>&nbsp;deveriam ficar totalmente de fora de qualquer mercado que comercializa animais vivos, mortos ou seus subprodutos.<\/p>\n\n\n\n<p>Para al\u00e9m do tr\u00e1fico de animais, nos casos de\u00a0<strong>consumo de carnes ex\u00f3ticas<\/strong>\u00a0por comunidades ou culturas tradicionais, a orienta\u00e7\u00e3o \u00e9 incluir educa\u00e7\u00e3o e conscientiza\u00e7\u00e3o sobre manejo de animais, saneamento e transmiss\u00e3o de doen\u00e7as, bem como manejo sustent\u00e1vel da vida selvagem e apoio para desenvolver alimentos alternativos em prol de um bem maior, que \u00e9 a preven\u00e7\u00e3o de doen\u00e7as que podem ter afeta\u00e7\u00e3o global.<\/p>\n\n\n\n<h3 class=\"wp-block-heading\">Detec\u00e7\u00e3o e controle precoce<\/h3>\n\n\n\n<p>Para reduzir o risco de propaga\u00e7\u00e3o e determinar a quantidade de organismos infecciosos existentes, precisa encontrar o v\u00edrus na vida selvagem e estudar o seu comportamento dentro e fora do seu habitat. Antecipar o comportamento do v\u00edrus \u00e9 uma boa forma de prevenir uma poss\u00edvel transmiss\u00e3o.<\/p>\n\n\n\n<p><strong>Testes regulares<\/strong>\u00a0em humanos e em animais da pecu\u00e1ria (gado, aves, porcos e caprinos) em regi\u00f5es de alto risco de emerg\u00eancia de doen\u00e7as, tamb\u00e9m \u00e9 uma boa forma de evitar cont\u00e1gios e identificar padr\u00f5es sazonais dos v\u00edrus.<\/p>\n\n\n\n<p>Programas de educa\u00e7\u00e3o comunit\u00e1ria para aumentar a conscientiza\u00e7\u00e3o sobre o risco zoon\u00f3tico e&nbsp;<strong>reduzir o contato com a vida selvagem<\/strong>&nbsp;tamb\u00e9m fazem parte de modelos de preven\u00e7\u00e3o.<\/p>\n\n\n\n<h3 class=\"wp-block-heading\">\u200cPecu\u00e1ria ou animais criados em fazenda<\/h3>\n\n\n\n<p>O&nbsp;<a href=\"https:\/\/science.sciencemag.org\/content\/369\/6502\/379\" target=\"_blank\" rel=\"noreferrer noopener\">estudo<\/a>&nbsp;aponta que \u201c<strong>a pecu\u00e1ria \u00e9 um reservat\u00f3rio e elo cr\u00edtico em doen\u00e7as emergentes<\/strong>\u201d.<\/p>\n\n\n\n<p>Muitos surtos relacionados \u00e0 pecu\u00e1ria atingiram n\u00edvel de emerg\u00eancia de uma pandemia, como o v\u00edrus\u00a0<strong>Nipah<\/strong>\u00a0(morcego \u2192 porco \u2192 humano),<strong>\u00a0influenza H5N1<\/strong>, (ave \u2192 aves \u2192 humano) e a\u00a0<strong>influenza H1N1<\/strong>\u00a0(ave \u2192 porco \u2192 humano).<\/p>\n\n\n\n<p>Os cientistas apontaram que com custos relativamente baixos, se comparado ao valor gasto para conter um surto viral, \u00e9 poss\u00edvel tirar do papel v\u00e1rias propostas j\u00e1 existentes sobre as&nbsp;<strong>formas de diminuir os efeitos da pecu\u00e1ria no papel das pandemias.<\/strong><\/p>\n\n\n\n<blockquote class=\"wp-block-quote is-layout-flow wp-block-quote-is-layout-flow\"><p><a href=\"https:\/\/www.greenme.com.br\/informarse\/agricultura\/45180-agropecuaria-uma-das-causas-pandemias\/\" target=\"_blank\" rel=\"noreferrer noopener\">Agropecu\u00e1ria \u00e9 apontada por especialistas como uma das causas do surgimento de pandemias<\/a><\/p><\/blockquote>\n\n\n\n<blockquote class=\"wp-block-quote is-layout-flow wp-block-quote-is-layout-flow\"><p><a href=\"https:\/\/www.greenme.com.br\/informarse\/agricultura\/43754-coronavirus-infectar-granjas-abatedouros\/\" target=\"_blank\" rel=\"noreferrer noopener\">E se o Coronav\u00edrus infectar granjas e abatedouros?<\/a><\/p><\/blockquote>\n\n\n\n<h2 class=\"wp-block-heading\">A melhor solu\u00e7\u00e3o<\/h2>\n\n\n\n<p>De todas as formas e de qualquer \u00e2ngulo que se analise a quest\u00e3o, seja financeira, ambiental ou socialmente falando,\u00a0<strong>a melhor op\u00e7\u00e3o sempre \u00e9 investir na preserva\u00e7\u00e3o do meio ambiente<\/strong>\u00a0e na conscientiza\u00e7\u00e3o da popula\u00e7\u00e3o, para encararmos o problema de frente.<\/p>\n\n\n\n<p><strong>A forma como estamos vivendo, sugando os recursos naturais<\/strong>&nbsp;de forma totalmente inconsequente e destruidora, s\u00f3 pode ter como resposta cat\u00e1strofes, inunda\u00e7\u00f5es, terremotos, maremotos, tornados, furac\u00f5es, grandes ondas de calor, frio, secas, estiagem, doen\u00e7as e muitos outros.<\/p>\n\n\n\n<p>Como diz o mestre Raul Seixas, \u201co planeta como um cachorro eu vejo, quando ele n\u00e3o aguenta mais as pulgas, se livra delas num sacolejo\u201d.<\/p>\n\n\n\n<p><\/p>\n","protected":false},"excerpt":{"rendered":"<p>Prevenir uma pandemia custa cerca de 2% do valor total gasto para combat\u00ea-la.\u00a0Essa foi a conclus\u00e3o dos integrantes de diversos centros acad\u00eamicos e de pesquisa, entre eles as universidades americanas Harvard e Duke e a Universidade Federal do Rio de Janeiro (UFRJ). O estudo foi publicado na renomada revista cient\u00edfica\u00a0Science.<\/p>\n","protected":false},"author":1,"featured_media":0,"comment_status":"closed","ping_status":"open","sticky":false,"template":"","format":"standard","meta":{"_exactmetrics_skip_tracking":false,"_exactmetrics_sitenote_active":false,"_exactmetrics_sitenote_note":"","_exactmetrics_sitenote_category":0,"jetpack_post_was_ever_published":false,"_jetpack_newsletter_access":"","_jetpack_dont_email_post_to_subs":false,"_jetpack_newsletter_tier_id":0,"_jetpack_memberships_contains_paywalled_content":false,"_jetpack_memberships_contains_paid_content":false,"footnotes":"","jetpack_publicize_message":"","jetpack_publicize_feature_enabled":true,"jetpack_social_post_already_shared":true,"jetpack_social_options":{"image_generator_settings":{"template":"highway","enabled":false},"version":2}},"categories":[1],"tags":[],"class_list":["post-29586","post","type-post","status-publish","format-standard","hentry","category-notas"],"jetpack_publicize_connections":[],"jetpack_sharing_enabled":true,"jetpack_featured_media_url":"","jetpack_shortlink":"https:\/\/wp.me\/p7wKYW-7Hc","jetpack-related-posts":[],"_links":{"self":[{"href":"http:\/\/blogdalucianaoliveira.com.br\/blog\/wp-json\/wp\/v2\/posts\/29586","targetHints":{"allow":["GET"]}}],"collection":[{"href":"http:\/\/blogdalucianaoliveira.com.br\/blog\/wp-json\/wp\/v2\/posts"}],"about":[{"href":"http:\/\/blogdalucianaoliveira.com.br\/blog\/wp-json\/wp\/v2\/types\/post"}],"author":[{"embeddable":true,"href":"http:\/\/blogdalucianaoliveira.com.br\/blog\/wp-json\/wp\/v2\/users\/1"}],"replies":[{"embeddable":true,"href":"http:\/\/blogdalucianaoliveira.com.br\/blog\/wp-json\/wp\/v2\/comments?post=29586"}],"version-history":[{"count":1,"href":"http:\/\/blogdalucianaoliveira.com.br\/blog\/wp-json\/wp\/v2\/posts\/29586\/revisions"}],"predecessor-version":[{"id":29588,"href":"http:\/\/blogdalucianaoliveira.com.br\/blog\/wp-json\/wp\/v2\/posts\/29586\/revisions\/29588"}],"wp:attachment":[{"href":"http:\/\/blogdalucianaoliveira.com.br\/blog\/wp-json\/wp\/v2\/media?parent=29586"}],"wp:term":[{"taxonomy":"category","embeddable":true,"href":"http:\/\/blogdalucianaoliveira.com.br\/blog\/wp-json\/wp\/v2\/categories?post=29586"},{"taxonomy":"post_tag","embeddable":true,"href":"http:\/\/blogdalucianaoliveira.com.br\/blog\/wp-json\/wp\/v2\/tags?post=29586"}],"curies":[{"name":"wp","href":"https:\/\/api.w.org\/{rel}","templated":true}]}}