{"id":29589,"date":"2020-08-23T19:25:31","date_gmt":"2020-08-23T23:25:31","guid":{"rendered":"http:\/\/blogdalucianaoliveira.com.br\/blog\/?p=29589"},"modified":"2020-08-23T19:25:41","modified_gmt":"2020-08-23T23:25:41","slug":"vontade-que-tenho-e-encher-sua-boca-de-porrada-diz-bolsonaro-a-jornalista","status":"publish","type":"post","link":"http:\/\/blogdalucianaoliveira.com.br\/blog\/2020\/08\/23\/vontade-que-tenho-e-encher-sua-boca-de-porrada-diz-bolsonaro-a-jornalista\/","title":{"rendered":"&#8216;Vontade que tenho \u00e9 encher sua boca de porrada&#8217;, diz Bolsonaro a jornalista"},"content":{"rendered":"\n<figure class=\"wp-block-image size-large\"><img data-recalc-dims=\"1\" loading=\"lazy\" decoding=\"async\" width=\"600\" height=\"374\" data-attachment-id=\"29590\" data-permalink=\"http:\/\/blogdalucianaoliveira.com.br\/blog\/2020\/08\/23\/vontade-que-tenho-e-encher-sua-boca-de-porrada-diz-bolsonaro-a-jornalista\/image-31-10\/\" data-orig-file=\"https:\/\/i0.wp.com\/blogdalucianaoliveira.com.br\/blog\/wp-content\/uploads\/2020\/08\/image-31.jpeg?fit=610%2C380\" data-orig-size=\"610,380\" data-comments-opened=\"0\" data-image-meta=\"{&quot;aperture&quot;:&quot;0&quot;,&quot;credit&quot;:&quot;&quot;,&quot;camera&quot;:&quot;&quot;,&quot;caption&quot;:&quot;&quot;,&quot;created_timestamp&quot;:&quot;0&quot;,&quot;copyright&quot;:&quot;&quot;,&quot;focal_length&quot;:&quot;0&quot;,&quot;iso&quot;:&quot;0&quot;,&quot;shutter_speed&quot;:&quot;0&quot;,&quot;title&quot;:&quot;&quot;,&quot;orientation&quot;:&quot;0&quot;}\" data-image-title=\"image-31\" data-image-description=\"\" data-image-caption=\"\" data-medium-file=\"https:\/\/i0.wp.com\/blogdalucianaoliveira.com.br\/blog\/wp-content\/uploads\/2020\/08\/image-31.jpeg?fit=300%2C187\" data-large-file=\"https:\/\/i0.wp.com\/blogdalucianaoliveira.com.br\/blog\/wp-content\/uploads\/2020\/08\/image-31.jpeg?fit=600%2C374\" src=\"https:\/\/i0.wp.com\/blogdalucianaoliveira.com.br\/blog\/wp-content\/uploads\/2020\/08\/image-31.jpeg?resize=600%2C374\" alt=\"\" class=\"wp-image-29590\" srcset=\"https:\/\/i0.wp.com\/blogdalucianaoliveira.com.br\/blog\/wp-content\/uploads\/2020\/08\/image-31.jpeg?w=610 610w, https:\/\/i0.wp.com\/blogdalucianaoliveira.com.br\/blog\/wp-content\/uploads\/2020\/08\/image-31.jpeg?resize=300%2C187 300w, https:\/\/i0.wp.com\/blogdalucianaoliveira.com.br\/blog\/wp-content\/uploads\/2020\/08\/image-31.jpeg?resize=482%2C300 482w\" sizes=\"auto, (max-width: 600px) 100vw, 600px\" \/><\/figure>\n\n\n\n<p><strong>247 &#8211;&nbsp;<\/strong>Jair Bolsonaro destratou mais uma vez a imprensa neste domingo (23) ao ser perguntado por um rep\u00f3rter do jornal O Globo sobre os dep\u00f3sitos recebidos pela primeira-dama, Michelle Bolsonaro, do ex-assessor Fabr\u00edcio Queiroz.<\/p>\n\n\n\n<p>Quando questionado, Bolsonaro disparou: &#8220;A vontade que eu tenho \u00e9 de encher sua boca de porrada&#8221;.\u00a0<\/p>\n\n\n\n<p>Jair Bolsonaro fazia uma visita \u00e0 Catedral de Bras\u00edlia quando se irritou.<\/p>\n","protected":false},"excerpt":{"rendered":"<p>247 &#8211;&nbsp;Jair Bolsonaro destratou mais uma vez a imprensa neste domingo (23) ao ser perguntado por um rep\u00f3rter do jornal O Globo sobre os dep\u00f3sitos recebidos pela primeira-dama, Michelle Bolsonaro, do ex-assessor Fabr\u00edcio Queiroz. Quando questionado, Bolsonaro disparou: &#8220;A vontade que eu tenho \u00e9 de encher sua boca de porrada&#8221;.\u00a0 Jair Bolsonaro fazia uma visita&#8230;<a class=\"more-link\" href=\"http:\/\/blogdalucianaoliveira.com.br\/blog\/2020\/08\/23\/vontade-que-tenho-e-encher-sua-boca-de-porrada-diz-bolsonaro-a-jornalista\/\">Continue a leitura <span class=\"meta-nav\">&raquo;<\/span><\/a><\/p>\n","protected":false},"author":1,"featured_media":0,"comment_status":"closed","ping_status":"open","sticky":false,"template":"","format":"standard","meta":{"_exactmetrics_skip_tracking":false,"_exactmetrics_sitenote_active":false,"_exactmetrics_sitenote_note":"","_exactmetrics_sitenote_category":0,"jetpack_post_was_ever_published":false,"_jetpack_newsletter_access":"","_jetpack_dont_email_post_to_subs":false,"_jetpack_newsletter_tier_id":0,"_jetpack_memberships_contains_paywalled_content":false,"_jetpack_memberships_contains_paid_content":false,"footnotes":"","jetpack_publicize_message":"","jetpack_publicize_feature_enabled":true,"jetpack_social_post_already_shared":true,"jetpack_social_options":{"image_generator_settings":{"template":"highway","enabled":false},"version":2}},"categories":[1],"tags":[],"class_list":["post-29589","post","type-post","status-publish","format-standard","hentry","category-notas"],"jetpack_publicize_connections":[],"jetpack_sharing_enabled":true,"jetpack_featured_media_url":"","jetpack_shortlink":"https:\/\/wp.me\/p7wKYW-7Hf","jetpack-related-posts":[],"_links":{"self":[{"href":"http:\/\/blogdalucianaoliveira.com.br\/blog\/wp-json\/wp\/v2\/posts\/29589","targetHints":{"allow":["GET"]}}],"collection":[{"href":"http:\/\/blogdalucianaoliveira.com.br\/blog\/wp-json\/wp\/v2\/posts"}],"about":[{"href":"http:\/\/blogdalucianaoliveira.com.br\/blog\/wp-json\/wp\/v2\/types\/post"}],"author":[{"embeddable":true,"href":"http:\/\/blogdalucianaoliveira.com.br\/blog\/wp-json\/wp\/v2\/users\/1"}],"replies":[{"embeddable":true,"href":"http:\/\/blogdalucianaoliveira.com.br\/blog\/wp-json\/wp\/v2\/comments?post=29589"}],"version-history":[{"count":1,"href":"http:\/\/blogdalucianaoliveira.com.br\/blog\/wp-json\/wp\/v2\/posts\/29589\/revisions"}],"predecessor-version":[{"id":29591,"href":"http:\/\/blogdalucianaoliveira.com.br\/blog\/wp-json\/wp\/v2\/posts\/29589\/revisions\/29591"}],"wp:attachment":[{"href":"http:\/\/blogdalucianaoliveira.com.br\/blog\/wp-json\/wp\/v2\/media?parent=29589"}],"wp:term":[{"taxonomy":"category","embeddable":true,"href":"http:\/\/blogdalucianaoliveira.com.br\/blog\/wp-json\/wp\/v2\/categories?post=29589"},{"taxonomy":"post_tag","embeddable":true,"href":"http:\/\/blogdalucianaoliveira.com.br\/blog\/wp-json\/wp\/v2\/tags?post=29589"}],"curies":[{"name":"wp","href":"https:\/\/api.w.org\/{rel}","templated":true}]}}