{"id":29592,"date":"2020-08-23T19:44:45","date_gmt":"2020-08-23T23:44:45","guid":{"rendered":"http:\/\/blogdalucianaoliveira.com.br\/blog\/?p=29592"},"modified":"2020-08-23T19:44:50","modified_gmt":"2020-08-23T23:44:50","slug":"jornalistas-reagem-a-fala-de-bolsonaro-sobre-agredir-reporter-por-perguntar-de-queiroz","status":"publish","type":"post","link":"http:\/\/blogdalucianaoliveira.com.br\/blog\/2020\/08\/23\/jornalistas-reagem-a-fala-de-bolsonaro-sobre-agredir-reporter-por-perguntar-de-queiroz\/","title":{"rendered":"JORNALISTAS REAGEM \u00c0 FALA DE BOLSONARO SOBRE AGREDIR REP\u00d3RTER POR PERGUNTAR DE QUEIROZ"},"content":{"rendered":"\n<figure class=\"wp-block-image size-large\"><img data-recalc-dims=\"1\" loading=\"lazy\" decoding=\"async\" width=\"600\" height=\"312\" data-attachment-id=\"29593\" data-permalink=\"http:\/\/blogdalucianaoliveira.com.br\/blog\/2020\/08\/23\/jornalistas-reagem-a-fala-de-bolsonaro-sobre-agredir-reporter-por-perguntar-de-queiroz\/image-32-10\/\" data-orig-file=\"https:\/\/i0.wp.com\/blogdalucianaoliveira.com.br\/blog\/wp-content\/uploads\/2020\/08\/image-32.jpeg?fit=999%2C520\" data-orig-size=\"999,520\" data-comments-opened=\"0\" data-image-meta=\"{&quot;aperture&quot;:&quot;0&quot;,&quot;credit&quot;:&quot;&quot;,&quot;camera&quot;:&quot;&quot;,&quot;caption&quot;:&quot;&quot;,&quot;created_timestamp&quot;:&quot;0&quot;,&quot;copyright&quot;:&quot;&quot;,&quot;focal_length&quot;:&quot;0&quot;,&quot;iso&quot;:&quot;0&quot;,&quot;shutter_speed&quot;:&quot;0&quot;,&quot;title&quot;:&quot;&quot;,&quot;orientation&quot;:&quot;0&quot;}\" data-image-title=\"image-32\" data-image-description=\"\" data-image-caption=\"\" data-medium-file=\"https:\/\/i0.wp.com\/blogdalucianaoliveira.com.br\/blog\/wp-content\/uploads\/2020\/08\/image-32.jpeg?fit=300%2C156\" data-large-file=\"https:\/\/i0.wp.com\/blogdalucianaoliveira.com.br\/blog\/wp-content\/uploads\/2020\/08\/image-32.jpeg?fit=600%2C312\" src=\"https:\/\/i0.wp.com\/blogdalucianaoliveira.com.br\/blog\/wp-content\/uploads\/2020\/08\/image-32.jpeg?resize=600%2C312\" alt=\"\" class=\"wp-image-29593\" srcset=\"https:\/\/i0.wp.com\/blogdalucianaoliveira.com.br\/blog\/wp-content\/uploads\/2020\/08\/image-32.jpeg?w=999 999w, https:\/\/i0.wp.com\/blogdalucianaoliveira.com.br\/blog\/wp-content\/uploads\/2020\/08\/image-32.jpeg?resize=300%2C156 300w, https:\/\/i0.wp.com\/blogdalucianaoliveira.com.br\/blog\/wp-content\/uploads\/2020\/08\/image-32.jpeg?resize=768%2C400 768w, https:\/\/i0.wp.com\/blogdalucianaoliveira.com.br\/blog\/wp-content\/uploads\/2020\/08\/image-32.jpeg?resize=576%2C300 576w\" sizes=\"auto, (max-width: 600px) 100vw, 600px\" \/><\/figure>\n\n\n\n<p>O  Cafezinho &#8211; Jornalistas e personalidades brasileiras p\u00fablicas reagiram \u00e0 fala de Jair Bolsonaro de que gostaria de\u00a0<a href=\"https:\/\/www.ocafezinho.com\/2020\/08\/23\/bolsonaro-reporter-boca-porrada\/\">\u201cencher de porrada\u201d<\/a>\u00a0a boca de um rep\u00f3rter por este lhe perguntar sobre os\u00a0<a href=\"https:\/\/www.ocafezinho.com\/2020\/08\/07\/queiroz-cheques-conta-michelle-bolsonaro-2011\/\">dep\u00f3sitos de Fabr\u00edcio Queiroz na conta da primeira-dama Michelle Bolsonaro<\/a>.<\/p>\n\n\n\n<!--more-->\n\n\n\n<p>Fabr\u00edcio Queiroz, segundo a revista Cruso\u00e9, teria depositado pelo menos R$ 89 mil reais na conta de Michelle.<\/p>\n\n\n\n<p>Jornalistas como Amanda Audi, Marina Lang, Andr\u00e9ia Sadi, Marcelo Lins, Andr\u00e9 Rizek, al\u00e9m de personalidades como a cartunista Laerte, o presidente do PPS Roberto Freire, a deputada federal L\u00eddice da Mata, o comediante Greg\u00f3rio Duvivier e a apresentadora Titi M\u00fcller ajudaram a subir a hashtag aos trending topics do Twitter.<\/p>\n\n\n\n<p>Em editorial, o jornal&nbsp;<a href=\"https:\/\/oglobo.globo.com\/brasil\/o-globo-repudia-ataque-do-presidente-jair-bolsonaro-reporter-do-jornal-24602186\">O Globo<\/a>&nbsp;repudiou as manifesta\u00e7\u00f5es do presidente, a quem acusou de \u201cdesconsiderar o dever do servidor p\u00fablico\u201d.<\/p>\n\n\n\n<p>Leia abaixo algumas das publica\u00e7\u00f5es.<\/p>\n\n\n\n<figure class=\"wp-block-embed-twitter wp-block-embed is-type-rich is-provider-twitter\"><div class=\"wp-block-embed__wrapper\">\n<blockquote class=\"twitter-tweet\" data-width=\"550\" data-dnt=\"true\"><p lang=\"pt\" dir=\"ltr\">Presidente <a href=\"https:\/\/twitter.com\/jairbolsonaro?ref_src=twsrc%5Etfw\">@jairbolsonaro<\/a>, por que sua esposa, a primeira-dama Michelle, recebeu R$ 89 mil de Fabr\u00edcio Queiroz e senhora?<\/p>&mdash; Carlos Andreazza (@andreazzaeditor) <a href=\"https:\/\/twitter.com\/andreazzaeditor\/status\/1297653421776961538?ref_src=twsrc%5Etfw\">August 23, 2020<\/a><\/blockquote><script async src=\"https:\/\/platform.twitter.com\/widgets.js\" charset=\"utf-8\"><\/script>\n<\/div><\/figure>\n\n\n\n<figure class=\"wp-block-embed-twitter wp-block-embed is-type-rich is-provider-twitter\"><div class=\"wp-block-embed__wrapper\">\n<blockquote class=\"twitter-tweet\" data-width=\"550\" data-dnt=\"true\"><p lang=\"pt\" dir=\"ltr\">Sr presidente <a href=\"https:\/\/twitter.com\/jairbolsonaro?ref_src=twsrc%5Etfw\">@jairbolsonaro<\/a>, por que sua esposa Michelle recebeu R$ 89 mil de Fabr\u00edcio Queiroz?<\/p>&mdash; Caio Blinder (@caioblinder) <a href=\"https:\/\/twitter.com\/caioblinder\/status\/1297659457770524676?ref_src=twsrc%5Etfw\">August 23, 2020<\/a><\/blockquote><script async src=\"https:\/\/platform.twitter.com\/widgets.js\" charset=\"utf-8\"><\/script>\n<\/div><\/figure>\n\n\n\n<figure class=\"wp-block-embed-twitter wp-block-embed is-type-rich is-provider-twitter\"><div class=\"wp-block-embed__wrapper\">\n<blockquote class=\"twitter-tweet\" data-width=\"550\" data-dnt=\"true\"><p lang=\"pt\" dir=\"ltr\">Mas, afinal, por que a esposa do presidente da rep\u00fablica recebeu 89 mil reais de Fabr\u00edcio Queiroz? E por que essa pergunta, t\u00e3o simples, faz um chefe de estado perder completamente o decoro? Basta explicar. Por que?<\/p>&mdash; Andr\u00e9 Rizek (@andrizek) <a href=\"https:\/\/twitter.com\/andrizek\/status\/1297660708868562945?ref_src=twsrc%5Etfw\">August 23, 2020<\/a><\/blockquote><script async src=\"https:\/\/platform.twitter.com\/widgets.js\" charset=\"utf-8\"><\/script>\n<\/div><\/figure>\n\n\n\n<figure class=\"wp-block-embed-twitter wp-block-embed is-type-rich is-provider-twitter\"><div class=\"wp-block-embed__wrapper\">\n<blockquote class=\"twitter-tweet\" data-width=\"550\" data-dnt=\"true\"><p lang=\"pt\" dir=\"ltr\">Presidente <a href=\"https:\/\/twitter.com\/jairbolsonaro?ref_src=twsrc%5Etfw\">@jairbolsonaro<\/a>, por que sua esposa, Michelle, recebeu o valor equivalente a 18 Fiat Elba Weekend 1992 de Fabr\u00edcio Queiroz?<\/p>&mdash; Jeff Nascimento (@jnascim) <a href=\"https:\/\/twitter.com\/jnascim\/status\/1297664968343552009?ref_src=twsrc%5Etfw\">August 23, 2020<\/a><\/blockquote><script async src=\"https:\/\/platform.twitter.com\/widgets.js\" charset=\"utf-8\"><\/script>\n<\/div><\/figure>\n\n\n\n<figure class=\"wp-block-embed-twitter wp-block-embed is-type-rich is-provider-twitter\"><div class=\"wp-block-embed__wrapper\">\n<blockquote class=\"twitter-tweet\" data-width=\"550\" data-dnt=\"true\"><p lang=\"pt\" dir=\"ltr\">Presidente <a href=\"https:\/\/twitter.com\/jairbolsonaro?ref_src=twsrc%5Etfw\">@jairbolsonaro<\/a>, por que sua esposa Michelle recebeu R$ 89 mil de Fabr\u00edcio Queiroz?<\/p>&mdash; titi m\u00fcller (@titimuller) <a href=\"https:\/\/twitter.com\/titimuller\/status\/1297663543802814468?ref_src=twsrc%5Etfw\">August 23, 2020<\/a><\/blockquote><script async src=\"https:\/\/platform.twitter.com\/widgets.js\" charset=\"utf-8\"><\/script>\n<\/div><\/figure>\n","protected":false},"excerpt":{"rendered":"<p>O Cafezinho &#8211; Jornalistas e personalidades brasileiras p\u00fablicas reagiram \u00e0 fala de Jair Bolsonaro de que gostaria de\u00a0\u201cencher de porrada\u201d\u00a0a boca de um rep\u00f3rter por este lhe perguntar sobre os\u00a0dep\u00f3sitos de Fabr\u00edcio Queiroz na conta da primeira-dama Michelle Bolsonaro.<\/p>\n","protected":false},"author":1,"featured_media":0,"comment_status":"closed","ping_status":"open","sticky":false,"template":"","format":"standard","meta":{"_exactmetrics_skip_tracking":false,"_exactmetrics_sitenote_active":false,"_exactmetrics_sitenote_note":"","_exactmetrics_sitenote_category":0,"jetpack_post_was_ever_published":false,"_jetpack_newsletter_access":"","_jetpack_dont_email_post_to_subs":false,"_jetpack_newsletter_tier_id":0,"_jetpack_memberships_contains_paywalled_content":false,"_jetpack_memberships_contains_paid_content":false,"footnotes":"","jetpack_publicize_message":"","jetpack_publicize_feature_enabled":true,"jetpack_social_post_already_shared":true,"jetpack_social_options":{"image_generator_settings":{"template":"highway","enabled":false},"version":2}},"categories":[1],"tags":[],"class_list":["post-29592","post","type-post","status-publish","format-standard","hentry","category-notas"],"jetpack_publicize_connections":[],"jetpack_sharing_enabled":true,"jetpack_featured_media_url":"","jetpack_shortlink":"https:\/\/wp.me\/p7wKYW-7Hi","jetpack-related-posts":[],"_links":{"self":[{"href":"http:\/\/blogdalucianaoliveira.com.br\/blog\/wp-json\/wp\/v2\/posts\/29592","targetHints":{"allow":["GET"]}}],"collection":[{"href":"http:\/\/blogdalucianaoliveira.com.br\/blog\/wp-json\/wp\/v2\/posts"}],"about":[{"href":"http:\/\/blogdalucianaoliveira.com.br\/blog\/wp-json\/wp\/v2\/types\/post"}],"author":[{"embeddable":true,"href":"http:\/\/blogdalucianaoliveira.com.br\/blog\/wp-json\/wp\/v2\/users\/1"}],"replies":[{"embeddable":true,"href":"http:\/\/blogdalucianaoliveira.com.br\/blog\/wp-json\/wp\/v2\/comments?post=29592"}],"version-history":[{"count":1,"href":"http:\/\/blogdalucianaoliveira.com.br\/blog\/wp-json\/wp\/v2\/posts\/29592\/revisions"}],"predecessor-version":[{"id":29594,"href":"http:\/\/blogdalucianaoliveira.com.br\/blog\/wp-json\/wp\/v2\/posts\/29592\/revisions\/29594"}],"wp:attachment":[{"href":"http:\/\/blogdalucianaoliveira.com.br\/blog\/wp-json\/wp\/v2\/media?parent=29592"}],"wp:term":[{"taxonomy":"category","embeddable":true,"href":"http:\/\/blogdalucianaoliveira.com.br\/blog\/wp-json\/wp\/v2\/categories?post=29592"},{"taxonomy":"post_tag","embeddable":true,"href":"http:\/\/blogdalucianaoliveira.com.br\/blog\/wp-json\/wp\/v2\/tags?post=29592"}],"curies":[{"name":"wp","href":"https:\/\/api.w.org\/{rel}","templated":true}]}}