{"id":29595,"date":"2020-08-24T09:55:33","date_gmt":"2020-08-24T13:55:33","guid":{"rendered":"http:\/\/blogdalucianaoliveira.com.br\/blog\/?p=29595"},"modified":"2020-08-24T09:55:49","modified_gmt":"2020-08-24T13:55:49","slug":"marcia-tiburi-ameaca-de-bolsonaro-contra-jornalista-e-um-ato-de-governo","status":"publish","type":"post","link":"http:\/\/blogdalucianaoliveira.com.br\/blog\/2020\/08\/24\/marcia-tiburi-ameaca-de-bolsonaro-contra-jornalista-e-um-ato-de-governo\/","title":{"rendered":"M\u00e1rcia Tiburi: amea\u00e7a de Bolsonaro contra jornalista \u00e9 um ato de governo"},"content":{"rendered":"\n<figure class=\"wp-block-image\"><img data-recalc-dims=\"1\" decoding=\"async\" src=\"https:\/\/i0.wp.com\/publisher-publish.s3.eu-central-1.amazonaws.com\/pb-brasil247\/swp\/jtjeq9\/media\/20200717190740_53800c6c65adcee5ae449f4e4933a5d1c59b9da6894824065784872e230feba6.jpeg?w=600&#038;ssl=1\" alt=\"Marcia Tiburi e Jair Bolsonaro\"\/><\/figure>\n\n\n\n<p><strong>247\u00a0<\/strong>&#8211; A fil\u00f3sofa e escritora M\u00e1rcia Tiburi definiu como \u201cum ato de governo\u201d a\u00a0<a rel=\"noreferrer noopener\" target=\"_blank\" href=\"https:\/\/www.brasil247.com\/brasil\/vontade-que-tenho-e-encher-sua-boca-de-porrada-diz-bolsonaro-a-jornalista\">agress\u00e3o de Jair Bolsonaro<\/a>\u00a0a um rep\u00f3rter do jornal O Globo neste domingo (23).<br><\/p>\n\n\n\n<!--more-->\n\n\n\n<p>Bolsonaro disse querer \u201cencher a cara de porrada\u201d ao jornalista, depois de questionado sobre dep\u00f3sitos feitos pelo ex-assessor da fam\u00edlia, Fabr\u00edcio Queiroz, \u00e0 primeira-dama, Michelle Bolsonaro. \u201cSeu safado\u201d, completou Bolsonaro (<a target=\"_blank\" rel=\"noreferrer noopener\" href=\"https:\/\/www.brasil247.com\/regionais\/brasilia\/veja-o-momento-em-que-bolsonaro-agride-jornalista-vontade-de-encher-sua-boca-de-porrada\">confira o v\u00eddeo<\/a>).<\/p>\n\n\n\n<p>\u201cBolsonaro passou da amea\u00e7a cute (sinal de arminha durante a campanha) para uma amea\u00e7a mais densa: \u2018encher a cara de porrada\u2019 de uma jornalista. E isso \u00e9 um ato de governo\u201d, reagiu M\u00e1rcia Tiburi no Twitter.<br><\/p>\n\n\n\n<figure class=\"wp-block-embed-twitter wp-block-embed is-type-rich is-provider-twitter\"><div class=\"wp-block-embed__wrapper\">\nhttps:\/\/twitter.com\/marciatiburi\/status\/1297620485409185792?s=20\n<\/div><\/figure>\n","protected":false},"excerpt":{"rendered":"<p>247\u00a0&#8211; A fil\u00f3sofa e escritora M\u00e1rcia Tiburi definiu como \u201cum ato de governo\u201d a\u00a0agress\u00e3o de Jair Bolsonaro\u00a0a um rep\u00f3rter do jornal O Globo neste domingo (23).<\/p>\n","protected":false},"author":1,"featured_media":0,"comment_status":"closed","ping_status":"open","sticky":false,"template":"","format":"standard","meta":{"_exactmetrics_skip_tracking":false,"_exactmetrics_sitenote_active":false,"_exactmetrics_sitenote_note":"","_exactmetrics_sitenote_category":0,"jetpack_post_was_ever_published":false,"_jetpack_newsletter_access":"","_jetpack_dont_email_post_to_subs":false,"_jetpack_newsletter_tier_id":0,"_jetpack_memberships_contains_paywalled_content":false,"_jetpack_memberships_contains_paid_content":false,"footnotes":"","jetpack_publicize_message":"","jetpack_publicize_feature_enabled":true,"jetpack_social_post_already_shared":true,"jetpack_social_options":{"image_generator_settings":{"template":"highway","enabled":false},"version":2}},"categories":[1],"tags":[],"class_list":["post-29595","post","type-post","status-publish","format-standard","hentry","category-notas"],"jetpack_publicize_connections":[],"jetpack_sharing_enabled":true,"jetpack_featured_media_url":"","jetpack_shortlink":"https:\/\/wp.me\/p7wKYW-7Hl","jetpack-related-posts":[],"_links":{"self":[{"href":"http:\/\/blogdalucianaoliveira.com.br\/blog\/wp-json\/wp\/v2\/posts\/29595","targetHints":{"allow":["GET"]}}],"collection":[{"href":"http:\/\/blogdalucianaoliveira.com.br\/blog\/wp-json\/wp\/v2\/posts"}],"about":[{"href":"http:\/\/blogdalucianaoliveira.com.br\/blog\/wp-json\/wp\/v2\/types\/post"}],"author":[{"embeddable":true,"href":"http:\/\/blogdalucianaoliveira.com.br\/blog\/wp-json\/wp\/v2\/users\/1"}],"replies":[{"embeddable":true,"href":"http:\/\/blogdalucianaoliveira.com.br\/blog\/wp-json\/wp\/v2\/comments?post=29595"}],"version-history":[{"count":1,"href":"http:\/\/blogdalucianaoliveira.com.br\/blog\/wp-json\/wp\/v2\/posts\/29595\/revisions"}],"predecessor-version":[{"id":29596,"href":"http:\/\/blogdalucianaoliveira.com.br\/blog\/wp-json\/wp\/v2\/posts\/29595\/revisions\/29596"}],"wp:attachment":[{"href":"http:\/\/blogdalucianaoliveira.com.br\/blog\/wp-json\/wp\/v2\/media?parent=29595"}],"wp:term":[{"taxonomy":"category","embeddable":true,"href":"http:\/\/blogdalucianaoliveira.com.br\/blog\/wp-json\/wp\/v2\/categories?post=29595"},{"taxonomy":"post_tag","embeddable":true,"href":"http:\/\/blogdalucianaoliveira.com.br\/blog\/wp-json\/wp\/v2\/tags?post=29595"}],"curies":[{"name":"wp","href":"https:\/\/api.w.org\/{rel}","templated":true}]}}