{"id":29599,"date":"2020-08-24T10:03:46","date_gmt":"2020-08-24T14:03:46","guid":{"rendered":"http:\/\/blogdalucianaoliveira.com.br\/blog\/?p=29599"},"modified":"2020-08-24T10:03:50","modified_gmt":"2020-08-24T14:03:50","slug":"por-que-michelle-recebeu-r-89-mil-de-fabricio-queiroz","status":"publish","type":"post","link":"http:\/\/blogdalucianaoliveira.com.br\/blog\/2020\/08\/24\/por-que-michelle-recebeu-r-89-mil-de-fabricio-queiroz\/","title":{"rendered":"POR QUE MICHELLE RECEBEU R$ 89 MIL DE FABR\u00cdCIO QUEIROZ?"},"content":{"rendered":"\n<figure class=\"wp-block-image\"><img data-recalc-dims=\"1\" decoding=\"async\" src=\"https:\/\/i0.wp.com\/ogimg.infoglobo.com.br\/epoca\/24597631-0f5-046\/FT1086A\/652\/x88044969_PA-Brasilia-BSB-05-05-2020-Presidente-JAir-Bolsonaro-chega-ao-Palacio-da-Alvorada-e-fal.jpg.pagespeed.ic.-5KDeyvTrX.jpg?w=600&#038;ssl=1\" alt=\"Senador da oposi\u00e7\u00e3o vai \u00e0 OEA por amea\u00e7a de Bolsonaro a jornalista ...\"\/><\/figure>\n\n\n\n<p><\/p>\n\n\n\n<p>Canal Meio &#8211; \u201cVontade de encher sua boca de porrada, seu safado.\u201d Foi a resposta que o presidente Jair Bolsonaro deu a um rep\u00f3rter do di\u00e1rio\u00a0<em>O Globo<\/em>\u00a0que lhe perguntou ontem\u00a0<a href=\"https:\/\/www.poder360.com.br\/governo\/vontade-de-encher-sua-boca-de-porrada-diz-bolsonaro-a-reporter\/\">a respeito dos dep\u00f3sitos<\/a>\u00a0feitos pelo ex-chefe de gabinete do filho Zero Um, Fabr\u00edcio Queiroz, na conta da primeira-dama, Michelle Bolsonaro. <\/p>\n\n\n\n<!--more-->\n\n\n\n<p>\u201cPresidente, por que a sua esposa recebeu R$ 89 mil do Fabricio Queiroz?\u201d, lhe perguntou o jornalista. Bolsonaro fez que n\u00e3o iria responder \u00e0 imprensa, o rep\u00f3rter insistiu. \u201cPor que foi acima dos R$ 40.000 que o senhor tinha dito?\u201d Outro, da\u00a0<em>TV Globo<\/em>, emendou \u2014 \u201cE os dep\u00f3sitos seguidos na conta da empresa do Fl\u00e1vio, presidente? O senhor tinha conhecimento?\u201d Queiroz depositou R$ 72 mil na conta de Michelle e sua mulher, M\u00e1rcia, repassou outros R$ 17 mil. Os n\u00fameros foram levantados pelo Minist\u00e9rio P\u00fablico do Rio, que investiga o esquema de rachadinha no gabinete de Fl\u00e1vio Bolsonaro na Assembleia Legislativa. Ao amea\u00e7ar o jornalista, Bolsonaro estava a caminho da Catedral de Bras\u00edlia. (Poder 360)<\/p>\n\n\n\n<p><strong>As redes sociais explodiram.<\/strong>&nbsp;Artistas, influenciadores, jornalistas, pol\u00edticos \u2014 gente de todo tipo republicou, no Twitter, a pergunta do rep\u00f3rter.&nbsp;<em>Presidente @jairbolsonaro,&nbsp;<a href=\"https:\/\/blogs.oglobo.globo.com\/sonar-a-escuta-das-redes\/post\/por-que-sua-esposa-michelle-recebeu-r-89-mil-de-queiroz-internautas-repetem-pergunta-apos-bolsonaro-atacar-reporter-do-globo.html\">por que<\/a>&nbsp;sua esposa Michelle recebeu R$ 89 mil de Fabr\u00edcio Queiroz?<\/em>. (Globo)<\/p>\n\n\n\n<p><strong>Lauro Jardim pin\u00e7ou em particular<\/strong>&nbsp;a fala do governador paulista, Jo\u00e3o Doria: \u201cBolsonaro&nbsp;<a href=\"https:\/\/blogs.oglobo.globo.com\/lauro-jardim\/post\/doria-bolsonaro-voltou-ser-bolsonaro.html\">voltou a ser<\/a>&nbsp;Bolsonaro.\u201d (Globo)<\/p>\n\n\n\n<p><strong>O presidente da OAB<\/strong>, Felipe Santa Cruz, seguiu pelo mesmo caminho. \u201cO presidente&nbsp;<a href=\"https:\/\/twitter.com\/felipeoabrj\/status\/1297656504691163137\">vinha muito bem<\/a>&nbsp;nas \u00faltimas semanas. Com sua modera\u00e7\u00e3o estava contribuindo para a pacifica\u00e7\u00e3o do debate p\u00fablico. Lament\u00e1vel ver a volta do perfil autorit\u00e1rio que tanta apreens\u00e3o causa nos democratas.\u201d (Twitter)<\/p>\n\n\n\n<p><strong>Mas nem todos os pol\u00edticos<\/strong>&nbsp;se manifestaram. No Centr\u00e3o,&nbsp;<a href=\"ttps:\/\/www1.folha.uol.com.br\/colunas\/painel\/2020\/08\/centrao-silencia-sobre-ataque-de-bolsonaro-a-imprensa.shtml\">sil\u00eancio<\/a>. Ouvidos pela coluna&nbsp;<em>Painel<\/em>, evitaram o tema. Consideram que foi uma reca\u00edda do presidente que n\u00e3o ter\u00e1 reflexos. (Folha)<\/p>\n\n\n\n<p><strong>At\u00e9 o fechamento<\/strong>&nbsp;desta edi\u00e7\u00e3o do&nbsp;<em>Meio<\/em>, o presidente ainda n\u00e3o respondeu \u00e0 pergunta. \u00c9 obriga\u00e7\u00e3o de funcion\u00e1rios p\u00fablicos este tipo de transpar\u00eancia a respeito de dinheiro il\u00edcito.<\/p>\n\n\n\n<p><\/p>\n","protected":false},"excerpt":{"rendered":"<p>Canal Meio &#8211; \u201cVontade de encher sua boca de porrada, seu safado.\u201d Foi a resposta que o presidente Jair Bolsonaro deu a um rep\u00f3rter do di\u00e1rio\u00a0O Globo\u00a0que lhe perguntou ontem\u00a0a respeito dos dep\u00f3sitos\u00a0feitos pelo ex-chefe de gabinete do filho Zero Um, Fabr\u00edcio Queiroz, na conta da primeira-dama, Michelle Bolsonaro.<\/p>\n","protected":false},"author":1,"featured_media":0,"comment_status":"closed","ping_status":"open","sticky":false,"template":"","format":"standard","meta":{"_exactmetrics_skip_tracking":false,"_exactmetrics_sitenote_active":false,"_exactmetrics_sitenote_note":"","_exactmetrics_sitenote_category":0,"jetpack_post_was_ever_published":false,"_jetpack_newsletter_access":"","_jetpack_dont_email_post_to_subs":false,"_jetpack_newsletter_tier_id":0,"_jetpack_memberships_contains_paywalled_content":false,"_jetpack_memberships_contains_paid_content":false,"footnotes":"","jetpack_publicize_message":"","jetpack_publicize_feature_enabled":true,"jetpack_social_post_already_shared":true,"jetpack_social_options":{"image_generator_settings":{"template":"highway","enabled":false},"version":2}},"categories":[1],"tags":[],"class_list":["post-29599","post","type-post","status-publish","format-standard","hentry","category-notas"],"jetpack_publicize_connections":[],"jetpack_sharing_enabled":true,"jetpack_featured_media_url":"","jetpack_shortlink":"https:\/\/wp.me\/p7wKYW-7Hp","jetpack-related-posts":[],"_links":{"self":[{"href":"http:\/\/blogdalucianaoliveira.com.br\/blog\/wp-json\/wp\/v2\/posts\/29599","targetHints":{"allow":["GET"]}}],"collection":[{"href":"http:\/\/blogdalucianaoliveira.com.br\/blog\/wp-json\/wp\/v2\/posts"}],"about":[{"href":"http:\/\/blogdalucianaoliveira.com.br\/blog\/wp-json\/wp\/v2\/types\/post"}],"author":[{"embeddable":true,"href":"http:\/\/blogdalucianaoliveira.com.br\/blog\/wp-json\/wp\/v2\/users\/1"}],"replies":[{"embeddable":true,"href":"http:\/\/blogdalucianaoliveira.com.br\/blog\/wp-json\/wp\/v2\/comments?post=29599"}],"version-history":[{"count":1,"href":"http:\/\/blogdalucianaoliveira.com.br\/blog\/wp-json\/wp\/v2\/posts\/29599\/revisions"}],"predecessor-version":[{"id":29600,"href":"http:\/\/blogdalucianaoliveira.com.br\/blog\/wp-json\/wp\/v2\/posts\/29599\/revisions\/29600"}],"wp:attachment":[{"href":"http:\/\/blogdalucianaoliveira.com.br\/blog\/wp-json\/wp\/v2\/media?parent=29599"}],"wp:term":[{"taxonomy":"category","embeddable":true,"href":"http:\/\/blogdalucianaoliveira.com.br\/blog\/wp-json\/wp\/v2\/categories?post=29599"},{"taxonomy":"post_tag","embeddable":true,"href":"http:\/\/blogdalucianaoliveira.com.br\/blog\/wp-json\/wp\/v2\/tags?post=29599"}],"curies":[{"name":"wp","href":"https:\/\/api.w.org\/{rel}","templated":true}]}}