{"id":29603,"date":"2020-08-24T10:24:07","date_gmt":"2020-08-24T14:24:07","guid":{"rendered":"http:\/\/blogdalucianaoliveira.com.br\/blog\/?p=29603"},"modified":"2020-08-24T10:24:16","modified_gmt":"2020-08-24T14:24:16","slug":"queimadas-no-periodo-de-estiagem-saiba-quais-sao-as-principais-consequencias-desse-ato-criminoso","status":"publish","type":"post","link":"http:\/\/blogdalucianaoliveira.com.br\/blog\/2020\/08\/24\/queimadas-no-periodo-de-estiagem-saiba-quais-sao-as-principais-consequencias-desse-ato-criminoso\/","title":{"rendered":"Queimadas no per\u00edodo de estiagem: saiba quais s\u00e3o as principais consequ\u00eancias desse ato criminoso"},"content":{"rendered":"\n<figure class=\"wp-block-image\"><img data-recalc-dims=\"1\" height=\"450\" width=\"600\" decoding=\"async\" src=\"https:\/\/i0.wp.com\/sagresonline.com.br\/wp-content\/uploads\/2020\/08\/WhatsApp-Image-2020-08-22-at-17.28.11-1068x801.jpeg?resize=600%2C450&#038;ssl=1\" alt=\"\"\/><\/figure>\n\n\n\n<p> A possibilidade de inc\u00eandios florestais, aumenta com o per\u00edodo de estiagem devido as condi\u00e7\u00f5es clim\u00e1ticas. A explica\u00e7\u00e3o para este aumento de ocorr\u00eancias est\u00e1 relacionada com as altas temperaturas e baixo volume de chuvas que favorecem os inc\u00eandios na vegeta\u00e7\u00e3o. <\/p>\n\n\n\n<!--more-->\n\n\n\n<p><strong>Sagres Online, por Paloma Rabello<\/strong><\/p>\n\n\n\n<p>O tempo de baixa umidade requer uma s\u00e9rie de cuidados com o meio ambiente. A ge\u00f3grafa, especialista em Geoprocessamento e professora da Universidade Federal de Goi\u00e1s (UFG), explicou que a intensifica\u00e7\u00e3o das queimadas pelo homem, pode gerar a degrada\u00e7\u00e3o do ambiente, esgotamento das terras, eros\u00e3o, perda da biodiversidade do cerrado e v\u00e1rios outros danos. <\/p>\n\n\n\n<p>\u201cSe voc\u00ea queima repetidamente o solo do cerrado, como vemos todos os anos, n\u00e3o d\u00e1 tempo da vegeta\u00e7\u00e3o se regenerar e se renovar, isso traz consequ\u00eancias tanto para flora como para fauna\u201d, explicou a especialista. Outra consequ\u00eancia das queimadas e a emiss\u00e3o de gases com a queima da vegeta\u00e7\u00e3o. Segundo a professora, no momento dos inc\u00eandios florestais s\u00e3o liberados gases como o carb\u00f4nico, metano e mon\u00f3xido de carbono que v\u00e3o para a atmosfera e aceleram o processo de aquecimento global, modificando a regulariza\u00e7\u00e3o clim\u00e1tica. \u201cA vegeta\u00e7\u00e3o do cerrado armazena muitos desses gases, \u00e9 como um sumidouro que capta isso naturalmente da atmosfera. Quando as pessoas queimam o cerrado, todos os gases que est\u00e3o armazenados acabam sendo liberados\u201d, explicou. <\/p>\n\n\n\n<figure class=\"wp-block-image\"><img data-recalc-dims=\"1\" decoding=\"async\" src=\"https:\/\/i0.wp.com\/sagresonline.com.br\/wp-content\/uploads\/2020\/08\/WhatsApp-Image-2020-08-22-at-17.28.10-1.jpeg?w=600&#038;ssl=1\" alt=\"\"\/><\/figure>\n\n\n\n<p>Foto: Assessoria de Comunica\u00e7\u00e3o dos Bombeiros de Goi\u00e1s <\/p>\n\n\n\n<p>Uma das grandes causadoras das queimadas \u00e9 a agropecu\u00e1ria, pois esse \u00e9 um ato que gera pouco custo para o preparo inicial do solo. Mas essa pr\u00e1tica pode vir a prejudicar essa \u00e1rea da economia segundo a ge\u00f3grafa.<\/p>\n\n\n\n<p> \u201cO solo vai perdendo mat\u00e9ria org\u00e2nica, ao contr\u00e1rio de uma tradi\u00e7\u00e3o que diz que com o resto da queima o solo fica adubado, isso n\u00e3o se sustenta, porque se perde microrganismos com o fogo e muitos elementos importantes do solo. O agroneg\u00f3cio \u00e9 prejudicado, pois essa pr\u00e1tica resulta em terras menos f\u00e9rteis ao longo do tempo\u201d. <\/p>\n\n\n\n<p>A especialista explicou que a perda da vegeta\u00e7\u00e3o contribui para as altera\u00e7\u00f5es dos regimes de chuvas. \u201cA gente vai perdendo essa quest\u00e3o da qualidade h\u00eddrica e tamb\u00e9m da regula\u00e7\u00e3o clim\u00e1tica\u201d, declarou. Para a professora a conscientiza\u00e7\u00e3o dos cidad\u00e3os, s\u00f3 vir\u00e1 atrav\u00e9s da educa\u00e7\u00e3o ambiental e de fiscaliza\u00e7\u00e3o. <\/p>\n\n\n\n<p>\u201c\u00c9 preciso levar informa\u00e7\u00e3o at\u00e9 as pessoas, mostrar aos pequenos produtores que existem outras alternativas al\u00e9m do fogo, mostrar que atitudes simples com evitar jogar resto de cigarro dos ve\u00edculos pode evitar os inc\u00eandios nas rodovias. Devemos associar esse servi\u00e7o de educa\u00e7\u00e3o a fiscaliza\u00e7\u00e3o e com penalidades reais, para que as pessoas pensem muito antes de fazer um ato criminoso de queimada\u201d, afirmou a professora. Queimadas em Goi\u00e1s em 2020 O tenente do Corpo de Bombeiros de Aparecida de Goi\u00e2nia e oficial de informa\u00e7\u00f5es p\u00fablicas da Opera\u00e7\u00e3o Cerrado Vivo, Tiago Rodrigues de Oliveira, explicou que o n\u00famero de queimadas, at\u00e9 o momento, \u00e9 relativo se comparado com o ano de 2019. Segundo ele houveram meses de alta e baixa. \u201cNo m\u00eas de maio ouve um aumento de 25%, j\u00e1 em junho, se comparado com 2019, uma diminui\u00e7\u00e3o de 16% e em julho as queimadas voltaram a aumentar. Atualmente estamos fechando o m\u00eas de agosto, temos aproximadamente mil ocorr\u00eancias atendidas, de inc\u00eandio florestal. Totalizando no ano de 2020 quase cinco mil ocorr\u00eancias atendidas pelo Corpo de Bombeiros\u201d, explicou o tenente.<\/p>\n\n\n\n<figure class=\"wp-block-image\"><img data-recalc-dims=\"1\" decoding=\"async\" src=\"https:\/\/i0.wp.com\/sagresonline.com.br\/wp-content\/uploads\/2020\/08\/WhatsApp-Image-2020-08-22-at-17.28.10.jpeg?w=600&#038;ssl=1\" alt=\"\"\/><\/figure>\n\n\n\n<p> De acordo com dados da Opera\u00e7\u00e3o Cerrado Vivo, a maioria dos inc\u00eandios florestais s\u00e3o causados por a\u00e7\u00e3o humana. O tenente ressaltou que o ato de atear fogo ou queimar lixo em lotes baldios \u00e9 crime. \u201cO crime de polui\u00e7\u00e3o, prev\u00ea pena de reclus\u00e3o de um a quatro anos, mais multa para os casos mais graves\u201d, afirmou. <\/p>\n\n\n\n<p>Opera\u00e7\u00e3o Cerrado Vivo<\/p>\n\n\n\n<figure class=\"wp-block-image\"><img data-recalc-dims=\"1\" decoding=\"async\" src=\"https:\/\/i0.wp.com\/sagresonline.com.br\/wp-content\/uploads\/2020\/08\/WhatsApp-Image-2020-08-01-at-09.55.22-1068x505-1.jpeg?w=600&#038;ssl=1\" alt=\"\"\/><\/figure>\n\n\n\n<p>\n\nA Opera\u00e7\u00e3o Cerrado Vivo teve in\u00edcio em fevereiro de 2020 e ser\u00e1 finalizada em dezembro deste ano com um relat\u00f3rio. Segundo o tenente Tiago Rodrigues, a opera\u00e7\u00e3o tem duas fases, a primeira \u00e9 de conscientiza\u00e7\u00e3o da popula\u00e7\u00e3o, que segue at\u00e9 o in\u00edcio de junho, e a segunda de combate \u00e0s chamas. \u201cA primeira fase \u00e9 preventiva, se consiste em um de trabalho com a popula\u00e7\u00e3o em rela\u00e7\u00e3o aos crimes ambientais e todos os efeitos causados \u200b\u200bpelas queimadas no nosso ecossistema, tanto na fauna como na Flora, \u00e9 um trabalho preventivo e orientativo\u201d, contou. Palloma Rab\u00eallo \u00e9 estagi\u00e1ria do Sistema Sagres de Comunica\u00e7\u00e3o, em parceria com o IPHAC e a PUC Goi\u00e1s sob supervis\u00e3o do jornalista Tandara Reis.<\/p>\n\n\n\n<p>Fonte: Sagres Online.&nbsp;<a href=\"https:\/\/sagresonline.com.br\/queimadas-no-periodo-de-estiagem-saiba-quais-sao-as-principais-consequencias-desse-ato-criminoso\/\">https:\/\/sagresonline.com.br\/queimadas-no-periodo-de-estiagem-saiba-quais-sao-as-principais-consequencias-desse-ato-criminoso\/<\/a>&nbsp;.\n\n<\/p>\n","protected":false},"excerpt":{"rendered":"<p>A possibilidade de inc\u00eandios florestais, aumenta com o per\u00edodo de estiagem devido as condi\u00e7\u00f5es clim\u00e1ticas. A explica\u00e7\u00e3o para este aumento de ocorr\u00eancias est\u00e1 relacionada com as altas temperaturas e baixo volume de chuvas que favorecem os inc\u00eandios na vegeta\u00e7\u00e3o.<\/p>\n","protected":false},"author":1,"featured_media":0,"comment_status":"closed","ping_status":"open","sticky":false,"template":"","format":"standard","meta":{"_exactmetrics_skip_tracking":false,"_exactmetrics_sitenote_active":false,"_exactmetrics_sitenote_note":"","_exactmetrics_sitenote_category":0,"jetpack_post_was_ever_published":false,"_jetpack_newsletter_access":"","_jetpack_dont_email_post_to_subs":false,"_jetpack_newsletter_tier_id":0,"_jetpack_memberships_contains_paywalled_content":false,"_jetpack_memberships_contains_paid_content":false,"footnotes":"","jetpack_publicize_message":"","jetpack_publicize_feature_enabled":true,"jetpack_social_post_already_shared":true,"jetpack_social_options":{"image_generator_settings":{"template":"highway","enabled":false},"version":2}},"categories":[1],"tags":[],"class_list":["post-29603","post","type-post","status-publish","format-standard","hentry","category-notas"],"jetpack_publicize_connections":[],"jetpack_sharing_enabled":true,"jetpack_featured_media_url":"","jetpack_shortlink":"https:\/\/wp.me\/p7wKYW-7Ht","jetpack-related-posts":[],"_links":{"self":[{"href":"http:\/\/blogdalucianaoliveira.com.br\/blog\/wp-json\/wp\/v2\/posts\/29603","targetHints":{"allow":["GET"]}}],"collection":[{"href":"http:\/\/blogdalucianaoliveira.com.br\/blog\/wp-json\/wp\/v2\/posts"}],"about":[{"href":"http:\/\/blogdalucianaoliveira.com.br\/blog\/wp-json\/wp\/v2\/types\/post"}],"author":[{"embeddable":true,"href":"http:\/\/blogdalucianaoliveira.com.br\/blog\/wp-json\/wp\/v2\/users\/1"}],"replies":[{"embeddable":true,"href":"http:\/\/blogdalucianaoliveira.com.br\/blog\/wp-json\/wp\/v2\/comments?post=29603"}],"version-history":[{"count":1,"href":"http:\/\/blogdalucianaoliveira.com.br\/blog\/wp-json\/wp\/v2\/posts\/29603\/revisions"}],"predecessor-version":[{"id":29604,"href":"http:\/\/blogdalucianaoliveira.com.br\/blog\/wp-json\/wp\/v2\/posts\/29603\/revisions\/29604"}],"wp:attachment":[{"href":"http:\/\/blogdalucianaoliveira.com.br\/blog\/wp-json\/wp\/v2\/media?parent=29603"}],"wp:term":[{"taxonomy":"category","embeddable":true,"href":"http:\/\/blogdalucianaoliveira.com.br\/blog\/wp-json\/wp\/v2\/categories?post=29603"},{"taxonomy":"post_tag","embeddable":true,"href":"http:\/\/blogdalucianaoliveira.com.br\/blog\/wp-json\/wp\/v2\/tags?post=29603"}],"curies":[{"name":"wp","href":"https:\/\/api.w.org\/{rel}","templated":true}]}}