{"id":29607,"date":"2020-08-24T18:15:30","date_gmt":"2020-08-24T22:15:30","guid":{"rendered":"http:\/\/blogdalucianaoliveira.com.br\/blog\/?p=29607"},"modified":"2020-08-24T18:15:39","modified_gmt":"2020-08-24T22:15:39","slug":"beneficiado-por-despejo-do-quilombo-campo-grande-tem-r-18-bilhao-em-dividas","status":"publish","type":"post","link":"http:\/\/blogdalucianaoliveira.com.br\/blog\/2020\/08\/24\/beneficiado-por-despejo-do-quilombo-campo-grande-tem-r-18-bilhao-em-dividas\/","title":{"rendered":"Beneficiado por despejo do Quilombo Campo Grande tem R$ 1,8 bilh\u00e3o em d\u00edvidas"},"content":{"rendered":"\n<figure class=\"wp-block-image\"><img data-recalc-dims=\"1\" decoding=\"async\" src=\"https:\/\/i0.wp.com\/images02.brasildefato.com.br\/52b46768689a834fb7b77fa0805bf22f.jpeg?w=600&#038;ssl=1\" alt=\"\"\/><\/figure>\n\n\n\n<h4 class=\"wp-block-heading\">Processo de recupera\u00e7\u00e3o judicial de Jo\u00e3o Faria j\u00e1 registrou 358 credores, entre eles oito cooperativas de cafeicultores<\/h4>\n\n\n\n<!--more-->\n\n\n\n<p>Leonardo Fuhrmann\u00a0<a rel=\"noreferrer noopener\" target=\"_blank\" href=\"https:\/\/deolhonosruralistas.com.br\/2020\/08\/24\/beneficiado-por-despejo-do-quilombo-campo-grande-tem-r-18-bilhao-em-dividas\/?__cf_chl_jschl_tk__=578d10598b9a269ea4d661b90d3f1c6252deac93-1598279126-0-ATUHSOmygVqYes6TfLJbEEvgIWE5cIlR330dC3hgXxLOvrnJEidC7_ZvTOeloHZjAAbtFNjH_vLLjM3taHO2WX6jkzswOwx-kS18vPDeUCj53jLKhHC8UuYAzzauF6Dqy6xrxd9PFU4Dn2xcTmlM-C7aiFvOS4rJyF6undwHieBCIZVx-L34hlYci3oUE2NXhBu4wa6-1pcStbO3Q7jPWb7yTJSvOZ9S1Qu_ip75ejzUbUIcpcGSMc1sE9OJgAX2J_O16famSv9BXg6MvHAUMxcRSg4KajHI3vV1wH1uE5-FocFmPAYAY9lXrjbt1RtBBeJOGXDeNugTzVgV0vk0dwHvl60nkHz0Lx_KpUxwo_2B888S7q6SJn8gSzwNFHRBPNZajXqQrv7XlC3EsWUDszg\">De Olho Nos Ruralistas<\/a><br><\/p>\n\n\n\n<p>Em uma hist\u00f3ria rocambolesca, o empres\u00e1rio Jo\u00e3o Faria da Silva, do interior de S\u00e3o Paulo, \u00e9 o principal beneficiado pelo despejo do&nbsp;<a href=\"https:\/\/www.brasildefato.com.br\/2020\/08\/14\/apos-60-horas-de-resistencia-acampamento-do-mst-em-mg-e-despejado-com-violencia\" target=\"_blank\" rel=\"noreferrer noopener\">Quilombo Campo Grande<\/a>, em Campo do Meio (MG).<\/p>\n\n\n\n<p>A fazenda Ariadn\u00f3polis pertencia \u00e0 massa falida da Companhia Agropecu\u00e1ria Irm\u00e3os Azevedo (Capia), antiga administradora da Usina Ariadn\u00f3polis A\u00e7\u00facar e \u00c1lcool S\/A. A empresa quebrou nos anos 90 e os funcion\u00e1rios, sem receber sal\u00e1rios e verbas indenizat\u00f3rias, acabaram permanecendo na terra.<\/p>\n\n\n\n<p>A massa falida da empresa pediu a reintegra\u00e7\u00e3o de posse em 2011, mas o processo ganhou for\u00e7a a partir de 2016, quando foi anexado um plano de recupera\u00e7\u00e3o judicial que inclu\u00eda o arrendamento de parte dos 3.195 hectares da Fazenda Ariadn\u00f3polis para a Jodil Agropecu\u00e1ria e Participa\u00e7\u00f5es Ltda.<\/p>\n\n\n\n<p>O contrato de parceria para explora\u00e7\u00e3o agropecu\u00e1ria firmado em 2016 entre a massa falida da Capia e a Jodil Agropecu\u00e1ria \u00e9 v\u00e1lido por sete anos.<br><\/p>\n\n\n\n<p>A Jodil \u00e9 uma das empresas de Faria, dono tamb\u00e9m da Jodil Participa\u00e7\u00f5es, da Terra Forte Exporta\u00e7\u00e3o e Importa\u00e7\u00e3o de Caf\u00e9 e de um quarto CNPJ em seu nome completo, como produtor rural em Gar\u00e7a (SP). Faria tamb\u00e9m \u00e9 dono da Campneus, maior revendedora brasileira da Pirelli, que n\u00e3o faz parte do pedido de recupera\u00e7\u00e3o, assim como bens pessoais. Ele j\u00e1 foi capa de uma revista chamada&nbsp;<em>Gente Muito Importante<\/em>.<\/p>\n\n\n\n<p>Desde o ano passado, a hist\u00f3ria ganhou mais um ingrediente judicial. O grupo empresarial entrou em recupera\u00e7\u00e3o judicial. Sua d\u00edvida total \u00e9 calculada em R$ 1,8 bilh\u00e3o. No processo que tramita no Judici\u00e1rio paulista, em Campinas, est\u00e3o cadastrados 358 credores. Entre eles, al\u00e9m de bancos e cooperativas de cr\u00e9dito, oito cooperativas de produtores de caf\u00e9, al\u00e9m de funcion\u00e1rios em busca de seus direitos trabalhistas.<\/p>\n\n\n\n<p>Com d\u00edvida bilion\u00e1ria, o patrim\u00f4nio de Faria tende a ficar uma casa decimal abaixo. S\u00f3 em Campo do Meio s\u00e3o duas fazendas de produ\u00e7\u00e3o de caf\u00e9, que somam mais de 1.600 hectares e est\u00e3o avaliadas em mais de R$ 100 milh\u00f5es, em valor de mercado. A Terra Forte \u00e9 uma das maiores comercializadoras de caf\u00e9 no Brasil, exportando 2,5 milh\u00f5es de sacas por ano, equivalentes a 6,5% de todo o caf\u00e9 exportado pelo Brasil.<\/p>\n\n\n\n<p>O grande produtor e exportador amea\u00e7a um projeto de caf\u00e9 org\u00e2nico de qualidade, produzido por fam\u00edlias assentadas: o&nbsp;<a href=\"https:\/\/www.brasildefato.com.br\/2018\/02\/23\/cafe-agroecologico-guaii-transforma-a-vida-de-assentados-no-sul-de-minas-gerais\" target=\"_blank\" rel=\"noreferrer noopener\">Guai\u00ed (\u201csemente boa\u201d, no idioma guarani).<\/a>&nbsp;O processo de produ\u00e7\u00e3o foi iniciado h\u00e1 oito anos, abolindo o uso de insumos qu\u00edmicos, agrot\u00f3xicos e sementes transg\u00eanicas. O caf\u00e9 \u00e9 produzido por uma cooperativa de vinte fam\u00edlias, em sistema de mutir\u00e3o. A colheita anual \u00e9 de 510 toneladas.<\/p>\n\n\n\n<p>Empres\u00e1rio \u00e9 citado na opera\u00e7\u00e3o Rosa dos Ventos<\/p>\n\n\n\n<p>Faria tamb\u00e9m foi citado, assim como a Jodil Agropecu\u00e1ria, em um relat\u00f3rio complementar da&nbsp;<a href=\"http:\/\/www.mpf.mp.br\/sp\/sala-de-imprensa\/noticias-sp\/operacao-rosa-dos-ventos-empresarios-sao-denunciados-pelo-mpf-por-lavagem-de-dinheiro-e-sonegacao\" target=\"_blank\" rel=\"noreferrer noopener\">Opera\u00e7\u00e3o Rosa dos Ventos<\/a>, da Pol\u00edcia Federal, produzido em 2018. A opera\u00e7\u00e3o investigava o empres\u00e1rio Miceno Rossi Neto, flagrado em esquema de lavagem de dinheiro e sonega\u00e7\u00e3o fiscal em Campinas.<\/p>\n\n\n\n<p>Faria \u00e9 citado no relat\u00f3rio por causa da sociedade que det\u00e9m, junto \u00e0 Jodil Agropecu\u00e1ria, na empresa Voar Participa\u00e7\u00f5es, criada em 2014, de compartilhamento de aeronaves.<\/p>\n\n\n\n<p>A empresa operava um jato executivo Bombardier Learjet 45, pertencente a Rossi Neto, e um helic\u00f3ptero Helibr\u00e1s Esquilo AS-350, de Faria. No acerto da sociedade, Faria ficou com 40% da empresa, em raz\u00e3o de o avi\u00e3o ter um valor maior de mercado.<\/p>\n\n\n\n<p>O nome de Miceno, no entanto, n\u00e3o aparece entre os s\u00f3cios. Em seu depoimento \u00e0 PF, Faria diz que foi usada uma offshore, a Victory Ltd, administrada pelo piloto da aeronave, Marcos Antonio Lauria, funcion\u00e1rio de Miceno. Segundo o relat\u00f3rio da PF, Lauria tinha uma procura\u00e7\u00e3o da Victory para firmar contratos, constituir sociedades e abrir contas banc\u00e1rias.<\/p>\n\n\n\n<p>Junto \u00e0 procura\u00e7\u00e3o havia um manuscrito, tamb\u00e9m apreendido, que lista algumas empresas da organiza\u00e7\u00e3o criminosa com pend\u00eancias a serem sanadas, como a BioAgro, Capital Brasil, Denver, Usina S\u00e3o Paulo e AD Importa\u00e7\u00e3o e Exporta\u00e7\u00e3o, todas do grupo de Miceno. Ligado ao setor de combust\u00edveis, Miceno \u00e9 dono de usinas sucroalcooleiras no interior paulista.<\/p>\n\n\n\n<p>Faria aparece no processo criminal a respeito do caso, que tramita na Justi\u00e7a Federal em Campinas, quando tentou liberar o jato de um confisco judicial. Mas o pedido n\u00e3o deu certo e a aeronave acabou indo a leil\u00e3o. Atualmente est\u00e1 em nome de outros tr\u00eas empres\u00e1rios do interior paulista. O helic\u00f3ptero est\u00e1 registrado atualmente em nome de um banco.<\/p>\n\n\n\n<p>Campanhas querem reconstruir escola e boicote a marcas<\/p>\n\n\n\n<p>A Associa\u00e7\u00e3o dos Agricultores Familiares do Assentamento Primeiro do Sul lan\u00e7ou uma campanha para a reconstru\u00e7\u00e3o da Escola Popular Eduardo Galeano. O pr\u00e9dio onde ficava a escola foi destru\u00eddo durante a a\u00e7\u00e3o de despejo da semana retrasada. O nome \u00e9 uma homenagem ao jornalista e escritor uruguaio, conhecido pelo livro&nbsp;<em>As Veias Abertas da Am\u00e9rica Latina<\/em>.<\/p>\n\n\n\n<p><strong><a href=\"http:\/\/MST%20promete%20reerguer%20%E2%80%9Ccada%20tijolo%20destru%C3%ADdo%E2%80%9D%20em%20despejo%20de%20fam%C3%ADlias%20sem-terra%20em%20MG\/\" target=\"_blank\" rel=\"noreferrer noopener\">:: MST promete reerguer \u201ccada tijolo destru\u00eddo\u201d em despejo de fam\u00edlias sem-terra em MG ::<\/a><\/strong><\/p>\n\n\n\n<p>A Comiss\u00e3o Organizadora da I Confer\u00eancia Nacional, Popular, Aut\u00f4noma por Direitos, Democracia e Soberania e Seguran\u00e7a Alimentar e Nutricional divulgou uma nota contra o despejo, em que destaca a import\u00e2ncia da ocupa\u00e7\u00e3o para o sustento das fam\u00edlias e tamb\u00e9m a import\u00e2ncia da produ\u00e7\u00e3o agroecol\u00f3gica no local:<\/p>\n\n\n\n<p>&#8220;No Quilombo Campo Grande h\u00e1 uma diversificada produ\u00e7\u00e3o e comercializa\u00e7\u00e3o de alimentos livres de agrot\u00f3xico. S\u00e3o colhidos anualmente mais de 510 toneladas do caf\u00e9 agroecol\u00f3gico Guai\u00ed, que em guarani significa semente boa, e \u00e9 reconhecido nacionalmente pela sua qualidade. O grupo de mulheres acampadas Ra\u00edzes da Terra cultiva sementes agroecol\u00f3gicas e hortas medicinais. O acampamento faz parte do Plano Nacional \u201cPlantar \u00c1rvores, Produzir Alimentos Saud\u00e1veis\u201d, uma a\u00e7\u00e3o do MST cuja meta \u00e9 incentivar as fam\u00edlias assentadas e acampadas, e a sociedade em geral, a plantar 100 milh\u00f5es de \u00e1rvores pelo pa\u00eds nesta d\u00e9cada, recuperando \u00e1reas degradadas e disseminando a cultura das agroflorestas e dos quintais produtivos.<\/p>\n\n\n\n<p>O despejo tamb\u00e9m refor\u00e7ou a campanha \u201cNo meu bule n\u00e3o\u201d, que existe desde 2018, de boicote \u00e0s empresas que compram caf\u00e9 produzido ou distribu\u00eddo pelas empresas de Faria. O material de divulga\u00e7\u00e3o tem reportagem do&nbsp;<em>De Olho nos Ruralistas<\/em>&nbsp;sobre o caso, publicada em novembro de 2018, como uma das fontes: \u201cMaior produtor de caf\u00e9 do Brasil avan\u00e7a sobre fazenda ocupada h\u00e1 20 anos por fam\u00edlias sem-terra&#8221;.<\/p>\n\n\n\n<p>Faria vende caf\u00e9 para gigantes do setor aliment\u00edcio<\/p>\n\n\n\n<p>Nestl\u00e9 e Jacob\u2019s Douwe Egberts, dona das empresas Douwe Egberts e da Mondel\u00e9z, s\u00e3o as principais compradoras das empresas de Faria, segundo informa\u00e7\u00f5es divulgadas por ele em entrevistas.<\/p>\n\n\n\n<p>As duas empresas j\u00e1 foram denunciadas \u00e0 Organiza\u00e7\u00e3o para a Coopera\u00e7\u00e3o e Desenvolvimento Econ\u00f4mico (OCDE) por manter fornecedores que exploram o trabalho escravo em sua produ\u00e7\u00e3o. A den\u00fancia cita fazendas de caf\u00e9 na Bahia e em Minas Gerais.<\/p>\n\n\n\n<p>A multinacional su\u00ed\u00e7a Nestl\u00e9 \u00e9 uma das maiores empresas aliment\u00edcias do mundo, com diversas marcas de bolachas, iogurtes, chocolates, l\u00e1cteos, sorvetes e caf\u00e9s. Suas principais marcas de caf\u00e9 no Brasil s\u00e3o Nescaf\u00e9, Nespresso e Dolce Gusto. A holandesa Jacobs Douwe Egberts \u00e9 a fus\u00e3o das \u00e1reas de caf\u00e9 da Douwe Egberts com a estadunidense Mondel\u00e9z.<\/p>\n\n\n\n<p>A Mondel\u00e9z \u00e9 dona da Lacta no Brasil, com marcas como Bis, Diamante Negro, Toblerone, al\u00e9m de Halls, Trident, Bubbaloo, Royal, Philadelphia, Trakinas, Oreo, Chocol\u00edcia e Tang, entre outras. A Jacobs Dowe Egberts \u00e9 dona das marcas de caf\u00e9 Caboclo, Pel\u00e9, do Ponto, Damasco, Moka, Pil\u00e3o, Seleto, al\u00e9m de marcas internacionais como LOR, Jacobs Coffee, Douwe Egberts, Senseo, Tassimo, Moccona, Kenco, Pickwick, al\u00e9m de outras. No Brasil, ela tamb\u00e9m representa a marca italiana illy.<\/p>\n\n\n\n<p>A Jacobs Douwe Ebberts pertence hoje ao grupo alem\u00e3o JAB Holdings, da fam\u00edlia Reimann, uma das mais ricas da Alemanha. O grupo tem investido numa estrat\u00e9gia pesada de desenvolvimento no setor de caf\u00e9. No ano passado, foi revelada a liga\u00e7\u00e3o do cl\u00e3 com o nazismo. Al\u00e9m de filiados ao partido de Hitler, os Reimann exploraram trabalho for\u00e7ado de prisioneiros franceses e russos em suas empresas. A Nestl\u00e9 tamb\u00e9m admitiu participa\u00e7\u00e3o no mesmo crime no per\u00edodo.<\/p>\n","protected":false},"excerpt":{"rendered":"<p>Processo de recupera\u00e7\u00e3o judicial de Jo\u00e3o Faria j\u00e1 registrou 358 credores, entre eles oito cooperativas de cafeicultores<\/p>\n","protected":false},"author":1,"featured_media":0,"comment_status":"closed","ping_status":"open","sticky":false,"template":"","format":"standard","meta":{"_exactmetrics_skip_tracking":false,"_exactmetrics_sitenote_active":false,"_exactmetrics_sitenote_note":"","_exactmetrics_sitenote_category":0,"jetpack_post_was_ever_published":false,"_jetpack_newsletter_access":"","_jetpack_dont_email_post_to_subs":false,"_jetpack_newsletter_tier_id":0,"_jetpack_memberships_contains_paywalled_content":false,"_jetpack_memberships_contains_paid_content":false,"footnotes":"","jetpack_publicize_message":"","jetpack_publicize_feature_enabled":true,"jetpack_social_post_already_shared":true,"jetpack_social_options":{"image_generator_settings":{"template":"highway","enabled":false},"version":2}},"categories":[1],"tags":[],"class_list":["post-29607","post","type-post","status-publish","format-standard","hentry","category-notas"],"jetpack_publicize_connections":[],"jetpack_sharing_enabled":true,"jetpack_featured_media_url":"","jetpack_shortlink":"https:\/\/wp.me\/p7wKYW-7Hx","jetpack-related-posts":[],"_links":{"self":[{"href":"http:\/\/blogdalucianaoliveira.com.br\/blog\/wp-json\/wp\/v2\/posts\/29607","targetHints":{"allow":["GET"]}}],"collection":[{"href":"http:\/\/blogdalucianaoliveira.com.br\/blog\/wp-json\/wp\/v2\/posts"}],"about":[{"href":"http:\/\/blogdalucianaoliveira.com.br\/blog\/wp-json\/wp\/v2\/types\/post"}],"author":[{"embeddable":true,"href":"http:\/\/blogdalucianaoliveira.com.br\/blog\/wp-json\/wp\/v2\/users\/1"}],"replies":[{"embeddable":true,"href":"http:\/\/blogdalucianaoliveira.com.br\/blog\/wp-json\/wp\/v2\/comments?post=29607"}],"version-history":[{"count":1,"href":"http:\/\/blogdalucianaoliveira.com.br\/blog\/wp-json\/wp\/v2\/posts\/29607\/revisions"}],"predecessor-version":[{"id":29608,"href":"http:\/\/blogdalucianaoliveira.com.br\/blog\/wp-json\/wp\/v2\/posts\/29607\/revisions\/29608"}],"wp:attachment":[{"href":"http:\/\/blogdalucianaoliveira.com.br\/blog\/wp-json\/wp\/v2\/media?parent=29607"}],"wp:term":[{"taxonomy":"category","embeddable":true,"href":"http:\/\/blogdalucianaoliveira.com.br\/blog\/wp-json\/wp\/v2\/categories?post=29607"},{"taxonomy":"post_tag","embeddable":true,"href":"http:\/\/blogdalucianaoliveira.com.br\/blog\/wp-json\/wp\/v2\/tags?post=29607"}],"curies":[{"name":"wp","href":"https:\/\/api.w.org\/{rel}","templated":true}]}}