{"id":29609,"date":"2020-08-25T07:05:38","date_gmt":"2020-08-25T11:05:38","guid":{"rendered":"http:\/\/blogdalucianaoliveira.com.br\/blog\/?p=29609"},"modified":"2020-08-25T07:05:43","modified_gmt":"2020-08-25T11:05:43","slug":"china-e-eua-o-que-ha-por-tras-da-maior-disputa-comercial-do-mundo","status":"publish","type":"post","link":"http:\/\/blogdalucianaoliveira.com.br\/blog\/2020\/08\/25\/china-e-eua-o-que-ha-por-tras-da-maior-disputa-comercial-do-mundo\/","title":{"rendered":"China e EUA: o que h\u00e1 por tr\u00e1s da maior disputa comercial do mundo?"},"content":{"rendered":"\n<figure class=\"wp-block-image size-large\"><img data-recalc-dims=\"1\" loading=\"lazy\" decoding=\"async\" width=\"600\" height=\"400\" data-attachment-id=\"29610\" data-permalink=\"http:\/\/blogdalucianaoliveira.com.br\/blog\/2020\/08\/25\/china-e-eua-o-que-ha-por-tras-da-maior-disputa-comercial-do-mundo\/us-china-politics-trade\/\" data-orig-file=\"https:\/\/i0.wp.com\/blogdalucianaoliveira.com.br\/blog\/wp-content\/uploads\/2020\/08\/image-33.jpeg?fit=800%2C533\" data-orig-size=\"800,533\" data-comments-opened=\"0\" data-image-meta=\"{&quot;aperture&quot;:&quot;0&quot;,&quot;credit&quot;:&quot;AFP&quot;,&quot;camera&quot;:&quot;&quot;,&quot;caption&quot;:&quot;US President Donald Trump, shakes hands during a press conference with China\\u0092s Vice Premier Liu He(L), the country\\u0092s top trade negotiator, before they sign a trade agreement between the US and China during a ceremony in the East Room of the White House in Washington, DC on January 15, 2020. (Photo by SAUL LOEB \\\/ AFP)&quot;,&quot;created_timestamp&quot;:&quot;1579113894&quot;,&quot;copyright&quot;:&quot;AFP or licensors&quot;,&quot;focal_length&quot;:&quot;0&quot;,&quot;iso&quot;:&quot;0&quot;,&quot;shutter_speed&quot;:&quot;0&quot;,&quot;title&quot;:&quot;US-CHINA-POLITICS-TRADE&quot;,&quot;orientation&quot;:&quot;0&quot;}\" data-image-title=\"US-CHINA-POLITICS-TRADE\" data-image-description=\"\" data-image-caption=\"&lt;p&gt;US President Donald Trump, shakes hands during a press conference with China\u0092s Vice Premier Liu He(L), the country\u0092s top trade negotiator, before they sign a trade agreement between the US and China during a ceremony in the East Room of the White House in Washington, DC on January 15, 2020. (Photo by SAUL LOEB \/ AFP)&lt;\/p&gt;\n\" data-medium-file=\"https:\/\/i0.wp.com\/blogdalucianaoliveira.com.br\/blog\/wp-content\/uploads\/2020\/08\/image-33.jpeg?fit=300%2C200\" data-large-file=\"https:\/\/i0.wp.com\/blogdalucianaoliveira.com.br\/blog\/wp-content\/uploads\/2020\/08\/image-33.jpeg?fit=600%2C400\" src=\"https:\/\/i0.wp.com\/blogdalucianaoliveira.com.br\/blog\/wp-content\/uploads\/2020\/08\/image-33.jpeg?resize=600%2C400\" alt=\"\" class=\"wp-image-29610\" srcset=\"https:\/\/i0.wp.com\/blogdalucianaoliveira.com.br\/blog\/wp-content\/uploads\/2020\/08\/image-33.jpeg?w=800 800w, https:\/\/i0.wp.com\/blogdalucianaoliveira.com.br\/blog\/wp-content\/uploads\/2020\/08\/image-33.jpeg?resize=300%2C200 300w, https:\/\/i0.wp.com\/blogdalucianaoliveira.com.br\/blog\/wp-content\/uploads\/2020\/08\/image-33.jpeg?resize=768%2C512 768w, https:\/\/i0.wp.com\/blogdalucianaoliveira.com.br\/blog\/wp-content\/uploads\/2020\/08\/image-33.jpeg?resize=450%2C300 450w\" sizes=\"auto, (max-width: 600px) 100vw, 600px\" \/><\/figure>\n\n\n\n<h4 class=\"wp-block-heading\">O acordo que poderia melhorar as rela\u00e7\u00f5es mal saiu do papel; o Brasil se desgasta com seu maior parceiro<\/h4>\n\n\n\n<!--more-->\n\n\n\n<p>Nara Lacerda, Brasil de Fato\u00a0<\/p>\n\n\n\n<p>Mais de seis meses atr\u00e1s, China e Estados Unidos definiram que retomariam di\u00e1logos comerciais&nbsp;&#8211; ap\u00f3s dois anos de e<a href=\"https:\/\/www.brasildefato.com.br\/2020\/04\/13\/debatendo-uma-politica-externa-anti-imperialista-atraves-do-sul-global\" target=\"_blank\" rel=\"noreferrer noopener\">mbates<\/a>&nbsp;&#8211; mas pouco aconteceu desde ent\u00e3o. Desde 2018, as rela\u00e7\u00f5es entre as duas maiores economias do mundo se arrastam marcadas por imposi\u00e7\u00f5es de tarifas sobre produtos importados, barreiras comerciais e at\u00e9 acusa\u00e7\u00f5es de espionagem. Mas, por tr\u00e1s e al\u00e9m destes&nbsp;<a href=\"https:\/\/www.brasildefato.com.br\/2020\/08\/08\/celso-amorim-brasil-pode-abrir-a-porta-para-invadir-outros-paises\" target=\"_blank\" rel=\"noreferrer noopener\">conflitos<\/a>,&nbsp;est\u00e1 em jogo a defini\u00e7\u00e3o sobre quem&nbsp;ser\u00e1 o protagonista da economia global nas pr\u00f3ximas d\u00e9cadas.<\/p>\n\n\n\n<p>O professor do Departamento de Pol\u00edtica e Rela\u00e7\u00f5es Internacionais da Universidade de Edimburgo, Oliver Turner, especialista&nbsp;em rela\u00e7\u00f5es dos grandes pa\u00edses do ocidente com a&nbsp;<a href=\"https:\/\/www.brasildefato.com.br\/2020\/06\/17\/artigo-o-sistema-internacional-e-o-imperio-hegemonia-dos-eua-e-ascensao-da-china\" target=\"_blank\" rel=\"noreferrer noopener\">China, avalia que h\u00e1 uma preocupa\u00e7\u00e3o dos EUA<\/a>de que o pa\u00eds asi\u00e1tico&nbsp;passe a representar um papel que por cinquenta anos foi protagonizado por eles.<\/p>\n\n\n\n<p>\u201cOs Estados Unidos est\u00e3o preocupados com a concorr\u00eancia da China&nbsp;em muitas \u00e1reas, mas principalmente em termos de tecnologia. Isso inclui tecnologia militar, mas tamb\u00e9m intelig\u00eancia artificial, 5G e assim por diante.&#8221;<\/p>\n\n\n\n<p>&#8220;Pol\u00edticos americanos est\u00e3o preocupados que a China se torne&nbsp;<a href=\"https:\/\/www.brasildefato.com.br\/2020\/01\/27\/o-mundo-do-multilateralismo-que-nasceu-no-pos-guerra-esta-sendo-desmontado\" target=\"_blank\" rel=\"noreferrer noopener\">l\u00edder globa<\/a>l nessas \u00e1reas&nbsp;e que comece&nbsp;a fornecer tecnologias ao mundo da mesma forma que os Estados Unidos t\u00eam feito h\u00e1 muitas d\u00e9cadas. Em \u00faltima an\u00e1lise, eles est\u00e3o preocupados que a China possa come\u00e7ar a &#8216;escrever as regras&#8217; de como o mundo funciona,&nbsp;como os EUA fizeram por pelo menos 50 anos\u201d, afirma Turner.<\/p>\n\n\n\n<p>Os&nbsp;<a href=\"https:\/\/www.brasildefato.com.br\/2020\/03\/11\/a-nova-direita-e-a-nova-crise-economica-mundial\" target=\"_blank\" rel=\"noreferrer noopener\">EUA j\u00e1 competiram<\/a>&nbsp;antes com outros pa\u00edses pela lideran\u00e7a global, mas a diferen\u00e7a agora \u00e9 que a disputa est\u00e1 mais equilibrada, e, at\u00e9 sob alguns \u00e2ngulos, desfavor\u00e1vel a eles, segundo Elias Masco Khalil Jabbour, professor da Universidade do Estado do Rio de Janeiro (UERJ) e autor do livro&nbsp;<em>China Hoje: Projeto Nacional, Desenvolvimento e Socialismo de Mercado.<\/em><\/p>\n\n\n\n<p>\u201cA briga \u00e9 para deter a China e sua expans\u00e3o econ\u00f4mica, pol\u00edtica, geopol\u00edtica e tecnol\u00f3gica. Pela primeira vez na hist\u00f3ria, os EUA est\u00e3o diante de um rival que tem uma tecnologia avan\u00e7ada em um ponto sens\u00edvel do processo de desenvolvimento e controle (comunica\u00e7\u00f5es) ao qual eles mesmos n\u00e3o t\u00eam uma alternativa, um produto similar para concorrer.\u201d<\/p>\n\n\n\n<p>O acordo e a pandemia<\/p>\n\n\n\n<p>O acordo assinado no in\u00edcio do ano era uma luz no fim do t\u00fanel para diminuir as tens\u00f5es, que influenciam o com\u00e9rcio no mundo todo.&nbsp;China e Estados Unidos concordaram em que o governo dos EUA reduziria novas tarifas, o chin\u00eas importaria mais dos EUA&nbsp;e protegeria melhor a propriedade intelectual. Mas a pandemia do novo coronav\u00edrus atrapalhou os planos. E Trump tratou de piorar ainda mais as coisas.&nbsp;<\/p>\n\n\n\n<p>Durante a campanha eleitoral ele j\u00e1 tentava apresentar a concorr\u00eancia comercial de outros pa\u00edses como o problema a ser enfrentado e&nbsp;a China, por ser o concorrente de maior peso, sempre foi o principal alvo. O coronav\u00edrus reacendeu o discurso e barrou as tentativas de acordo e vem nos brindando com ocasionais pioras no clima, como nos \u00faltimos dias.&nbsp;<\/p>\n\n\n\n<p>Em menos de uma semana, as not\u00edcias foram das afirma\u00e7\u00f5es do governo Trump sobre um novo bloqueio em exporta\u00e7\u00f5es para o pa\u00eds asi\u00e1tico \u00e0 um alerta militar m\u00e1ximo, com a presen\u00e7a de um suposto navio com m\u00edsseis dos Estados Unidos pr\u00f3ximo ao territ\u00f3rio da China. Por fim, um alento: a not\u00edcia de que nos pr\u00f3ximos dias as duas na\u00e7\u00f5es devem se encontrar para abrir o di\u00e1logo, mas sem sinaliza\u00e7\u00e3o exata de quando e como isso vai acontecer.&nbsp;<\/p>\n\n\n\n<p>Monica Bruckmann,&nbsp;professora de Ci\u00eancia Pol\u00edtica da UFRJ, avalia que a disputa entre os dois pa\u00edses t\u00eam se aprofundado nos \u00faltimos tempos, mas s\u00e3o muito anteriores ao governo atual, datando da \u00e9poca da &#8220;guerra ao terrorismo&#8217;, no come\u00e7o&nbsp;do s\u00e9culo, que gerou as invas\u00f5es de Iraque e Afeganist\u00e3o. Ela explica que as aventuras militares inciadas por George W. Bush&nbsp;custaram caro ao contribuinte americano e aumentaram o &#8220;processo de debilita\u00e7\u00e3o da economia dos Estados Unidos, que acumulam uma das maiores d\u00edvidas p\u00fablicas do mundo&#8221;.<\/p>\n\n\n\n<p>&#8220;A causa fundamental foram os or\u00e7amentos sucessivos para manter essas guerras. E o que a gente v\u00ea \u00e9 que ao mesmo tempo em que a economia dos Estados Unidos se debilita, a economia chinesa se fortalece&nbsp;e as taxas de crescimento da China t\u00eam causado um novo processo muito interessante na economia mundial, de centralidade na \u00c1sia\u201d, afirma Bruckmann.<\/p>\n\n\n\n<p>O professor Oliver Turner afirmar que os avan\u00e7os tecnol\u00f3gicos da China v\u00eam sendo usados de como uma narrativa que,&nbsp;convenientemente, tira a responsabilidade dos Estados Unidos pelos pr\u00f3prios fracassos.&nbsp;<\/p>\n\n\n\n<p>\u201cSe as coisas est\u00e3o indo mal com a economia dos EUA, \u00e9 melhor culpar a China do que admitir seus erros ou falhas. S\u00e3o os executivos e gerentes americanos que optaram por terceirizar suas opera\u00e7\u00f5es para a China&#8221;, explica.<\/p>\n\n\n\n<p>&#8220;\u00c9&nbsp;claro que os pol\u00edticos americanos n\u00e3o podem culpar os americanos pela perda dos empregos americanos, ent\u00e3o a culpa \u00e9 colocada na China (embora os consumidores americanos realmente se beneficiem das importa\u00e7\u00f5es chinesas baratas e as comprem regularmente, enquanto tamb\u00e9m reclamam que a China \u00e9 ruim para sua economia). Portanto, culpar a China \u00e9 uma estrat\u00e9gia pol\u00edtica eficaz.&nbsp;Nem sempre \u00e9 justificada&nbsp;com fatos ou realidade.\u201d<\/p>\n\n\n\n<p>Como o resto do mundo (e o Brasil) se equilibram?<\/p>\n\n\n\n<p>Na esteira e sob influ\u00eancia dos&nbsp;Estados Unidos, pa\u00edses como Austr\u00e1lia, \u00cdndia, Jap\u00e3o e Reino Unido j\u00e1 declararam resist\u00eancias a&nbsp;negocia\u00e7\u00f5es com a China, em especial as que envolvem compra de tecnologia do pa\u00eds asi\u00e1tico. O professor Oliver Turner cita ainda disputas envolvendo na\u00e7\u00f5es da&nbsp;Europa Ocidental como Su\u00e9cia, Noruega, Alemanha e um determinado&nbsp;ceticismo da Uni\u00e3o Europeia como um todo.&nbsp;<\/p>\n\n\n\n<p>&#8220;Essa divis\u00e3o crescente, \u00e9 claro, n\u00e3o \u00e9 uma coisa boa, inclusive para a coopera\u00e7\u00e3o global em quest\u00f5es cr\u00edticas mais amplas, como mudan\u00e7a clim\u00e1tica, desenvolvimento internacional e assim por diante.&#8221;<\/p>\n\n\n\n<p>A China segue ampliando seus neg\u00f3cios&nbsp;com pa\u00edses em desenvolvimentos, com maior&nbsp;presen\u00e7a no continente africano, Am\u00e9rica Latina, \u00c1sia e Leste Europeu. A busca pela vacina do coronav\u00edrus, as parcerias com outras na\u00e7\u00f5es para universalizar a imuniza\u00e7\u00e3o e a ocupa\u00e7\u00e3o de espa\u00e7os de debate renegados pelos Estados Unidos, como a Organiza\u00e7\u00e3o Mundial da Sa\u00fade s\u00e3o exemplos. O pa\u00eds \u00e9 cobrado, por outro lado, a fazer mais pelo clima e o combate ao aquecimento global.<\/p>\n\n\n\n<p>A China \u00e9 o maior parceiro comercial brasileiro, comprando parte expressiva das nossas exporta\u00e7\u00f5es de min\u00e9rio, carne, soja, entre outros. Mas a rela\u00e7\u00e3o n\u00e3o \u00e9 t\u00e3o harm\u00f4nica como era na d\u00e9cada passada, quando surgiu os&nbsp;<a href=\"https:\/\/www.brasildefato.com.br\/2019\/11\/14\/pauta-ambiental-firmada-em-documento-do-brics-contrasta-com-politicas-de-bolsonaro\" target=\"_blank\" rel=\"noreferrer noopener\">BRICS, o grupo formado por pa\u00edses emergentes<\/a>&nbsp;como Brasil, R\u00fassia, China, \u00cdndia e \u00c1frica do Sul.<\/p>\n\n\n\n<p>O governo de Jair Bolsonaro n\u00e3o chegou a declarar que poderia a rejeitar entrada de tecnologia chinesa no Brasil em nome de uma alian\u00e7a incondicional com os Estados Unidos. Mas sofre press\u00f5es para tal&nbsp;e n\u00e3o amplia esfor\u00e7os para que o pa\u00eds deixe de ser mero exportador de mat\u00e9ria prima.&nbsp;<\/p>\n\n\n\n<p>Soma-se a isso, o comportamento da ala ideol\u00f3gica do governo, que desde o in\u00edcio da gest\u00e3o atual, vem gerando saias justas constrangedoras.&nbsp;O deputado federal Eduardo Bolsonaro, (PSL), filho do presidente, publicou insinua\u00e7\u00f5es de que a China&nbsp;teria refor\u00e7ado a dissemina\u00e7\u00e3o do v\u00edrus para &#8220;esconder algo&#8221;, que ele nunca explicou o que seria. Ap\u00f3s uma cobran\u00e7a de desculpas por parte da embaixada do pa\u00eds asi\u00e1tico, o ministro de Rela\u00e7\u00f5es Exteriores, Ernesto Ara\u00fajo, preferiu dizer que o embaixador chin\u00eas reagiu de maneira desproporcional.<\/p>\n\n\n\n<p>Em abril, o ent\u00e3o ministro da Educa\u00e7\u00e3o,&nbsp;Abraham Weintraub, fez&nbsp;<a href=\"https:\/\/www.brasildefato.com.br\/2020\/06\/15\/com-bolsonaro-pais-troca-altivez-para-ser-motivo-de-zombaria-diz-cientista-politico\" target=\"_blank\" rel=\"noreferrer noopener\">chacota racista<\/a>&nbsp;com o sotaque de imigrantes asi\u00e1ticos em uma rede social. Trocando a letra R pelo L na publica\u00e7\u00e3o, ele deu a entender que a China sairia fortalecida da crise do coronav\u00edrus. O ex-ministro &#8211;&nbsp;que hoje est\u00e1 fora do Brasil e do governo ap\u00f3s ser piv\u00f4 de uma outra crise, desta vez com o Supremo Tribunal Federal &#8211; usou o personagem de Maur\u00edcio de Sousa, Cebolinha, para sugerir que existe um &#8220;plano infal\u00edvel para dominar o mundo.&#8221; por parte dos chineses.&nbsp;<\/p>\n\n\n\n<p>Monica Bruckmann avalia que o esfriamento nas rela\u00e7\u00f5es com nosso principal parceiro comercial&nbsp;tem muita rela\u00e7\u00e3o com a retomada do conservadorismo no poder e com um alinhamento aos Estados Unidos que n\u00e3o traz vantagens consistentes e objetivas.<\/p>\n\n\n\n<p>&#8220;\u00c9 a&nbsp;vis\u00e3o do governo brasileiro, que se aliou incondicionalmente \u00e0 pol\u00edtica dos Estados Unidos, sem praticamente nenhuma retribui\u00e7\u00e3o, abandonando e destruindo o que foram as maiores conquistas do s\u00e9culo XXI,&nbsp;os espa\u00e7os de integra\u00e7\u00e3o regional (&#8230;)&nbsp;Um processo que foi abruptamente interrompido a partir do governo Temer at\u00e9 o governo atual. Isso tudo foi combatido por essas vis\u00f5es conservadoras que renunciaram a qualquer vis\u00e3o de desenvolvimento nacional.&#8221;<\/p>\n\n\n\n<p>Edi\u00e7\u00e3o: Rodrigo Dur\u00e3o Coelho<\/p>\n","protected":false},"excerpt":{"rendered":"<p>O acordo que poderia melhorar as rela\u00e7\u00f5es mal saiu do papel; o Brasil se desgasta com seu maior parceiro<\/p>\n","protected":false},"author":1,"featured_media":0,"comment_status":"closed","ping_status":"open","sticky":false,"template":"","format":"standard","meta":{"_exactmetrics_skip_tracking":false,"_exactmetrics_sitenote_active":false,"_exactmetrics_sitenote_note":"","_exactmetrics_sitenote_category":0,"jetpack_post_was_ever_published":false,"_jetpack_newsletter_access":"","_jetpack_dont_email_post_to_subs":false,"_jetpack_newsletter_tier_id":0,"_jetpack_memberships_contains_paywalled_content":false,"_jetpack_memberships_contains_paid_content":false,"footnotes":"","jetpack_publicize_message":"","jetpack_publicize_feature_enabled":true,"jetpack_social_post_already_shared":true,"jetpack_social_options":{"image_generator_settings":{"template":"highway","enabled":false},"version":2}},"categories":[1],"tags":[],"class_list":["post-29609","post","type-post","status-publish","format-standard","hentry","category-notas"],"jetpack_publicize_connections":[],"jetpack_sharing_enabled":true,"jetpack_featured_media_url":"","jetpack_shortlink":"https:\/\/wp.me\/p7wKYW-7Hz","jetpack-related-posts":[],"_links":{"self":[{"href":"http:\/\/blogdalucianaoliveira.com.br\/blog\/wp-json\/wp\/v2\/posts\/29609","targetHints":{"allow":["GET"]}}],"collection":[{"href":"http:\/\/blogdalucianaoliveira.com.br\/blog\/wp-json\/wp\/v2\/posts"}],"about":[{"href":"http:\/\/blogdalucianaoliveira.com.br\/blog\/wp-json\/wp\/v2\/types\/post"}],"author":[{"embeddable":true,"href":"http:\/\/blogdalucianaoliveira.com.br\/blog\/wp-json\/wp\/v2\/users\/1"}],"replies":[{"embeddable":true,"href":"http:\/\/blogdalucianaoliveira.com.br\/blog\/wp-json\/wp\/v2\/comments?post=29609"}],"version-history":[{"count":1,"href":"http:\/\/blogdalucianaoliveira.com.br\/blog\/wp-json\/wp\/v2\/posts\/29609\/revisions"}],"predecessor-version":[{"id":29611,"href":"http:\/\/blogdalucianaoliveira.com.br\/blog\/wp-json\/wp\/v2\/posts\/29609\/revisions\/29611"}],"wp:attachment":[{"href":"http:\/\/blogdalucianaoliveira.com.br\/blog\/wp-json\/wp\/v2\/media?parent=29609"}],"wp:term":[{"taxonomy":"category","embeddable":true,"href":"http:\/\/blogdalucianaoliveira.com.br\/blog\/wp-json\/wp\/v2\/categories?post=29609"},{"taxonomy":"post_tag","embeddable":true,"href":"http:\/\/blogdalucianaoliveira.com.br\/blog\/wp-json\/wp\/v2\/tags?post=29609"}],"curies":[{"name":"wp","href":"https:\/\/api.w.org\/{rel}","templated":true}]}}