{"id":29612,"date":"2020-08-25T11:55:32","date_gmt":"2020-08-25T15:55:32","guid":{"rendered":"http:\/\/blogdalucianaoliveira.com.br\/blog\/?p=29612"},"modified":"2020-08-25T11:55:36","modified_gmt":"2020-08-25T15:55:36","slug":"drones-auxiliam-no-monitoramento-de-areas-remotas-da-amazonia","status":"publish","type":"post","link":"http:\/\/blogdalucianaoliveira.com.br\/blog\/2020\/08\/25\/drones-auxiliam-no-monitoramento-de-areas-remotas-da-amazonia\/","title":{"rendered":"Drones auxiliam no monitoramento de \u00e1reas remotas da Amaz\u00f4nia"},"content":{"rendered":"\n<figure class=\"wp-block-image size-large\"><img data-recalc-dims=\"1\" loading=\"lazy\" decoding=\"async\" width=\"600\" height=\"217\" data-attachment-id=\"29613\" data-permalink=\"http:\/\/blogdalucianaoliveira.com.br\/blog\/2020\/08\/25\/drones-auxiliam-no-monitoramento-de-areas-remotas-da-amazonia\/e0886875-562b-4d75-b43b-8103406961e4\/\" data-orig-file=\"https:\/\/i0.wp.com\/blogdalucianaoliveira.com.br\/blog\/wp-content\/uploads\/2020\/08\/E0886875-562B-4D75-B43B-8103406961E4.jpeg?fit=640%2C231\" data-orig-size=\"640,231\" data-comments-opened=\"0\" data-image-meta=\"{&quot;aperture&quot;:&quot;0&quot;,&quot;credit&quot;:&quot;&quot;,&quot;camera&quot;:&quot;&quot;,&quot;caption&quot;:&quot;&quot;,&quot;created_timestamp&quot;:&quot;0&quot;,&quot;copyright&quot;:&quot;&quot;,&quot;focal_length&quot;:&quot;0&quot;,&quot;iso&quot;:&quot;0&quot;,&quot;shutter_speed&quot;:&quot;0&quot;,&quot;title&quot;:&quot;&quot;,&quot;orientation&quot;:&quot;1&quot;}\" data-image-title=\"E0886875-562B-4D75-B43B-8103406961E4\" data-image-description=\"\" data-image-caption=\"\" data-medium-file=\"https:\/\/i0.wp.com\/blogdalucianaoliveira.com.br\/blog\/wp-content\/uploads\/2020\/08\/E0886875-562B-4D75-B43B-8103406961E4.jpeg?fit=300%2C108\" data-large-file=\"https:\/\/i0.wp.com\/blogdalucianaoliveira.com.br\/blog\/wp-content\/uploads\/2020\/08\/E0886875-562B-4D75-B43B-8103406961E4.jpeg?fit=600%2C217\" src=\"https:\/\/i0.wp.com\/blogdalucianaoliveira.com.br\/blog\/wp-content\/uploads\/2020\/08\/E0886875-562B-4D75-B43B-8103406961E4.jpeg?resize=600%2C217\" alt=\"\" class=\"wp-image-29613\" srcset=\"https:\/\/i0.wp.com\/blogdalucianaoliveira.com.br\/blog\/wp-content\/uploads\/2020\/08\/E0886875-562B-4D75-B43B-8103406961E4.jpeg?w=640 640w, https:\/\/i0.wp.com\/blogdalucianaoliveira.com.br\/blog\/wp-content\/uploads\/2020\/08\/E0886875-562B-4D75-B43B-8103406961E4.jpeg?resize=300%2C108 300w\" sizes=\"auto, (max-width: 600px) 100vw, 600px\" \/><\/figure>\n\n\n\n<p>18 organiza\u00e7\u00f5es, em seis estados diferentes, v\u00eam utilizando a tecnologia com o objetivo de diminuir taxas de desmatamento e focos de inc\u00eandio.<\/p>\n\n\n\n<!--more-->\n\n\n\n<p>No MundoGeo<br><\/p>\n\n\n\n<p>Os drones vieram para ficar na Amaz\u00f4nia. Eles s\u00e3o os novos aliados no combate \u00e0s invas\u00f5es de terra e o desmatamento ilegal. Apenas o WWF-Brasil j\u00e1 doou equipamentos para 18 organiza\u00e7\u00f5es, al\u00e9m de cursos de capacita\u00e7\u00e3o e outras ferramentas que otimizam o uso dos dados gerados pelos drones, como GPS, telefones celulares e notebooks \u2013 no monitoramento de seus territ\u00f3rios, antecipando poss\u00edveis focos de fogo e invas\u00f5es.<\/p>\n\n\n\n<p>Entre elas est\u00e3o: a Associa\u00e7\u00e3o do Povo Ind\u00edgena Tenharim Mor\u00f5gwit\u00e1 (Apitem), no Sul do Amazonas; a Associa\u00e7\u00e3o dos Moradores e Produtores da Reserva Extrativista Chico Mendes em Xapuri (Amoprex), no Acre; o Instituto Kabu, no Par\u00e1; o Batalh\u00e3o de Policiamento Ambiental do Acre; e as prefeituras das cidades amazonenses de Boca do Acre, Apu\u00ed e Humait\u00e1.<\/p>\n\n\n\n<p>Ao todo foram doados 19 equipamentos, em seis estados do Norte do Brasil, com um investimento na ordem de R$ 300 mil.\u201cAtuamos com drones desde 2016. O primeiro trabalho foi realizado na contagem de popula\u00e7\u00f5es de botos na Bacia Amaz\u00f4nica, depois como refor\u00e7o para monitoramento territorial na Amaz\u00f4nia e no Cerrado. Desde o ano passado, o objetivo \u00e9 que a tecnologia ajude tamb\u00e9m na prote\u00e7\u00e3o contra o desmatamento e as queimadas\u201d, diz Osvaldo Barassi Gajardo \u2013 Analista de Conserva\u00e7\u00e3o S\u00eanior do WWF-Brasil.<\/p>\n\n\n\n<blockquote class=\"wp-block-quote is-layout-flow wp-block-quote-is-layout-flow\"><p>\u201cAtuamos com drones desde 2016. O primeiro trabalho foi realizado na contagem de popula\u00e7\u00f5es de botos na Bacia Amaz\u00f4nica, depois como refor\u00e7o para monitoramento territorial na Amaz\u00f4nia e no Cerrado. Desde o ano passado, o objetivo \u00e9 que a tecnologia ajude tamb\u00e9m na prote\u00e7\u00e3o contra o desmatamento e as queimadas\u201d<\/p><cite>diz Osvaldo Barassi Gajardo \u2013 Analista de Conserva\u00e7\u00e3o S\u00eanior do WWF-Brasil&nbsp;<\/cite><\/blockquote>\n\n\n\n<p>O uso de novas tecnologias para a conserva\u00e7\u00e3o da natureza \u00e9 uma tend\u00eancia irrevers\u00edvel, presente no mundo inteiro. A utiliza\u00e7\u00e3o de armadilhas fotogr\u00e1ficas, big data, sensores de ru\u00eddo, fotos de sat\u00e9lites e tagueamento de animais amea\u00e7ados tem facilitado o trabalho de diversos defensores da natureza, que se valem desses recursos para proteger e gerar informa\u00e7\u00f5es sobre animais, plantas, popula\u00e7\u00f5es e territ\u00f3rios.<\/p>\n\n\n\n<h3 class=\"wp-block-heading\">Monitoramento em TIs<\/h3>\n\n\n\n<p>Com 1.867.117 hectares, os Uru-Eu-Wau-Wau, situados em Rond\u00f4nia, t\u00eam aplicado a tecnologia com drones para monitorar seu territ\u00f3rio remotamente, enfatizando \u00e0s den\u00fancias de crimes ambientais e os riscos da biodiversidade naquela regi\u00e3o.&nbsp;<\/p>\n\n\n\n<p>A manuten\u00e7\u00e3o de Terras Ind\u00edgenas s\u00e3o um dos instrumentos mais poderosos de conserva\u00e7\u00e3o do Meio Ambiente \u2013 nos \u00faltimos 40 anos, apenas 2% das Terras Ind\u00edgenas perderam suas florestas originais. Esses territ\u00f3rios mant\u00eam estoques de recursos naturais, promovem servi\u00e7os ecossist\u00eamicos e ajudam na regula\u00e7\u00e3o clim\u00e1tica do planeta. Mesmo assim, s\u00e3o regi\u00f5es bastante amea\u00e7adas, que v\u00e1rios problemas, como ocorr\u00eancia de garimpo, roubo de madeira e invas\u00e3o de terras.<\/p>\n\n\n\n<blockquote class=\"wp-block-quote is-layout-flow wp-block-quote-is-layout-flow\"><p>\u201cCom a chegada dos drones, o trabalho de monitorar nossa regi\u00e3o ficou muito mais f\u00e1cil. A primeira vez que usamos o drone por conta pr\u00f3pria n\u00f3s encontramos uma \u00e1rea desmatada enorme, muito pr\u00f3xima das rotas que utilizamos dentro da Terra Ind\u00edgena, mas que jamais imagin\u00e1vamos que fosse atingida pelas invas\u00f5es e pelo desmatamento. Por terra a gente n\u00e3o acha o que acha com o drone\u201d<\/p><cite>afirmou o coordenador da Associa\u00e7\u00e3o do Povo Ind\u00edgena Uru-Eu-Wau-Wau, Bitat\u00e9 Uru-Eu-Wau-Wau, de 20 anos&nbsp;<\/cite><\/blockquote>\n\n\n\n<h3 class=\"wp-block-heading\">Preserva\u00e7\u00e3o<\/h3>\n\n\n\n<p>De acordo com Bitat\u00e9, com o drone foi poss\u00edvel encontrar \u00e0s margens do Rio Jamari, dentro da Terra Ind\u00edgena, um ninho de Gavi\u00e3o-Real (Harpia harpyja) \u2013 localizado numa trilha acess\u00edvel a 2 horas de caminhada da aldeia Jamari, onde Bitat\u00e9 vive \u2013 por\u00e9m, com o drone, \u00e9 poss\u00edvel acessar o ninho de um ponto espec\u00edfico do meio do rio, acess\u00edvel a 30 minutos da aldeia.&nbsp;<\/p>\n\n\n\n<blockquote class=\"wp-block-quote is-layout-flow wp-block-quote-is-layout-flow\"><p>\u201cAcabou que come\u00e7amos a monitorar a situa\u00e7\u00e3o daquele ninho tamb\u00e9m. Toda vez que pass\u00e1vamos por aquela regi\u00e3o, levant\u00e1vamos o drone para saber se ele ainda estava l\u00e1\u201d<\/p><\/blockquote>\n\n\n\n<p>O Gavi\u00e3o Real \u00e9 uma das mais poderosas aves de rapina do mundo \u2013 e a maior do Brasil. Ela chega a 1 metro de altura, 12 quilos e 2,25 metros de envergadura com as asas abertas. \u00c9 uma ave rara, imponente e que vive de maneira solit\u00e1ria em regi\u00f5es florestais remotas. Para diversos povos ind\u00edgenas, \u00e9 considerado um animal sagrado, \u201cdono\u201d da floresta e cujas penas s\u00e3o utilizadas para fazer flechas, penas e cocares.<\/p>\n\n\n\n<h3 class=\"wp-block-heading\">Monitoramento em tempo real<\/h3>\n\n\n\n<p>Em patrulha realizada pelos Uru-Eu-Wau-Wau, no final de julho, o grupo descobriu 18 pontos de desmatamento, sendo 15 deles com registro fotogr\u00e1fico, por meio de drone. Nesta opera\u00e7\u00e3o, os ind\u00edgenas passaram 4 dias excursionando dentro de seu territ\u00f3rio. Al\u00e9m das \u00e1reas identificadas, eles localizaram um invasor num acampamento com armas, motosserra e motocicleta a mais de 8 quil\u00f4metros da TI, sendo encaminhando \u00e0 delegacia e preso.<\/p>\n\n\n\n<h3 class=\"wp-block-heading\">Identificar e denunciar<\/h3>\n\n\n\n<p>Para o coordenador-geral da Associa\u00e7\u00e3o de Defesa Etnoambiental Kanind\u00e9 (RO), Israel Valle, \u00e9 poss\u00edvel falar em trabalhos antes dos drones e depois dos drones.&nbsp;<\/p>\n\n\n\n<blockquote class=\"wp-block-quote is-layout-flow wp-block-quote-is-layout-flow\"><p>\u201cAntes, n\u00f3s us\u00e1vamos informa\u00e7\u00f5es via sat\u00e9lite, que sempre vinham com algum atraso. Quando cheg\u00e1vamos na \u00e1rea, ela j\u00e1 estava queimada. A gente trabalhava com o que aconteceu. Com os drones voc\u00ea consegue identificar o desmatamento e uma queimada, por exemplo, e fazer uma den\u00fancia imediatamente\u201d<\/p><\/blockquote>\n\n\n\n<p>A Kanind\u00e9 \u00e9 uma das maiores e mais importantes organiza\u00e7\u00f5es indigenistas do Brasil e uma das parceiras do WWF-Brasil nesta iniciativa.&nbsp;<\/p>\n\n\n\n<blockquote class=\"wp-block-quote is-layout-flow wp-block-quote-is-layout-flow\"><p>\u201cEm dezembro de 2019, realizamos um treinamento para 40 pessoas na opera\u00e7\u00e3o dos drones. Dois Uru-Eu-Wau-Wau e o representante da Kanind\u00e9 participaram desta capacita\u00e7\u00e3o. No primeiro semestre, a Kanind\u00e9 deu in\u00edcio \u00e0 replica\u00e7\u00e3o desses conhecimentos, promovendo um treinamento para outros 15 ind\u00edgenas, que aprenderam a usar algumas das funcionalidades deste equipamento\u201d<\/p><cite>informa Gajardo&nbsp;<\/cite><\/blockquote>\n\n\n\n<p>Mas a utiliza\u00e7\u00e3o dos drones vai al\u00e9m do monitoramento territorial. Valle destaca que os ind\u00edgenas t\u00eam utilizado a ferramenta registros do dia a dia das aldeias, seja no plantio de caf\u00e9 e na prepara\u00e7\u00e3o da ro\u00e7a, por exemplo \u2013 compondo um registro etnogr\u00e1fico important\u00edssimo para os indigenistas brasileiros.<\/p>\n\n\n\n<h3 class=\"wp-block-heading\">Seguran\u00e7a e agilidade<\/h3>\n\n\n\n<p>Outro benef\u00edcio dos drones est\u00e1 na agilidade e seguran\u00e7a dos patrulheiros que est\u00e3o fazendo o monitoramento. Antes o grupo gastava um dia inteiro andando pela mata, mas agora conseguiram reduzir para metade do tempo e com uma abrang\u00eancia territorial mais ampla.<\/p>\n\n\n\n<p>O uso dos drones permite que as associa\u00e7\u00f5es de base da Amaz\u00f4nia realizem seus trabalhos de monitoramento e prote\u00e7\u00e3o territorial de forma mais segura e qualificada.&nbsp;<\/p>\n\n\n\n<blockquote class=\"wp-block-quote is-layout-flow wp-block-quote-is-layout-flow\"><p>\u201cEste tipo de ferramenta permite obter elementos e evid\u00eancias concretas, e ajudam a subsidiar den\u00fancias que ser\u00e3o encaminhadas aos \u00f3rg\u00e3os p\u00fablicos competentes que lidam com fiscaliza\u00e7\u00e3o ambiental\u201d<\/p><cite>finaliza o executivo do WWF-Brasil&nbsp;<\/cite><\/blockquote>\n\n\n\n<h3 class=\"wp-block-heading\">Aumento nas queimadas<\/h3>\n\n\n\n<p>De acordo com o Instituto Nacional de Pesquisas Espaciais (Inpe), julho de 2020 registrou um aumento de 28% nos \u00edndices de queimadas na Amaz\u00f4nia em rela\u00e7\u00e3o ao mesmo per\u00edodo do ano passado. Foram 6.803 focos em 2020 contra 5.318 em 2019.<\/p>\n","protected":false},"excerpt":{"rendered":"<p>18 organiza\u00e7\u00f5es, em seis estados diferentes, v\u00eam utilizando a tecnologia com o objetivo de diminuir taxas de desmatamento e focos de inc\u00eandio.<\/p>\n","protected":false},"author":1,"featured_media":0,"comment_status":"closed","ping_status":"open","sticky":false,"template":"","format":"standard","meta":{"_exactmetrics_skip_tracking":false,"_exactmetrics_sitenote_active":false,"_exactmetrics_sitenote_note":"","_exactmetrics_sitenote_category":0,"jetpack_post_was_ever_published":false,"_jetpack_newsletter_access":"","_jetpack_dont_email_post_to_subs":false,"_jetpack_newsletter_tier_id":0,"_jetpack_memberships_contains_paywalled_content":false,"_jetpack_memberships_contains_paid_content":false,"footnotes":"","jetpack_publicize_message":"","jetpack_publicize_feature_enabled":true,"jetpack_social_post_already_shared":true,"jetpack_social_options":{"image_generator_settings":{"template":"highway","enabled":false},"version":2}},"categories":[1],"tags":[],"class_list":["post-29612","post","type-post","status-publish","format-standard","hentry","category-notas"],"jetpack_publicize_connections":[],"jetpack_sharing_enabled":true,"jetpack_featured_media_url":"","jetpack_shortlink":"https:\/\/wp.me\/p7wKYW-7HC","jetpack-related-posts":[],"_links":{"self":[{"href":"http:\/\/blogdalucianaoliveira.com.br\/blog\/wp-json\/wp\/v2\/posts\/29612","targetHints":{"allow":["GET"]}}],"collection":[{"href":"http:\/\/blogdalucianaoliveira.com.br\/blog\/wp-json\/wp\/v2\/posts"}],"about":[{"href":"http:\/\/blogdalucianaoliveira.com.br\/blog\/wp-json\/wp\/v2\/types\/post"}],"author":[{"embeddable":true,"href":"http:\/\/blogdalucianaoliveira.com.br\/blog\/wp-json\/wp\/v2\/users\/1"}],"replies":[{"embeddable":true,"href":"http:\/\/blogdalucianaoliveira.com.br\/blog\/wp-json\/wp\/v2\/comments?post=29612"}],"version-history":[{"count":1,"href":"http:\/\/blogdalucianaoliveira.com.br\/blog\/wp-json\/wp\/v2\/posts\/29612\/revisions"}],"predecessor-version":[{"id":29614,"href":"http:\/\/blogdalucianaoliveira.com.br\/blog\/wp-json\/wp\/v2\/posts\/29612\/revisions\/29614"}],"wp:attachment":[{"href":"http:\/\/blogdalucianaoliveira.com.br\/blog\/wp-json\/wp\/v2\/media?parent=29612"}],"wp:term":[{"taxonomy":"category","embeddable":true,"href":"http:\/\/blogdalucianaoliveira.com.br\/blog\/wp-json\/wp\/v2\/categories?post=29612"},{"taxonomy":"post_tag","embeddable":true,"href":"http:\/\/blogdalucianaoliveira.com.br\/blog\/wp-json\/wp\/v2\/tags?post=29612"}],"curies":[{"name":"wp","href":"https:\/\/api.w.org\/{rel}","templated":true}]}}