{"id":29615,"date":"2020-08-26T20:52:50","date_gmt":"2020-08-27T00:52:50","guid":{"rendered":"http:\/\/blogdalucianaoliveira.com.br\/blog\/?p=29615"},"modified":"2020-08-26T20:52:58","modified_gmt":"2020-08-27T00:52:58","slug":"benedita-da-silva-foi-atacada-por-racista-no-mesmo-dia-em-que-o-tse-aprovou-sua-proposta-de-cotas-eleitorais-para-negros","status":"publish","type":"post","link":"http:\/\/blogdalucianaoliveira.com.br\/blog\/2020\/08\/26\/benedita-da-silva-foi-atacada-por-racista-no-mesmo-dia-em-que-o-tse-aprovou-sua-proposta-de-cotas-eleitorais-para-negros\/","title":{"rendered":"Benedita da Silva foi atacada por racista no mesmo dia em que o TSE aprovou sua proposta de cotas eleitorais para negros"},"content":{"rendered":"\n<figure class=\"wp-block-image size-large\"><img data-recalc-dims=\"1\" loading=\"lazy\" decoding=\"async\" width=\"600\" height=\"401\" data-attachment-id=\"29616\" data-permalink=\"http:\/\/blogdalucianaoliveira.com.br\/blog\/2020\/08\/26\/benedita-da-silva-foi-atacada-por-racista-no-mesmo-dia-em-que-o-tse-aprovou-sua-proposta-de-cotas-eleitorais-para-negros\/6189a827-0fdf-4ef4-9aeb-781606cad611\/\" data-orig-file=\"https:\/\/i0.wp.com\/blogdalucianaoliveira.com.br\/blog\/wp-content\/uploads\/2020\/08\/6189A827-0FDF-4EF4-9AEB-781606CAD611.jpeg?fit=640%2C428\" data-orig-size=\"640,428\" data-comments-opened=\"0\" data-image-meta=\"{&quot;aperture&quot;:&quot;0&quot;,&quot;credit&quot;:&quot;&quot;,&quot;camera&quot;:&quot;&quot;,&quot;caption&quot;:&quot;&quot;,&quot;created_timestamp&quot;:&quot;0&quot;,&quot;copyright&quot;:&quot;&quot;,&quot;focal_length&quot;:&quot;0&quot;,&quot;iso&quot;:&quot;0&quot;,&quot;shutter_speed&quot;:&quot;0&quot;,&quot;title&quot;:&quot;&quot;,&quot;orientation&quot;:&quot;1&quot;}\" data-image-title=\"6189A827-0FDF-4EF4-9AEB-781606CAD611\" data-image-description=\"\" data-image-caption=\"\" data-medium-file=\"https:\/\/i0.wp.com\/blogdalucianaoliveira.com.br\/blog\/wp-content\/uploads\/2020\/08\/6189A827-0FDF-4EF4-9AEB-781606CAD611.jpeg?fit=300%2C201\" data-large-file=\"https:\/\/i0.wp.com\/blogdalucianaoliveira.com.br\/blog\/wp-content\/uploads\/2020\/08\/6189A827-0FDF-4EF4-9AEB-781606CAD611.jpeg?fit=600%2C401\" src=\"https:\/\/i0.wp.com\/blogdalucianaoliveira.com.br\/blog\/wp-content\/uploads\/2020\/08\/6189A827-0FDF-4EF4-9AEB-781606CAD611.jpeg?resize=600%2C401\" alt=\"\" class=\"wp-image-29616\" srcset=\"https:\/\/i0.wp.com\/blogdalucianaoliveira.com.br\/blog\/wp-content\/uploads\/2020\/08\/6189A827-0FDF-4EF4-9AEB-781606CAD611.jpeg?w=640 640w, https:\/\/i0.wp.com\/blogdalucianaoliveira.com.br\/blog\/wp-content\/uploads\/2020\/08\/6189A827-0FDF-4EF4-9AEB-781606CAD611.jpeg?resize=300%2C201 300w, https:\/\/i0.wp.com\/blogdalucianaoliveira.com.br\/blog\/wp-content\/uploads\/2020\/08\/6189A827-0FDF-4EF4-9AEB-781606CAD611.jpeg?resize=449%2C300 449w\" sizes=\"auto, (max-width: 600px) 100vw, 600px\" \/><\/figure>\n\n\n\n<p>Deputada do PT \u00e9 autora da consulta que foi aprovada pelo TSE e que determina a distribui\u00e7\u00e3o proporcional dos recursos de campanha e tamb\u00e9m de tempo de televis\u00e3o a candidaturas negras a partir de 2022; no mesmo dia, Benedita foi atacada em postagem racista.<\/p>\n\n\n\n<!--more-->\n\n\n\n<p>Revista Forum<\/p>\n\n\n\n<p>O Tribunal Superior Eleitoral (TSE) aprovou nesta ter\u00e7a-feira (25), por 6 votos a 1,&nbsp;<a href=\"https:\/\/revistaforum.com.br\/debates\/avanco-no-tse-sobre-financiamento-eleitoral-de-candidaturas-negras-por-isadora-salomao\/\">o financiamento eleitoral proporcional para candidaturas negras<\/a>&nbsp;e tamb\u00e9m a distribui\u00e7\u00e3o proporcional, a essas candidaturas, de tempo de TV do hor\u00e1rio eleitoral gratuito. A nova regra entrar\u00e1 em vigor a partir das elei\u00e7\u00f5es de 2022.&nbsp;<\/p>\n\n\n\n<p>A decis\u00e3o se deu gra\u00e7as a uma consulta apresentada pela deputada federal e pr\u00e9-candidata \u00e0 prefeitura do Rio de Janeiro, Benedita da Silva (PT-RJ), que foi a primeira senadora negra da hist\u00f3ria do pa\u00eds.<\/p>\n\n\n\n<p>\u201cFoi decidido ontem, pelo TSE, que os partidos devem garantir parte de seus recursos eleitorais para apoiar candidaturas de negros e negras. Isso significa que fomos a luta por nossos direitos e pela igualdade na visibilidade no meio pol\u00edtico e conseguimos sair vitoriosos!\u201d, comemorou Ben\u00e9, como \u00e9 carinhosamente chamada pelos amigos, nesta quarta-feira (26).&nbsp;<\/p>\n\n\n\n<p>\u201cSomos 57% da popula\u00e7\u00e3o brasileira e representamos somente 18% do Congresso Nacional. Mas a partir de 2022 isto pode mudar. Esta vit\u00f3ria n\u00e3o \u00e9 somente minha. \u00c9 nossa. Seguimos juntos nessa luta!\u201d, completou a petista.<\/p>\n\n\n\n<h2 class=\"wp-block-heading\">Racismo<\/h2>\n\n\n\n<p>Ironicamente, a decis\u00e3o do TSE sobre a consulta de Benedita da Silva, que representa uma vit\u00f3ria para o movimento negro, se deu no mesmo dia em que a deputada foi&nbsp;<a href=\"https:\/\/revistaforum.com.br\/noticias\/especialista-em-gestao-de-pessoas-de-belem-pa-ataca-benedita-da-silva-com-postagem-racista\/\">alvo de um ataque racista nas redes sociais<\/a>.&nbsp;<\/p>\n\n\n\n<p>\u201cAdministrador especialista em gest\u00e3o com pessoas\u201d, como ele mesmo se define nas redes sociais, Julio Marcos Saraiva, morador de Bel\u00e9m (PA), usou sua conta do Facebook, nesta ter\u00e7a-feira (25), para ofender a petista.&nbsp;<\/p>\n\n\n\n<p>\u201cMulher feia,ins\u00edpida,inodora,incolor, preta rid\u00edcula,bei\u00e7uda,nariz de tomada,essa vagabunda, criou uma lei, que da para quem e quilombola,(pregui\u00e7osos e lerdos) e preto em geral, cota de 20 % nos partidos na pr\u00f3xima elei\u00e7\u00e3o, vai inviabilizar os partidos, s\u00f3 podia ser coisa dessa negra idiota, l\u00edder da esquerda evang\u00e9lica\u201d, disparou Saraiva.<\/p>\n\n\n\n<p>A postagem gerou revolta e in\u00fameros internautas denunciaram o perfil do agressor, assim como iniciaram uma campanha de solidariedade \u00e0 Benedita da Silva nas redes sociais.<\/p>\n","protected":false},"excerpt":{"rendered":"<p>Deputada do PT \u00e9 autora da consulta que foi aprovada pelo TSE e que determina a distribui\u00e7\u00e3o proporcional dos recursos de campanha e tamb\u00e9m de tempo de televis\u00e3o a candidaturas negras a partir de 2022; no mesmo dia, Benedita foi atacada em postagem racista.<\/p>\n","protected":false},"author":1,"featured_media":0,"comment_status":"closed","ping_status":"open","sticky":false,"template":"","format":"standard","meta":{"_exactmetrics_skip_tracking":false,"_exactmetrics_sitenote_active":false,"_exactmetrics_sitenote_note":"","_exactmetrics_sitenote_category":0,"jetpack_post_was_ever_published":false,"_jetpack_newsletter_access":"","_jetpack_dont_email_post_to_subs":false,"_jetpack_newsletter_tier_id":0,"_jetpack_memberships_contains_paywalled_content":false,"_jetpack_memberships_contains_paid_content":false,"footnotes":"","jetpack_publicize_message":"","jetpack_publicize_feature_enabled":true,"jetpack_social_post_already_shared":true,"jetpack_social_options":{"image_generator_settings":{"template":"highway","enabled":false},"version":2}},"categories":[1],"tags":[],"class_list":["post-29615","post","type-post","status-publish","format-standard","hentry","category-notas"],"jetpack_publicize_connections":[],"jetpack_sharing_enabled":true,"jetpack_featured_media_url":"","jetpack_shortlink":"https:\/\/wp.me\/p7wKYW-7HF","jetpack-related-posts":[],"_links":{"self":[{"href":"http:\/\/blogdalucianaoliveira.com.br\/blog\/wp-json\/wp\/v2\/posts\/29615","targetHints":{"allow":["GET"]}}],"collection":[{"href":"http:\/\/blogdalucianaoliveira.com.br\/blog\/wp-json\/wp\/v2\/posts"}],"about":[{"href":"http:\/\/blogdalucianaoliveira.com.br\/blog\/wp-json\/wp\/v2\/types\/post"}],"author":[{"embeddable":true,"href":"http:\/\/blogdalucianaoliveira.com.br\/blog\/wp-json\/wp\/v2\/users\/1"}],"replies":[{"embeddable":true,"href":"http:\/\/blogdalucianaoliveira.com.br\/blog\/wp-json\/wp\/v2\/comments?post=29615"}],"version-history":[{"count":1,"href":"http:\/\/blogdalucianaoliveira.com.br\/blog\/wp-json\/wp\/v2\/posts\/29615\/revisions"}],"predecessor-version":[{"id":29617,"href":"http:\/\/blogdalucianaoliveira.com.br\/blog\/wp-json\/wp\/v2\/posts\/29615\/revisions\/29617"}],"wp:attachment":[{"href":"http:\/\/blogdalucianaoliveira.com.br\/blog\/wp-json\/wp\/v2\/media?parent=29615"}],"wp:term":[{"taxonomy":"category","embeddable":true,"href":"http:\/\/blogdalucianaoliveira.com.br\/blog\/wp-json\/wp\/v2\/categories?post=29615"},{"taxonomy":"post_tag","embeddable":true,"href":"http:\/\/blogdalucianaoliveira.com.br\/blog\/wp-json\/wp\/v2\/tags?post=29615"}],"curies":[{"name":"wp","href":"https:\/\/api.w.org\/{rel}","templated":true}]}}