{"id":29621,"date":"2020-08-27T10:22:39","date_gmt":"2020-08-27T14:22:39","guid":{"rendered":"http:\/\/blogdalucianaoliveira.com.br\/blog\/?p=29621"},"modified":"2020-08-27T10:22:44","modified_gmt":"2020-08-27T14:22:44","slug":"estados-unidos-brasil-e-espanha-lideram-desinformacoes-contra-vacina-da-covid-19","status":"publish","type":"post","link":"http:\/\/blogdalucianaoliveira.com.br\/blog\/2020\/08\/27\/estados-unidos-brasil-e-espanha-lideram-desinformacoes-contra-vacina-da-covid-19\/","title":{"rendered":"Estados Unidos, Brasil e Espanha lideram desinforma\u00e7\u00f5es contra vacina da Covid-19"},"content":{"rendered":"\n<figure class=\"wp-block-image size-large\"><img data-recalc-dims=\"1\" loading=\"lazy\" decoding=\"async\" width=\"500\" height=\"240\" data-attachment-id=\"29622\" data-permalink=\"http:\/\/blogdalucianaoliveira.com.br\/blog\/2020\/08\/27\/estados-unidos-brasil-e-espanha-lideram-desinformacoes-contra-vacina-da-covid-19\/image-35-10\/\" data-orig-file=\"https:\/\/i0.wp.com\/blogdalucianaoliveira.com.br\/blog\/wp-content\/uploads\/2020\/08\/image-35.jpeg?fit=500%2C240\" data-orig-size=\"500,240\" data-comments-opened=\"0\" data-image-meta=\"{&quot;aperture&quot;:&quot;0&quot;,&quot;credit&quot;:&quot;&quot;,&quot;camera&quot;:&quot;&quot;,&quot;caption&quot;:&quot;&quot;,&quot;created_timestamp&quot;:&quot;0&quot;,&quot;copyright&quot;:&quot;&quot;,&quot;focal_length&quot;:&quot;0&quot;,&quot;iso&quot;:&quot;0&quot;,&quot;shutter_speed&quot;:&quot;0&quot;,&quot;title&quot;:&quot;&quot;,&quot;orientation&quot;:&quot;0&quot;}\" data-image-title=\"image-35\" data-image-description=\"\" data-image-caption=\"\" data-medium-file=\"https:\/\/i0.wp.com\/blogdalucianaoliveira.com.br\/blog\/wp-content\/uploads\/2020\/08\/image-35.jpeg?fit=300%2C144\" data-large-file=\"https:\/\/i0.wp.com\/blogdalucianaoliveira.com.br\/blog\/wp-content\/uploads\/2020\/08\/image-35.jpeg?fit=500%2C240\" src=\"https:\/\/i0.wp.com\/blogdalucianaoliveira.com.br\/blog\/wp-content\/uploads\/2020\/08\/image-35.jpeg?resize=500%2C240\" alt=\"\" class=\"wp-image-29622\" srcset=\"https:\/\/i0.wp.com\/blogdalucianaoliveira.com.br\/blog\/wp-content\/uploads\/2020\/08\/image-35.jpeg?w=500 500w, https:\/\/i0.wp.com\/blogdalucianaoliveira.com.br\/blog\/wp-content\/uploads\/2020\/08\/image-35.jpeg?resize=300%2C144 300w\" sizes=\"auto, (max-width: 500px) 100vw, 500px\" \/><\/figure>\n\n\n\n<p><strong>247 \u2013<\/strong>&nbsp;Posts com informa\u00e7\u00f5es falsas t\u00eam provocado d\u00favidas ao redor do mundo sobre as vacinas contra a Covid-19 em desenvolvimento. Das 502 checagens realizadas em todo o mundo desde o in\u00edcio da pandemia, 144 desacreditam dos esfor\u00e7os cient\u00edficos para o desenvolvimento de um imunizante. Os pa\u00edses que lideram o ranking s\u00e3o os Estados Unidos, Brasil e Espanha, respectivamente. A informa\u00e7\u00e3o \u00e9 do jornal&nbsp;<a target=\"_blank\" rel=\"noreferrer noopener\" href=\"https:\/\/www1.folha.uol.com.br\/equilibrioesaude\/2020\/08\/eua-brasil-e-espanha-lideram-desinformacao-contra-vacinas-da-covid-19.shtml\">Folha de S. Paulo. &nbsp;<\/a><\/p>\n\n\n\n<p>Ainda considerando as 502 checagens, 35 desmentem relatos de mortes de participantes na fase de testagem de alguma das vacinas em desenvolvimento. Entre 38 pa\u00edses analisados, 19 checagens foram realizadas no Estados Unidos, Brasil (14), Espanha (14), It\u00e1lia (11) e Ucr\u00e2nia (10), acrescenta a reportagem.<\/p>\n","protected":false},"excerpt":{"rendered":"<p>247 \u2013&nbsp;Posts com informa\u00e7\u00f5es falsas t\u00eam provocado d\u00favidas ao redor do mundo sobre as vacinas contra a Covid-19 em desenvolvimento. Das 502 checagens realizadas em todo o mundo desde o in\u00edcio da pandemia, 144 desacreditam dos esfor\u00e7os cient\u00edficos para o desenvolvimento de um imunizante. Os pa\u00edses que lideram o ranking s\u00e3o os Estados Unidos, Brasil&#8230;<a class=\"more-link\" href=\"http:\/\/blogdalucianaoliveira.com.br\/blog\/2020\/08\/27\/estados-unidos-brasil-e-espanha-lideram-desinformacoes-contra-vacina-da-covid-19\/\">Continue a leitura <span class=\"meta-nav\">&raquo;<\/span><\/a><\/p>\n","protected":false},"author":1,"featured_media":0,"comment_status":"closed","ping_status":"open","sticky":false,"template":"","format":"standard","meta":{"_exactmetrics_skip_tracking":false,"_exactmetrics_sitenote_active":false,"_exactmetrics_sitenote_note":"","_exactmetrics_sitenote_category":0,"jetpack_post_was_ever_published":false,"_jetpack_newsletter_access":"","_jetpack_dont_email_post_to_subs":false,"_jetpack_newsletter_tier_id":0,"_jetpack_memberships_contains_paywalled_content":false,"_jetpack_memberships_contains_paid_content":false,"footnotes":"","jetpack_publicize_message":"","jetpack_publicize_feature_enabled":true,"jetpack_social_post_already_shared":true,"jetpack_social_options":{"image_generator_settings":{"template":"highway","enabled":false},"version":2}},"categories":[1],"tags":[],"class_list":["post-29621","post","type-post","status-publish","format-standard","hentry","category-notas"],"jetpack_publicize_connections":[],"jetpack_sharing_enabled":true,"jetpack_featured_media_url":"","jetpack_shortlink":"https:\/\/wp.me\/p7wKYW-7HL","jetpack-related-posts":[],"_links":{"self":[{"href":"http:\/\/blogdalucianaoliveira.com.br\/blog\/wp-json\/wp\/v2\/posts\/29621","targetHints":{"allow":["GET"]}}],"collection":[{"href":"http:\/\/blogdalucianaoliveira.com.br\/blog\/wp-json\/wp\/v2\/posts"}],"about":[{"href":"http:\/\/blogdalucianaoliveira.com.br\/blog\/wp-json\/wp\/v2\/types\/post"}],"author":[{"embeddable":true,"href":"http:\/\/blogdalucianaoliveira.com.br\/blog\/wp-json\/wp\/v2\/users\/1"}],"replies":[{"embeddable":true,"href":"http:\/\/blogdalucianaoliveira.com.br\/blog\/wp-json\/wp\/v2\/comments?post=29621"}],"version-history":[{"count":1,"href":"http:\/\/blogdalucianaoliveira.com.br\/blog\/wp-json\/wp\/v2\/posts\/29621\/revisions"}],"predecessor-version":[{"id":29623,"href":"http:\/\/blogdalucianaoliveira.com.br\/blog\/wp-json\/wp\/v2\/posts\/29621\/revisions\/29623"}],"wp:attachment":[{"href":"http:\/\/blogdalucianaoliveira.com.br\/blog\/wp-json\/wp\/v2\/media?parent=29621"}],"wp:term":[{"taxonomy":"category","embeddable":true,"href":"http:\/\/blogdalucianaoliveira.com.br\/blog\/wp-json\/wp\/v2\/categories?post=29621"},{"taxonomy":"post_tag","embeddable":true,"href":"http:\/\/blogdalucianaoliveira.com.br\/blog\/wp-json\/wp\/v2\/tags?post=29621"}],"curies":[{"name":"wp","href":"https:\/\/api.w.org\/{rel}","templated":true}]}}