{"id":29633,"date":"2020-08-28T07:54:53","date_gmt":"2020-08-28T11:54:53","guid":{"rendered":"http:\/\/blogdalucianaoliveira.com.br\/blog\/?p=29633"},"modified":"2020-08-28T09:08:05","modified_gmt":"2020-08-28T13:08:05","slug":"povo-paiter-surui-perde-mais-uma-lideranca-para-a-covid-19","status":"publish","type":"post","link":"http:\/\/blogdalucianaoliveira.com.br\/blog\/2020\/08\/28\/povo-paiter-surui-perde-mais-uma-lideranca-para-a-covid-19\/","title":{"rendered":"Povo Paiter Suru\u00ed perde mais uma lideran\u00e7a para a Covid-19"},"content":{"rendered":"\n<figure class=\"wp-block-image size-large\"><img data-recalc-dims=\"1\" loading=\"lazy\" decoding=\"async\" width=\"600\" height=\"449\" data-attachment-id=\"29639\" data-permalink=\"http:\/\/blogdalucianaoliveira.com.br\/blog\/2020\/08\/28\/povo-paiter-surui-perde-mais-uma-lideranca-para-a-covid-19\/b59bf2c6-7df0-450a-a1ec-1f485db2a188\/\" data-orig-file=\"https:\/\/i0.wp.com\/blogdalucianaoliveira.com.br\/blog\/wp-content\/uploads\/2020\/08\/B59BF2C6-7DF0-450A-A1EC-1F485DB2A188.jpeg?fit=640%2C479\" data-orig-size=\"640,479\" data-comments-opened=\"0\" data-image-meta=\"{&quot;aperture&quot;:&quot;0&quot;,&quot;credit&quot;:&quot;&quot;,&quot;camera&quot;:&quot;&quot;,&quot;caption&quot;:&quot;&quot;,&quot;created_timestamp&quot;:&quot;0&quot;,&quot;copyright&quot;:&quot;&quot;,&quot;focal_length&quot;:&quot;0&quot;,&quot;iso&quot;:&quot;0&quot;,&quot;shutter_speed&quot;:&quot;0&quot;,&quot;title&quot;:&quot;&quot;,&quot;orientation&quot;:&quot;1&quot;}\" data-image-title=\"B59BF2C6-7DF0-450A-A1EC-1F485DB2A188\" data-image-description=\"\" data-image-caption=\"\" data-medium-file=\"https:\/\/i0.wp.com\/blogdalucianaoliveira.com.br\/blog\/wp-content\/uploads\/2020\/08\/B59BF2C6-7DF0-450A-A1EC-1F485DB2A188.jpeg?fit=300%2C225\" data-large-file=\"https:\/\/i0.wp.com\/blogdalucianaoliveira.com.br\/blog\/wp-content\/uploads\/2020\/08\/B59BF2C6-7DF0-450A-A1EC-1F485DB2A188.jpeg?fit=600%2C449\" src=\"https:\/\/i0.wp.com\/blogdalucianaoliveira.com.br\/blog\/wp-content\/uploads\/2020\/08\/B59BF2C6-7DF0-450A-A1EC-1F485DB2A188.jpeg?resize=600%2C449\" alt=\"\" class=\"wp-image-29639\" srcset=\"https:\/\/i0.wp.com\/blogdalucianaoliveira.com.br\/blog\/wp-content\/uploads\/2020\/08\/B59BF2C6-7DF0-450A-A1EC-1F485DB2A188.jpeg?w=640 640w, https:\/\/i0.wp.com\/blogdalucianaoliveira.com.br\/blog\/wp-content\/uploads\/2020\/08\/B59BF2C6-7DF0-450A-A1EC-1F485DB2A188.jpeg?resize=300%2C225 300w, https:\/\/i0.wp.com\/blogdalucianaoliveira.com.br\/blog\/wp-content\/uploads\/2020\/08\/B59BF2C6-7DF0-450A-A1EC-1F485DB2A188.jpeg?resize=401%2C300 401w\" sizes=\"auto, (max-width: 600px) 100vw, 600px\" \/><\/figure>\n\n\n\n<p>\u00c9 a segunda morte na Terra Ind\u00edgena Sete de Setembro essa semana.&nbsp;<\/p>\n\n\n\n<p>Renato Labiway Suru\u00ed estava internado h\u00e1 mais de 15 dias em hospital do munic\u00edpio de Cacoal e faleceu na noite desta quinta-feira, 28.&nbsp;<\/p>\n\n\n\n<!--more-->\n\n\n\n<p>Na segunda-feira, o povo que tem apenas meio s\u00e9culo de contato perdeu Iabibi Suru\u00ed.&nbsp;<\/p>\n\n\n\n<p>As aldeias t\u00eam dezenas de infectados e dois est\u00e3o internados em Unidades de Tratamento Intensivo &#8211; UTI.&nbsp;<br><\/p>\n\n\n\n<p>Celso Suru\u00ed, disse que n\u00e3o tem palavras pra expressar a dor da fam\u00edlia. <br><\/p>\n\n\n\n<figure class=\"wp-block-image size-large\"><img data-recalc-dims=\"1\" loading=\"lazy\" decoding=\"async\" width=\"600\" height=\"374\" data-attachment-id=\"29636\" data-permalink=\"http:\/\/blogdalucianaoliveira.com.br\/blog\/2020\/08\/28\/povo-paiter-surui-perde-mais-uma-lideranca-para-a-covid-19\/9c519218-fe40-4567-89d6-f59b0b085309\/\" data-orig-file=\"https:\/\/i0.wp.com\/blogdalucianaoliveira.com.br\/blog\/wp-content\/uploads\/2020\/08\/9C519218-FE40-4567-89D6-F59B0B085309.jpeg?fit=669%2C417\" data-orig-size=\"669,417\" data-comments-opened=\"0\" data-image-meta=\"{&quot;aperture&quot;:&quot;0&quot;,&quot;credit&quot;:&quot;&quot;,&quot;camera&quot;:&quot;&quot;,&quot;caption&quot;:&quot;&quot;,&quot;created_timestamp&quot;:&quot;0&quot;,&quot;copyright&quot;:&quot;&quot;,&quot;focal_length&quot;:&quot;0&quot;,&quot;iso&quot;:&quot;0&quot;,&quot;shutter_speed&quot;:&quot;0&quot;,&quot;title&quot;:&quot;&quot;,&quot;orientation&quot;:&quot;0&quot;}\" data-image-title=\"9C519218-FE40-4567-89D6-F59B0B085309\" data-image-description=\"\" data-image-caption=\"\" data-medium-file=\"https:\/\/i0.wp.com\/blogdalucianaoliveira.com.br\/blog\/wp-content\/uploads\/2020\/08\/9C519218-FE40-4567-89D6-F59B0B085309.jpeg?fit=300%2C187\" data-large-file=\"https:\/\/i0.wp.com\/blogdalucianaoliveira.com.br\/blog\/wp-content\/uploads\/2020\/08\/9C519218-FE40-4567-89D6-F59B0B085309.jpeg?fit=600%2C374\" src=\"https:\/\/i0.wp.com\/blogdalucianaoliveira.com.br\/blog\/wp-content\/uploads\/2020\/08\/9C519218-FE40-4567-89D6-F59B0B085309.jpeg?resize=600%2C374\" alt=\"\" class=\"wp-image-29636\" srcset=\"https:\/\/i0.wp.com\/blogdalucianaoliveira.com.br\/blog\/wp-content\/uploads\/2020\/08\/9C519218-FE40-4567-89D6-F59B0B085309.jpeg?w=669 669w, https:\/\/i0.wp.com\/blogdalucianaoliveira.com.br\/blog\/wp-content\/uploads\/2020\/08\/9C519218-FE40-4567-89D6-F59B0B085309.jpeg?resize=300%2C187 300w, https:\/\/i0.wp.com\/blogdalucianaoliveira.com.br\/blog\/wp-content\/uploads\/2020\/08\/9C519218-FE40-4567-89D6-F59B0B085309.jpeg?resize=481%2C300 481w\" sizes=\"auto, (max-width: 600px) 100vw, 600px\" \/><\/figure>\n\n\n\n<p>\u201cS\u00e3o perdas inesperadas que aconteceram de forma t\u00e3o r\u00e1pida e jamais esper\u00e1vamos por essa trag\u00e9dia. Deixa todos n\u00f3s familiares \u00f3rf\u00e3os. Isso \u00e9 resultado do descaso do governo com os povos ind\u00edgenas nessa pandemia\u201d, desabafou Celso.<\/p>\n\n\n\n<p>Renato tinha 50 anos, sete filhos e morava na aldeia Lapetanha.<\/p>\n\n\n\n<p>Ele \u00e9 irm\u00e3o de Almir Narayamoga Suru\u00ed, lideran\u00e7a que vem denunciando por meio das redes sociais a falta de pol\u00edticas p\u00fablicas para proteger seu povo e territ\u00f3rio.&nbsp;<br><br><\/p>\n\n\n\n<figure class=\"wp-block-image size-large\"><img data-recalc-dims=\"1\" loading=\"lazy\" decoding=\"async\" width=\"600\" height=\"450\" data-attachment-id=\"29640\" data-permalink=\"http:\/\/blogdalucianaoliveira.com.br\/blog\/2020\/08\/28\/povo-paiter-surui-perde-mais-uma-lideranca-para-a-covid-19\/77a11e70-2063-436c-af8a-1cfc52c8bd2a\/\" data-orig-file=\"https:\/\/i0.wp.com\/blogdalucianaoliveira.com.br\/blog\/wp-content\/uploads\/2020\/08\/77A11E70-2063-436C-AF8A-1CFC52C8BD2A.jpeg?fit=640%2C480\" data-orig-size=\"640,480\" data-comments-opened=\"0\" data-image-meta=\"{&quot;aperture&quot;:&quot;0&quot;,&quot;credit&quot;:&quot;&quot;,&quot;camera&quot;:&quot;&quot;,&quot;caption&quot;:&quot;&quot;,&quot;created_timestamp&quot;:&quot;0&quot;,&quot;copyright&quot;:&quot;&quot;,&quot;focal_length&quot;:&quot;0&quot;,&quot;iso&quot;:&quot;0&quot;,&quot;shutter_speed&quot;:&quot;0&quot;,&quot;title&quot;:&quot;&quot;,&quot;orientation&quot;:&quot;1&quot;}\" data-image-title=\"77A11E70-2063-436C-AF8A-1CFC52C8BD2A\" data-image-description=\"\" data-image-caption=\"\" data-medium-file=\"https:\/\/i0.wp.com\/blogdalucianaoliveira.com.br\/blog\/wp-content\/uploads\/2020\/08\/77A11E70-2063-436C-AF8A-1CFC52C8BD2A.jpeg?fit=300%2C225\" data-large-file=\"https:\/\/i0.wp.com\/blogdalucianaoliveira.com.br\/blog\/wp-content\/uploads\/2020\/08\/77A11E70-2063-436C-AF8A-1CFC52C8BD2A.jpeg?fit=600%2C450\" src=\"https:\/\/i0.wp.com\/blogdalucianaoliveira.com.br\/blog\/wp-content\/uploads\/2020\/08\/77A11E70-2063-436C-AF8A-1CFC52C8BD2A.jpeg?resize=600%2C450\" alt=\"\" class=\"wp-image-29640\" srcset=\"https:\/\/i0.wp.com\/blogdalucianaoliveira.com.br\/blog\/wp-content\/uploads\/2020\/08\/77A11E70-2063-436C-AF8A-1CFC52C8BD2A.jpeg?w=640 640w, https:\/\/i0.wp.com\/blogdalucianaoliveira.com.br\/blog\/wp-content\/uploads\/2020\/08\/77A11E70-2063-436C-AF8A-1CFC52C8BD2A.jpeg?resize=300%2C225 300w, https:\/\/i0.wp.com\/blogdalucianaoliveira.com.br\/blog\/wp-content\/uploads\/2020\/08\/77A11E70-2063-436C-AF8A-1CFC52C8BD2A.jpeg?resize=400%2C300 400w\" sizes=\"auto, (max-width: 600px) 100vw, 600px\" \/><\/figure>\n\n\n\n<p>\u201cN\u00e3o s\u00e3o s\u00f3 perdas de lideran\u00e7as ind\u00edgenas, mas de seres humanos. O governo deveria agir com responsabilidade para garantir sa\u00fade ind\u00edgena de qualidade, porque todo ser humano tem direito de ter\u201d, disse Almir. <br><\/p>\n\n\n\n<p>Iabibi foi enterrado sem ritual ind\u00edgena e conforme orienta\u00e7\u00e3o do Minist\u00e9rio da Sa\u00fade, r\u00e1pido e sem aglomera\u00e7\u00e3o, mesmo ocorrer\u00e1 com Renato. <br><\/p>\n","protected":false},"excerpt":{"rendered":"<p>\u00c9 a segunda morte na Terra Ind\u00edgena Sete de Setembro essa semana.&nbsp; Renato Labiway Suru\u00ed estava internado h\u00e1 mais de 15 dias em hospital do munic\u00edpio de Cacoal e faleceu na noite desta quinta-feira, 28.&nbsp;<\/p>\n","protected":false},"author":1,"featured_media":0,"comment_status":"closed","ping_status":"open","sticky":false,"template":"","format":"standard","meta":{"_exactmetrics_skip_tracking":false,"_exactmetrics_sitenote_active":false,"_exactmetrics_sitenote_note":"","_exactmetrics_sitenote_category":0,"jetpack_post_was_ever_published":false,"_jetpack_newsletter_access":"","_jetpack_dont_email_post_to_subs":false,"_jetpack_newsletter_tier_id":0,"_jetpack_memberships_contains_paywalled_content":false,"_jetpack_memberships_contains_paid_content":false,"footnotes":"","jetpack_publicize_message":"","jetpack_publicize_feature_enabled":true,"jetpack_social_post_already_shared":true,"jetpack_social_options":{"image_generator_settings":{"template":"highway","enabled":false},"version":2}},"categories":[1],"tags":[],"class_list":["post-29633","post","type-post","status-publish","format-standard","hentry","category-notas"],"jetpack_publicize_connections":[],"jetpack_sharing_enabled":true,"jetpack_featured_media_url":"","jetpack_shortlink":"https:\/\/wp.me\/p7wKYW-7HX","jetpack-related-posts":[],"_links":{"self":[{"href":"http:\/\/blogdalucianaoliveira.com.br\/blog\/wp-json\/wp\/v2\/posts\/29633","targetHints":{"allow":["GET"]}}],"collection":[{"href":"http:\/\/blogdalucianaoliveira.com.br\/blog\/wp-json\/wp\/v2\/posts"}],"about":[{"href":"http:\/\/blogdalucianaoliveira.com.br\/blog\/wp-json\/wp\/v2\/types\/post"}],"author":[{"embeddable":true,"href":"http:\/\/blogdalucianaoliveira.com.br\/blog\/wp-json\/wp\/v2\/users\/1"}],"replies":[{"embeddable":true,"href":"http:\/\/blogdalucianaoliveira.com.br\/blog\/wp-json\/wp\/v2\/comments?post=29633"}],"version-history":[{"count":3,"href":"http:\/\/blogdalucianaoliveira.com.br\/blog\/wp-json\/wp\/v2\/posts\/29633\/revisions"}],"predecessor-version":[{"id":29642,"href":"http:\/\/blogdalucianaoliveira.com.br\/blog\/wp-json\/wp\/v2\/posts\/29633\/revisions\/29642"}],"wp:attachment":[{"href":"http:\/\/blogdalucianaoliveira.com.br\/blog\/wp-json\/wp\/v2\/media?parent=29633"}],"wp:term":[{"taxonomy":"category","embeddable":true,"href":"http:\/\/blogdalucianaoliveira.com.br\/blog\/wp-json\/wp\/v2\/categories?post=29633"},{"taxonomy":"post_tag","embeddable":true,"href":"http:\/\/blogdalucianaoliveira.com.br\/blog\/wp-json\/wp\/v2\/tags?post=29633"}],"curies":[{"name":"wp","href":"https:\/\/api.w.org\/{rel}","templated":true}]}}