{"id":29643,"date":"2020-08-28T17:33:10","date_gmt":"2020-08-28T21:33:10","guid":{"rendered":"http:\/\/blogdalucianaoliveira.com.br\/blog\/?p=29643"},"modified":"2020-08-28T17:33:14","modified_gmt":"2020-08-28T21:33:14","slug":"ministerio-anuncia-suspensao-das-operacoes-contra-desmatamento-na-amazonia-e-queimadas-no-pantanal","status":"publish","type":"post","link":"http:\/\/blogdalucianaoliveira.com.br\/blog\/2020\/08\/28\/ministerio-anuncia-suspensao-das-operacoes-contra-desmatamento-na-amazonia-e-queimadas-no-pantanal\/","title":{"rendered":"Minist\u00e9rio anuncia suspens\u00e3o das opera\u00e7\u00f5es contra desmatamento na Amaz\u00f4nia e queimadas no Pantanal"},"content":{"rendered":"\n<figure class=\"wp-block-image size-large\"><img data-recalc-dims=\"1\" loading=\"lazy\" decoding=\"async\" width=\"600\" height=\"399\" data-attachment-id=\"29644\" data-permalink=\"http:\/\/blogdalucianaoliveira.com.br\/blog\/2020\/08\/28\/ministerio-anuncia-suspensao-das-operacoes-contra-desmatamento-na-amazonia-e-queimadas-no-pantanal\/image-39-9\/\" data-orig-file=\"https:\/\/i0.wp.com\/blogdalucianaoliveira.com.br\/blog\/wp-content\/uploads\/2020\/08\/image-39.jpeg?fit=679%2C452\" data-orig-size=\"679,452\" data-comments-opened=\"0\" data-image-meta=\"{&quot;aperture&quot;:&quot;0&quot;,&quot;credit&quot;:&quot;&quot;,&quot;camera&quot;:&quot;&quot;,&quot;caption&quot;:&quot;&quot;,&quot;created_timestamp&quot;:&quot;0&quot;,&quot;copyright&quot;:&quot;&quot;,&quot;focal_length&quot;:&quot;0&quot;,&quot;iso&quot;:&quot;0&quot;,&quot;shutter_speed&quot;:&quot;0&quot;,&quot;title&quot;:&quot;&quot;,&quot;orientation&quot;:&quot;0&quot;}\" data-image-title=\"image-39\" data-image-description=\"\" data-image-caption=\"\" data-medium-file=\"https:\/\/i0.wp.com\/blogdalucianaoliveira.com.br\/blog\/wp-content\/uploads\/2020\/08\/image-39.jpeg?fit=300%2C200\" data-large-file=\"https:\/\/i0.wp.com\/blogdalucianaoliveira.com.br\/blog\/wp-content\/uploads\/2020\/08\/image-39.jpeg?fit=600%2C399\" src=\"https:\/\/i0.wp.com\/blogdalucianaoliveira.com.br\/blog\/wp-content\/uploads\/2020\/08\/image-39.jpeg?resize=600%2C399\" alt=\"\" class=\"wp-image-29644\" srcset=\"https:\/\/i0.wp.com\/blogdalucianaoliveira.com.br\/blog\/wp-content\/uploads\/2020\/08\/image-39.jpeg?w=679 679w, https:\/\/i0.wp.com\/blogdalucianaoliveira.com.br\/blog\/wp-content\/uploads\/2020\/08\/image-39.jpeg?resize=300%2C200 300w, https:\/\/i0.wp.com\/blogdalucianaoliveira.com.br\/blog\/wp-content\/uploads\/2020\/08\/image-39.jpeg?resize=451%2C300 451w\" sizes=\"auto, (max-width: 600px) 100vw, 600px\" \/><\/figure>\n\n\n\n<h4 class=\"wp-block-heading\">Segundo Minist\u00e9rio do Meio Ambiente, suspens\u00e3o \u00e9 motivada por bloqueio de R$ 60,6 milh\u00f5es em verbas do Ibama e do ICMBio determinado pelo governo.<\/h4>\n\n\n\n<!--more-->\n\n\n\n<p>Por G1\u00a0\u2014 Bras\u00edlia<\/p>\n\n\n\n<p>O\u00a0<a href=\"https:\/\/g1.globo.com\/tudo-sobre\/ministerio-do-meio-ambiente\/\">Minist\u00e9rio do Meio Ambiente<\/a>\u00a0anunciou por meio de nota nesta sexta-feira (28) que, a partir de segunda-feira (31), ser\u00e3o suspensas todas as opera\u00e7\u00f5es de combate ao\u00a0<a href=\"https:\/\/g1.globo.com\/natureza\/noticia\/2020\/07\/10\/amazonia-bate-novo-recorde-nos-alertas-de-desmatamento-em-junho-aumento-dos-ultimos-11-meses-foi-de-64percent-aponta-inpe.ghtml\">desmatamento ilegal na Amaz\u00f4nia<\/a>\u00a0e \u00e0s\u00a0<a href=\"https:\/\/g1.globo.com\/natureza\/noticia\/2020\/08\/15\/em-duas-semanas-total-de-queimadas-no-pantanal-supera-o-registrado-em-agosto-de-2019.ghtml\">queimadas no Pantanal<\/a>.<\/p>\n\n\n\n<p>De acordo com a nota, a suspens\u00e3o \u00e9 motivada por um bloqueio financeiro determinado pela Secretaria de Or\u00e7amento Federal em verbas do Instituto Brasileiro do Meio Ambiente e dos Recursos Naturais Renov\u00e1veis (<a href=\"https:\/\/g1.globo.com\/tudo-sobre\/ibama\/\">Ibama<\/a>) e do Instituto Chico Mendes de Conserva\u00e7\u00e3o da Biodiversidade (<a href=\"https:\/\/g1.globo.com\/tudo-sobre\/icmbio\/\">ICMBio<\/a>).<\/p>\n\n\n\n<p>Segundo a nota, foram bloqueados R$ 20,9 milh\u00f5es do Ibama e R$ 39,7 milh\u00f5es do ICMBio. O minist\u00e9rio afirma que esses R$ 60,6 milh\u00f5es &#8220;v\u00eam a se somar \u00e0 redu\u00e7\u00e3o de outros R$ 120 milh\u00f5es j\u00e1 previstos como corte do or\u00e7amento na \u00e1rea de meio ambiente para o exerc\u00edcio de 2021&#8221;.&nbsp;<\/p>\n\n\n\n<p>O minist\u00e9rio informou que, em rela\u00e7\u00e3o ao\u00a0<strong>combate ao desmatamento ilegal,<\/strong>\u00a0ser\u00e3o suspensas as atividades de:<\/p>\n\n\n\n<ul class=\"wp-block-list\"><li>77 fiscais, 48 viaturas e dois helic\u00f3pteros do Ibama;<\/li><li>324 fiscais do ICMBio.<\/li><\/ul>\n\n\n\n<p>Em rela\u00e7\u00e3o \u00e0s&nbsp;<strong>queimadas<\/strong>, ser\u00e3o desmobilizados&nbsp;<\/p>\n\n\n\n<ul class=\"wp-block-list\"><li>1.346 brigadistas, 86 caminhonetes, dez caminh\u00f5es e quatro helic\u00f3pteros do Ibama.<\/li><li>459 brigadistas e 10 aeronaves Air Tractor do ICMBio<\/li><\/ul>\n\n\n\n<p>De acordo com a nota do minist\u00e9rio, a informa\u00e7\u00e3o sobre o bloqueio das verbas foi transmitida por Esteves Colnago, chefe da assessoria especial do Minist\u00e9rio da Economia.&nbsp;<\/p>\n\n\n\n<p>A determina\u00e7\u00e3o para o bloqueio teria sido dada pela Secretaria de Governo e pela Casa Civil da Presid\u00eancia da Rep\u00fablica.&nbsp;<\/p>\n\n\n\n<p>O<strong>\u00a0G1<\/strong>\u00a0questionou esses \u00f3rg\u00e3os e aguardava respostas at\u00e9 a \u00faltima atualiza\u00e7\u00e3o desta reportagem.<\/p>\n\n\n\n<h2 class=\"wp-block-heading\">Nota do minist\u00e9rio<\/h2>\n\n\n\n<p>Leia abaixo a \u00edntegra de nota divulgada pelo Minist\u00e9rio do Meio Ambiente.&nbsp;<\/p>\n\n\n\n<p><em>O Minist\u00e9rio do Meio Ambiente informa que em raz\u00e3o do bloqueio financeiro efetivado pela SOF &#8211; Secretaria de Or\u00e7amento Federal na data de hoje, da ordem de R$ 20.972.195,00 em verbas do IBAMA e R$ 39.787.964,00 em verbas do ICMBio, ser\u00e3o interrompidas a partir da zero hora de 2.feira (31\/agosto) todas as opera\u00e7\u00f5es de combate ao desmatamento ilegal na Amaz\u00f4nia Legal, bem como todas as opera\u00e7\u00f5es de combate \u00e0s queimadas no Pantanal e demais regi\u00f5es do Pa\u00eds.<\/em><\/p>\n\n\n\n<p><em>Segundo informado ao MMA pelo Secret\u00e1rio Esteves Colnago do Minist\u00e9rio da Economia, o bloqueio atual de cerca de R$ 60 milh\u00f5es de reais para IBAMA e ICMBIO foi decidido pela Secretaria de Governo\/SEGOV e pela Casa Civil da Presid\u00eancia da Rep\u00fablica e vem a se somar \u00e0 redu\u00e7\u00e3o de outros R$ 120 milh\u00f5es j\u00e1 previstos como corte do or\u00e7amento na \u00e1rea de meio ambiente para o exerc\u00edcio de 2021.<\/em><\/p>\n\n\n\n<p><em>As opera\u00e7\u00f5es que ser\u00e3o afetadas j\u00e1 na 2.feira (31\/08) compreendem, no \u00e2mbito do combate \u00e0s queimadas no IBAMA, a desmobiliza\u00e7\u00e3o de 1.346 brigadistas, 86 caminhonetes, 10 caminh\u00f5es e 4 helic\u00f3pteros.<\/em><\/p>\n\n\n\n<p><em>Nas atividades do IBAMA relativas ao combate ao desmatamento ilegal ser\u00e3o desmobilizados 77 fiscais, 48 viaturas e 2 helic\u00f3pteros.<\/em><\/p>\n\n\n\n<p><em>No \u00e2mbito do ICMBIO, nas opera\u00e7\u00f5es de combate ao desmatamento ilegal ser\u00e3o desmobilizados 324 fiscais, al\u00e9m de 459 brigadistas e 10 aeronaves Air Tractor que atuam no combate \u00e0s queimadas.<\/em><\/p>\n","protected":false},"excerpt":{"rendered":"<p>Segundo Minist\u00e9rio do Meio Ambiente, suspens\u00e3o \u00e9 motivada por bloqueio de R$ 60,6 milh\u00f5es em verbas do Ibama e do ICMBio determinado pelo governo.<\/p>\n","protected":false},"author":1,"featured_media":0,"comment_status":"closed","ping_status":"open","sticky":false,"template":"","format":"standard","meta":{"_exactmetrics_skip_tracking":false,"_exactmetrics_sitenote_active":false,"_exactmetrics_sitenote_note":"","_exactmetrics_sitenote_category":0,"jetpack_post_was_ever_published":false,"_jetpack_newsletter_access":"","_jetpack_dont_email_post_to_subs":false,"_jetpack_newsletter_tier_id":0,"_jetpack_memberships_contains_paywalled_content":false,"_jetpack_memberships_contains_paid_content":false,"footnotes":"","jetpack_publicize_message":"","jetpack_publicize_feature_enabled":true,"jetpack_social_post_already_shared":true,"jetpack_social_options":{"image_generator_settings":{"template":"highway","enabled":false},"version":2}},"categories":[1],"tags":[],"class_list":["post-29643","post","type-post","status-publish","format-standard","hentry","category-notas"],"jetpack_publicize_connections":[],"jetpack_sharing_enabled":true,"jetpack_featured_media_url":"","jetpack_shortlink":"https:\/\/wp.me\/p7wKYW-7I7","jetpack-related-posts":[],"_links":{"self":[{"href":"http:\/\/blogdalucianaoliveira.com.br\/blog\/wp-json\/wp\/v2\/posts\/29643","targetHints":{"allow":["GET"]}}],"collection":[{"href":"http:\/\/blogdalucianaoliveira.com.br\/blog\/wp-json\/wp\/v2\/posts"}],"about":[{"href":"http:\/\/blogdalucianaoliveira.com.br\/blog\/wp-json\/wp\/v2\/types\/post"}],"author":[{"embeddable":true,"href":"http:\/\/blogdalucianaoliveira.com.br\/blog\/wp-json\/wp\/v2\/users\/1"}],"replies":[{"embeddable":true,"href":"http:\/\/blogdalucianaoliveira.com.br\/blog\/wp-json\/wp\/v2\/comments?post=29643"}],"version-history":[{"count":1,"href":"http:\/\/blogdalucianaoliveira.com.br\/blog\/wp-json\/wp\/v2\/posts\/29643\/revisions"}],"predecessor-version":[{"id":29645,"href":"http:\/\/blogdalucianaoliveira.com.br\/blog\/wp-json\/wp\/v2\/posts\/29643\/revisions\/29645"}],"wp:attachment":[{"href":"http:\/\/blogdalucianaoliveira.com.br\/blog\/wp-json\/wp\/v2\/media?parent=29643"}],"wp:term":[{"taxonomy":"category","embeddable":true,"href":"http:\/\/blogdalucianaoliveira.com.br\/blog\/wp-json\/wp\/v2\/categories?post=29643"},{"taxonomy":"post_tag","embeddable":true,"href":"http:\/\/blogdalucianaoliveira.com.br\/blog\/wp-json\/wp\/v2\/tags?post=29643"}],"curies":[{"name":"wp","href":"https:\/\/api.w.org\/{rel}","templated":true}]}}