{"id":29653,"date":"2020-08-31T06:39:55","date_gmt":"2020-08-31T10:39:55","guid":{"rendered":"http:\/\/blogdalucianaoliveira.com.br\/blog\/?p=29653"},"modified":"2020-08-31T06:40:00","modified_gmt":"2020-08-31T10:40:00","slug":"a-pandemia-como-desculpa-para-a-repressao-do-jornalismo","status":"publish","type":"post","link":"http:\/\/blogdalucianaoliveira.com.br\/blog\/2020\/08\/31\/a-pandemia-como-desculpa-para-a-repressao-do-jornalismo\/","title":{"rendered":"A pandemia como desculpa para a repress\u00e3o do jornalismo"},"content":{"rendered":"\n<figure class=\"wp-block-image size-large\"><img data-recalc-dims=\"1\" loading=\"lazy\" decoding=\"async\" width=\"600\" height=\"367\" data-attachment-id=\"29654\" data-permalink=\"http:\/\/blogdalucianaoliveira.com.br\/blog\/2020\/08\/31\/a-pandemia-como-desculpa-para-a-repressao-do-jornalismo\/image-1154\/\" data-orig-file=\"https:\/\/i0.wp.com\/blogdalucianaoliveira.com.br\/blog\/wp-content\/uploads\/2020\/08\/image.png?fit=700%2C428\" data-orig-size=\"700,428\" data-comments-opened=\"0\" data-image-meta=\"{&quot;aperture&quot;:&quot;0&quot;,&quot;credit&quot;:&quot;&quot;,&quot;camera&quot;:&quot;&quot;,&quot;caption&quot;:&quot;&quot;,&quot;created_timestamp&quot;:&quot;0&quot;,&quot;copyright&quot;:&quot;&quot;,&quot;focal_length&quot;:&quot;0&quot;,&quot;iso&quot;:&quot;0&quot;,&quot;shutter_speed&quot;:&quot;0&quot;,&quot;title&quot;:&quot;&quot;,&quot;orientation&quot;:&quot;0&quot;}\" data-image-title=\"image\" data-image-description=\"\" data-image-caption=\"\" data-medium-file=\"https:\/\/i0.wp.com\/blogdalucianaoliveira.com.br\/blog\/wp-content\/uploads\/2020\/08\/image.png?fit=300%2C183\" data-large-file=\"https:\/\/i0.wp.com\/blogdalucianaoliveira.com.br\/blog\/wp-content\/uploads\/2020\/08\/image.png?fit=600%2C367\" src=\"https:\/\/i0.wp.com\/blogdalucianaoliveira.com.br\/blog\/wp-content\/uploads\/2020\/08\/image.png?resize=600%2C367\" alt=\"\" class=\"wp-image-29654\" srcset=\"https:\/\/i0.wp.com\/blogdalucianaoliveira.com.br\/blog\/wp-content\/uploads\/2020\/08\/image.png?w=700 700w, https:\/\/i0.wp.com\/blogdalucianaoliveira.com.br\/blog\/wp-content\/uploads\/2020\/08\/image.png?resize=300%2C183 300w, https:\/\/i0.wp.com\/blogdalucianaoliveira.com.br\/blog\/wp-content\/uploads\/2020\/08\/image.png?resize=491%2C300 491w\" sizes=\"auto, (max-width: 600px) 100vw, 600px\" \/><\/figure>\n\n\n\n<p>Alguns pa\u00edses est\u00e3o usando a pandemia como uma desculpa para reprimir o jornalismo.<\/p>\n\n\n\n<!--more-->\n\n\n\n<p><em>Leia o artigo do Nieman Lab,<\/em> <em>Por Jenna Hand<\/em><\/p>\n\n\n\n<p>No Poder 360<\/p>\n\n\n\n<p>O excesso de desinforma\u00e7\u00e3o on-line durante a pandemia levou alguns governos a implementarem medidas extraordin\u00e1rias na tentativa de estabelecer o controle em meio ao caos. Criminalizar a dissemina\u00e7\u00e3o de \u201cnot\u00edcias falsas\u201d, expandir as penalidades existentes pelo compartilhamento de desinforma\u00e7\u00e3o e aumentar a vigil\u00e2ncia est\u00e3o entre as a\u00e7\u00f5es que algumas autoridades tomaram.<\/p>\n\n\n\n<p>Os observadores dos direitos humanos e da m\u00eddia advertem que tais remedia\u00e7\u00f5es s\u00e3o piores do que o problema que procuram aliviar, e que a liberdade de express\u00e3o, a privacidade e o direito de protesto est\u00e3o se desintegrando sob o pretexto de prote\u00e7\u00e3o da sa\u00fade p\u00fablica.<\/p>\n\n\n\n<p>Mas as preocupa\u00e7\u00f5es dos governos n\u00e3o s\u00e3o sem raz\u00e3o. Nos \u00faltimos 6 meses, teorias conspirat\u00f3rias, curas falsas e apontamentos partid\u00e1rios on-line se espalham pelo mundo real: mais de\u00a0<a rel=\"noreferrer noopener\" href=\"https:\/\/www.aljazeera.com\/news\/2020\/04\/iran-700-dead-drinking-alcohol-cure-coronavirus-200427163529629.html\" target=\"_blank\">700 mortos<\/a>\u00a0por envenenamento por \u00e1lcool no Ir\u00e3,\u00a0<a rel=\"noreferrer noopener\" href=\"https:\/\/www.theguardian.com\/world\/2020\/apr\/13\/coronavirus-conspiracy-theories-targeting-muslims-spread-in-india\" target=\"_blank\">mu\u00e7ulmanos atacados<\/a>\u00a0na \u00cdndia, infraestrutura de telecomunica\u00e7\u00f5es\u00a0<a rel=\"noreferrer noopener\" href=\"https:\/\/www.independent.co.uk\/news\/uk\/home-news\/coronavirus-5g-conspiracy-theory-telecom-tower-arson-liverpool-birmingham-a9460396.html\" target=\"_blank\">vandalizada no Reino Unido<\/a>\u00a0e 1 n\u00famero incalcul\u00e1vel de pessoas doentes ou mortas por 1 v\u00edrus que eles\u00a0<a rel=\"noreferrer noopener\" href=\"https:\/\/www.cbsnews.com\/news\/brian-hitchens-coronavirus-florida\/\" target=\"_blank\">pensavam n\u00e3o ser grave<\/a>. Isso somado a mais de 700.000 mortes por covid-19 e a destrui\u00e7\u00e3o das economias do mundo inteiro.<\/p>\n\n\n\n<p><a href=\"https:\/\/www.theguardian.com\/world\/2020\/apr\/03\/hungarian-journalists-fear-coronavirus-law-may-be-used-to-jail-them\" target=\"_blank\" rel=\"noreferrer noopener\">Hungria<\/a>,&nbsp;<a href=\"https:\/\/balkaninsight.com\/2020\/04\/27\/romanias-drive-to-censor-fake-news-worries-activists\/\" target=\"_blank\" rel=\"noreferrer noopener\">Rom\u00eania<\/a>,&nbsp;<a href=\"https:\/\/cpj.org\/2020\/04\/algeria-blocks-3-news-websites-and-criminalizes-fa\/\" target=\"_blank\" rel=\"noreferrer noopener\">Arg\u00e9lia<\/a>,&nbsp;<a href=\"https:\/\/www.article19.org\/resources\/thailand-stop-using-emergency-powers-to-restrict-the-rights-of-protesters\/\" target=\"_blank\" rel=\"noreferrer noopener\">Tail\u00e2ndia<\/a>&nbsp;e&nbsp;<a href=\"https:\/\/rappler.com\/nation\/sanctions-fake-news-bayanihan-act-most-dangerous\" target=\"_blank\" rel=\"noreferrer noopener\">Filipinas<\/a>&nbsp;est\u00e3o entre os pa\u00edses que institu\u00edram novas leis ou invocaram decretos de emerg\u00eancia dando \u00e0s autoridades o poder de bloquear sites, emitir multas ou prender pessoas por produzirem ou divulgarem informa\u00e7\u00f5es falsas durante a pandemia.<\/p>\n\n\n\n<p>No&nbsp;<a href=\"https:\/\/www.voacambodia.com\/a\/siem-reap-man-arrested-for-fake-news-on-covid-19-sar-kheng-defends-arrests\/5327474.html\" target=\"_blank\" rel=\"noreferrer noopener\">Camboja<\/a>&nbsp;e na&nbsp;<a href=\"https:\/\/www.thejakartapost.com\/news\/2020\/03\/10\/indonesia-arrests-six-over-coronoavirus-internet-hoaxes.html\" target=\"_blank\" rel=\"noreferrer noopener\">Indon\u00e9sia<\/a>, usu\u00e1rios de m\u00eddia social foram presos depois de terem supostamente publicado not\u00edcias falsas sobre o coronav\u00edrus. No Egito, 1 jornalista que tinha sido cr\u00edtico em rela\u00e7\u00e3o \u00e0 resposta do governo \u00e0 pandemia e foi detido por \u201c<a href=\"https:\/\/www.ifj.org\/media-centre\/news\/detail\/category\/press-releases\/article\/egypt-mohamed-mounir-detained-for-spreading-fake-news-in-third-case-this-month.html\" target=\"_blank\" rel=\"noreferrer noopener\">espalhar not\u00edcias falsas<\/a>\u201d contraiu o v\u00edrus em cust\u00f3dia e&nbsp;<a href=\"https:\/\/www.theguardian.com\/world\/2020\/jul\/14\/egyptian-journalist-jailed-on-fake-news-charges-dies-of-covid-19-mohamed-monir\" target=\"_blank\" rel=\"noreferrer noopener\">morreu<\/a>&nbsp;antes de poder ser julgado.<\/p>\n\n\n\n<p>At\u00e9 mesmo na&nbsp;<a href=\"https:\/\/mg.co.za\/analysis\/2020-04-05-southern-africa-has-cracked-down-on-fake-news-but-may-have-gone-too-far\/\" target=\"_blank\" rel=\"noreferrer noopener\">\u00c1frica do Sul<\/a>, onde a liberdade de express\u00e3o \u00e9 1 direito constitucional, pol\u00edticos criminalizaram a publica\u00e7\u00e3o de qualquer declara\u00e7\u00e3o feita&nbsp;<em>\u201ccom a inten\u00e7\u00e3o de enganar qualquer outra pessoa\u201d<\/em>&nbsp;sobre a covid-19, medidas governamentais para enfrentar a doen\u00e7a ou -em sinal da experi\u00eancia sombria do pa\u00eds com o HIV\/AIDS- o status de infec\u00e7\u00e3o de uma pessoa.<\/p>\n\n\n\n<p>Em uma&nbsp;<a href=\"https:\/\/www.ohchr.org\/en\/NewsEvents\/Pages\/DisplayNews.aspx?NewsID=25722&amp;LangID=E\" target=\"_blank\" rel=\"noreferrer noopener\">declara\u00e7\u00e3o<\/a>&nbsp;de mar\u00e7o de 2020, especialistas em direitos humanos das Na\u00e7\u00f5es Unidas apelaram aos governos para que&nbsp;<em>\u201cevitem o alcance excessivo de medidas de seguran\u00e7a\u201d<\/em>&nbsp;na resposta \u00e0 pandemia, e disseram que os poderes de emerg\u00eancia devem ser&nbsp;<em>\u201cproporcionais, necess\u00e1rios e n\u00e3o discriminat\u00f3rios\u201d<\/em>, e n\u00e3o devem ser usados para anular a dissid\u00eancia. \u00c9 uma advert\u00eancia de que muitos n\u00e3o est\u00e3o dando ouvidos.<\/p>\n\n\n\n<p><a href=\"https:\/\/twitter.com\/julieposetti\" target=\"_blank\" rel=\"noreferrer noopener\">Julie Posetti<\/a>, diretora global de pesquisa do International Center for Journalists, disse que a legisla\u00e7\u00e3o est\u00e1 sendo mal utilizada para justificar a repress\u00e3o ao discurso leg\u00edtimo em v\u00e1rios pa\u00edses.<\/p>\n\n\n\n<p>\u201c<em>H\u00e1 circunst\u00e2ncias em que os jornalistas foram detidos e multados, por exemplo, em refer\u00eancia a reportagens que foram cr\u00edticas ao governo e que s\u00e3o consideradas \u2018not\u00edcias falsas\u2019 porque n\u00e3o se harmonizam com o governo<\/em>\u201c, disse Posetti.<\/p>\n\n\n\n<p>Mas ela disse que at\u00e9 mesmo leis bem intencionadas poderiam&nbsp;<em>\u201cinadvertidamente apreender a comunica\u00e7\u00e3o leg\u00edtima na rede\u201d<\/em>, criminalizando efetivamente o jornalismo e minando os direitos fundamentais.<\/p>\n\n\n\n<p>Denunciantes tamb\u00e9m foram atacados, notavelmente o oftalmologista chin\u00eas Li Wenliang, que&nbsp;<a href=\"https:\/\/www.theguardian.com\/world\/2020\/mar\/20\/chinese-inquiry-exonerates-coronavirus-whistleblower-doctor-li-wenliang\" target=\"_blank\" rel=\"noreferrer noopener\">foi repreendido<\/a>&nbsp;por&nbsp;<em>\u201cespalhar rumores\u201d<\/em>&nbsp;sobre o surto em Wuhan antes de morrer de covid-19, recebendo apenas 1 pedido de desculpas p\u00f3stumo.<\/p>\n\n\n\n<p>\u201c<em>Se voc\u00ea n\u00e3o pode ter m\u00e9dicos, enfermeiros e outros profissionais da sa\u00fade falando publicamente sobre falhas do sistema, onde \u00e9 do interesse p\u00fablico faz\u00ea-lo, porque eles t\u00eam medo de serem presos por causa das chamadas leis de \u2018not\u00edcias falsas\u2019, porque o governo equipara a cr\u00edtica \u00e0 falsifica\u00e7\u00e3o, voc\u00ea tem 1 problema realmente s\u00e9rio<\/em>\u201c, disse Posetti.<\/p>\n\n\n\n<p><a rel=\"noreferrer noopener\" href=\"https:\/\/www.nanijansen.org\/\" target=\"_blank\">Nani Jansen Reventlow<\/a>, advogada de direitos humanos e diretora fundadora do\u00a0<a rel=\"noreferrer noopener\" href=\"https:\/\/digitalfreedomfund.org\/\" target=\"_blank\">Digital Freedom Fund<\/a>, disse que as leis que regulamentam a desinforma\u00e7\u00e3o afetam tanto indiv\u00edduos privados quanto jornalistas. Assim como o aumento da vigil\u00e2ncia, como o\u00a0<em>software<\/em>\u00a0de rastreamento de contatos.<\/p>\n\n\n\n<p>\u201c<em>Usar aplicativos para rastrear o movimento das pessoas tem 1 efeito inibidor sobre as pessoas que podem compartilhar informa\u00e7\u00f5es, porque todos sabem onde elas estiveram<\/em>\u201c, disse ela.<\/p>\n\n\n\n<p>Ela citou o aplicativo da Coreia do Sul como exemplo de 1 rastreador de coronav\u00edrus com 1 impacto particularmente prejudicial \u00e0 privacidade das pessoas, com indiv\u00edduos capazes de&nbsp;<a href=\"https:\/\/www.independent.co.uk\/life-style\/love-sex\/coronavirus-tracking-app-cheating-partners-married-south-korea-affair-a9514996.html\" target=\"_blank\" rel=\"noreferrer noopener\">monitorar uns aos outros<\/a>atrav\u00e9s da tecnologia que se descobriu ter s\u00e9rias&nbsp;<a href=\"https:\/\/www.nytimes.com\/2020\/07\/21\/technology\/korea-coronavirus-app-security.html\" target=\"_blank\" rel=\"noreferrer noopener\">falhas de seguran\u00e7a<\/a>.<\/p>\n\n\n\n<p>Al\u00e9m de afetar os denunciantes e a confidencialidade da fonte para os jornalistas, o aumento da vigil\u00e2ncia tamb\u00e9m poderia afetar a disposi\u00e7\u00e3o das pessoas para exercerem seu direito de reuni\u00e3o.<\/p>\n\n\n\n<p>\u201c<em>Voc\u00ea ir\u00e1 realmente a 1 protesto se souber que vai ser monitorado? Isso se aplica particularmente \u00e0queles de n\u00f3s que est\u00e3o em uma posi\u00e7\u00e3o mais vulner\u00e1vel quando se trata da aplica\u00e7\u00e3o da lei<\/em>\u201c, disse Jansen Reventlow. \u201c<em>Voc\u00ea nunca sabe como isso vai sair pela culatra\u201d<\/em>.<\/p>\n\n\n\n<p>Os&nbsp;<a href=\"https:\/\/www.hrw.org\/news\/2020\/03\/31\/end-internet-shutdowns-manage-covid-19\" target=\"_blank\" rel=\"noreferrer noopener\">bloqueios de internet<\/a>&nbsp;que precederam a pandemia \u2013como os da regi\u00e3o de Caxemira administrada pela \u00cdndia e os campos de refugiados Rohingya em Cox\u2019s Bazar, Bangladesh\u2013 tamb\u00e9m impediram o acesso a informa\u00e7\u00f5es essenciais sobre o v\u00edrus e a resposta.<\/p>\n\n\n\n<p>Jansen Reventlow teme que medidas de emerg\u00eancia que asfixiam a sociedade civil e a liberdade de imprensa, como as implementadas na Hungria, sobreviver\u00e3o \u00e0 pandemia. \u201c<em>H\u00e1 o perigo de que esses poderes de emerg\u00eancia n\u00e3o voltem atr\u00e1s em breve<\/em>\u201c, disse ela.<\/p>\n\n\n\n<p>H\u00e1 ainda a quest\u00e3o de saber se as leis contra a desinforma\u00e7\u00e3o atingem seu objetivo declarado.<\/p>\n\n\n\n<p>Posetti afirmou que h\u00e1 uma falta de provas emp\u00edricas se tais leis impediam a distribui\u00e7\u00e3o de informa\u00e7\u00f5es falsas e enganosas. \u201c<em>Mas o que podemos dizer de pesquisas anteriores \u00e9 que este tipo de leis, na verdade, arrefece uma ampla escala de comunica\u00e7\u00e3o p\u00fablica, e \u00e9 a\u00ed que se encontra o problema<\/em>\u201c.<\/p>\n\n\n\n<p>\u00c9 uma preocupa\u00e7\u00e3o que Jansen Revenuetlow compartilha. \u201c<em>A \u00fanica coisa que vai fazer \u00e9 facilitar para as autoridades p\u00fablicas a repress\u00e3o a coisas que elas n\u00e3o gostam<\/em>\u201c.<\/p>\n\n\n\n<p>Em vez disso, ela disse, os governos devem fornecer informa\u00e7\u00f5es precisas e atualizadas sobre a situa\u00e7\u00e3o e a base para as decis\u00f5es pol\u00edticas de forma consistente e proativa, para que as pessoas n\u00e3o fiquem especulando no v\u00e1cuo.<\/p>\n\n\n\n<p>\u201c<em>\u00c9 sobre encontrar o equil\u00edbrio certo. Mas 1 debate aprofundado sobre onde esse equil\u00edbrio deve ser encontrado est\u00e1 bastante ausente no momento<\/em>\u201c, disse ela.<\/p>\n\n\n\n<p>*<em>Jenna Hand<\/em>&nbsp;\u00e9 bolsista da<em>&nbsp;Google News Initiative na<\/em>&nbsp;<a href=\"https:\/\/firstdraftnews.org\/\" target=\"_blank\" rel=\"noreferrer noopener\">First Draft<\/a>.<br>__<\/p>\n\n\n\n<p>O texto foi traduzido por&nbsp;<a href=\"https:\/\/www.poder360.com.br\/author\/beatriz-roscoe\/\" target=\"_blank\" rel=\"noreferrer noopener\">Beatriz Roscoe<\/a>. Leia o texto original em&nbsp;<a href=\"https:\/\/www.niemanlab.org\/2020\/08\/some-countries-are-using-the-pandemic-as-an-excuse-to-crack-down-on-journalism\/\" target=\"_blank\" rel=\"noreferrer noopener\">ingl\u00eas<\/a>.<\/p>\n","protected":false},"excerpt":{"rendered":"<p>Alguns pa\u00edses est\u00e3o usando a pandemia como uma desculpa para reprimir o jornalismo.<\/p>\n","protected":false},"author":1,"featured_media":0,"comment_status":"closed","ping_status":"open","sticky":false,"template":"","format":"standard","meta":{"_exactmetrics_skip_tracking":false,"_exactmetrics_sitenote_active":false,"_exactmetrics_sitenote_note":"","_exactmetrics_sitenote_category":0,"jetpack_post_was_ever_published":false,"_jetpack_newsletter_access":"","_jetpack_dont_email_post_to_subs":false,"_jetpack_newsletter_tier_id":0,"_jetpack_memberships_contains_paywalled_content":false,"_jetpack_memberships_contains_paid_content":false,"footnotes":"","jetpack_publicize_message":"","jetpack_publicize_feature_enabled":true,"jetpack_social_post_already_shared":true,"jetpack_social_options":{"image_generator_settings":{"template":"highway","enabled":false},"version":2}},"categories":[1],"tags":[],"class_list":["post-29653","post","type-post","status-publish","format-standard","hentry","category-notas"],"jetpack_publicize_connections":[],"jetpack_sharing_enabled":true,"jetpack_featured_media_url":"","jetpack_shortlink":"https:\/\/wp.me\/p7wKYW-7Ih","jetpack-related-posts":[],"_links":{"self":[{"href":"http:\/\/blogdalucianaoliveira.com.br\/blog\/wp-json\/wp\/v2\/posts\/29653","targetHints":{"allow":["GET"]}}],"collection":[{"href":"http:\/\/blogdalucianaoliveira.com.br\/blog\/wp-json\/wp\/v2\/posts"}],"about":[{"href":"http:\/\/blogdalucianaoliveira.com.br\/blog\/wp-json\/wp\/v2\/types\/post"}],"author":[{"embeddable":true,"href":"http:\/\/blogdalucianaoliveira.com.br\/blog\/wp-json\/wp\/v2\/users\/1"}],"replies":[{"embeddable":true,"href":"http:\/\/blogdalucianaoliveira.com.br\/blog\/wp-json\/wp\/v2\/comments?post=29653"}],"version-history":[{"count":1,"href":"http:\/\/blogdalucianaoliveira.com.br\/blog\/wp-json\/wp\/v2\/posts\/29653\/revisions"}],"predecessor-version":[{"id":29655,"href":"http:\/\/blogdalucianaoliveira.com.br\/blog\/wp-json\/wp\/v2\/posts\/29653\/revisions\/29655"}],"wp:attachment":[{"href":"http:\/\/blogdalucianaoliveira.com.br\/blog\/wp-json\/wp\/v2\/media?parent=29653"}],"wp:term":[{"taxonomy":"category","embeddable":true,"href":"http:\/\/blogdalucianaoliveira.com.br\/blog\/wp-json\/wp\/v2\/categories?post=29653"},{"taxonomy":"post_tag","embeddable":true,"href":"http:\/\/blogdalucianaoliveira.com.br\/blog\/wp-json\/wp\/v2\/tags?post=29653"}],"curies":[{"name":"wp","href":"https:\/\/api.w.org\/{rel}","templated":true}]}}