{"id":29664,"date":"2020-09-01T07:07:59","date_gmt":"2020-09-01T11:07:59","guid":{"rendered":"http:\/\/blogdalucianaoliveira.com.br\/blog\/?p=29664"},"modified":"2020-09-01T07:08:03","modified_gmt":"2020-09-01T11:08:03","slug":"ha-antidoto-para-a-maquina-de-desinformacao-e-odio-da-ultradireita","status":"publish","type":"post","link":"http:\/\/blogdalucianaoliveira.com.br\/blog\/2020\/09\/01\/ha-antidoto-para-a-maquina-de-desinformacao-e-odio-da-ultradireita\/","title":{"rendered":"H\u00e1 ant\u00eddoto para a m\u00e1quina de desinforma\u00e7\u00e3o e \u00f3dio da ultradireita?"},"content":{"rendered":"\n<figure class=\"wp-block-image size-large\"><img loading=\"lazy\" decoding=\"async\" width=\"1366\" height=\"768\" data-attachment-id=\"29665\" data-permalink=\"http:\/\/blogdalucianaoliveira.com.br\/blog\/2020\/09\/01\/ha-antidoto-para-a-maquina-de-desinformacao-e-odio-da-ultradireita\/image-1155\/\" data-orig-file=\"https:\/\/i0.wp.com\/blogdalucianaoliveira.com.br\/blog\/wp-content\/uploads\/2020\/09\/image.png?fit=1366%2C768\" data-orig-size=\"1366,768\" data-comments-opened=\"0\" data-image-meta=\"{&quot;aperture&quot;:&quot;0&quot;,&quot;credit&quot;:&quot;&quot;,&quot;camera&quot;:&quot;&quot;,&quot;caption&quot;:&quot;&quot;,&quot;created_timestamp&quot;:&quot;0&quot;,&quot;copyright&quot;:&quot;&quot;,&quot;focal_length&quot;:&quot;0&quot;,&quot;iso&quot;:&quot;0&quot;,&quot;shutter_speed&quot;:&quot;0&quot;,&quot;title&quot;:&quot;&quot;,&quot;orientation&quot;:&quot;0&quot;}\" data-image-title=\"image\" data-image-description=\"\" data-image-caption=\"\" data-medium-file=\"https:\/\/i0.wp.com\/blogdalucianaoliveira.com.br\/blog\/wp-content\/uploads\/2020\/09\/image.png?fit=300%2C169\" data-large-file=\"https:\/\/i0.wp.com\/blogdalucianaoliveira.com.br\/blog\/wp-content\/uploads\/2020\/09\/image.png?fit=600%2C338\" src=\"https:\/\/i1.wp.com\/blogdalucianaoliveira.com.br\/blog\/wp-content\/uploads\/2020\/09\/image.png?fit=600%2C338\" alt=\"\" class=\"wp-image-29665\" srcset=\"https:\/\/i0.wp.com\/blogdalucianaoliveira.com.br\/blog\/wp-content\/uploads\/2020\/09\/image.png?w=1366 1366w, https:\/\/i0.wp.com\/blogdalucianaoliveira.com.br\/blog\/wp-content\/uploads\/2020\/09\/image.png?resize=300%2C169 300w, https:\/\/i0.wp.com\/blogdalucianaoliveira.com.br\/blog\/wp-content\/uploads\/2020\/09\/image.png?resize=1024%2C576 1024w, https:\/\/i0.wp.com\/blogdalucianaoliveira.com.br\/blog\/wp-content\/uploads\/2020\/09\/image.png?resize=768%2C432 768w, https:\/\/i0.wp.com\/blogdalucianaoliveira.com.br\/blog\/wp-content\/uploads\/2020\/09\/image.png?resize=534%2C300 534w, https:\/\/i0.wp.com\/blogdalucianaoliveira.com.br\/blog\/wp-content\/uploads\/2020\/09\/image.png?w=1200 1200w\" sizes=\"auto, (max-width: 600px) 100vw, 600px\" \/><\/figure>\n\n\n\n<p><strong><em>Crescimento de apoio a Bolsonaro nas redes n\u00e3o \u00e9 org\u00e2nico e conta com estrutura pesada de investimento fortemente inspirada na experi\u00eancia de Trump, no Estados Unidos. Por outro lado, esquerda tem compromisso com dissemina\u00e7\u00e3o de informa\u00e7\u00f5es verdadeiras no combate \u00e0s fake news\u00a0<\/em><br><\/strong><\/p>\n\n\n\n<!--more-->\n\n\n\n<p>Bar\u00e3o do Itara\u00e9<br><\/p>\n\n\n\n<p>\u201c\u00c9 com o veneno da cobra que se faz o ant\u00eddoto, mas n\u00e3o \u00e9 bebendo mais veneno\u00a0que se cura da picada. A desinforma\u00e7\u00e3o n\u00e3o \u00e9 a nossa linguagem\u201d, argumenta Diego Dorgam, professor da Universidade de Bras\u00edlia (UnB) sobre os rumos das a\u00e7\u00f5es de rede para setores de oposi\u00e7\u00e3o ao bolsonarismo.<\/p>\n\n\n\n<figure class=\"wp-block-image size-large\"><img data-recalc-dims=\"1\" loading=\"lazy\" decoding=\"async\" width=\"600\" height=\"450\" data-attachment-id=\"29666\" data-permalink=\"http:\/\/blogdalucianaoliveira.com.br\/blog\/2020\/09\/01\/ha-antidoto-para-a-maquina-de-desinformacao-e-odio-da-ultradireita\/image-1-16\/\" data-orig-file=\"https:\/\/i0.wp.com\/blogdalucianaoliveira.com.br\/blog\/wp-content\/uploads\/2020\/09\/image-1.png?fit=800%2C600\" data-orig-size=\"800,600\" data-comments-opened=\"0\" data-image-meta=\"{&quot;aperture&quot;:&quot;0&quot;,&quot;credit&quot;:&quot;&quot;,&quot;camera&quot;:&quot;&quot;,&quot;caption&quot;:&quot;&quot;,&quot;created_timestamp&quot;:&quot;0&quot;,&quot;copyright&quot;:&quot;&quot;,&quot;focal_length&quot;:&quot;0&quot;,&quot;iso&quot;:&quot;0&quot;,&quot;shutter_speed&quot;:&quot;0&quot;,&quot;title&quot;:&quot;&quot;,&quot;orientation&quot;:&quot;0&quot;}\" data-image-title=\"image-1\" data-image-description=\"\" data-image-caption=\"\" data-medium-file=\"https:\/\/i0.wp.com\/blogdalucianaoliveira.com.br\/blog\/wp-content\/uploads\/2020\/09\/image-1.png?fit=300%2C225\" data-large-file=\"https:\/\/i0.wp.com\/blogdalucianaoliveira.com.br\/blog\/wp-content\/uploads\/2020\/09\/image-1.png?fit=600%2C450\" src=\"https:\/\/i0.wp.com\/blogdalucianaoliveira.com.br\/blog\/wp-content\/uploads\/2020\/09\/image-1.png?resize=600%2C450\" alt=\"\" class=\"wp-image-29666\" srcset=\"https:\/\/i0.wp.com\/blogdalucianaoliveira.com.br\/blog\/wp-content\/uploads\/2020\/09\/image-1.png?w=800 800w, https:\/\/i0.wp.com\/blogdalucianaoliveira.com.br\/blog\/wp-content\/uploads\/2020\/09\/image-1.png?resize=300%2C225 300w, https:\/\/i0.wp.com\/blogdalucianaoliveira.com.br\/blog\/wp-content\/uploads\/2020\/09\/image-1.png?resize=768%2C576 768w, https:\/\/i0.wp.com\/blogdalucianaoliveira.com.br\/blog\/wp-content\/uploads\/2020\/09\/image-1.png?resize=400%2C300 400w\" sizes=\"auto, (max-width: 600px) 100vw, 600px\" \/><\/figure>\n\n\n\n<p>Dorgam foi respons\u00e1vel por coordenar importantes processos de transforma\u00e7\u00e3o digital no setor p\u00fablico, nos minist\u00e9rios da Justi\u00e7a, Cultura e Comunica\u00e7\u00f5es entre 2011 e 2016, como a governan\u00e7a de Tecnologia da Informa\u00e7\u00e3o, a automa\u00e7\u00e3o de infraestrutura e a abertura dos c\u00f3digos-fontes de diversos softwares.<\/p>\n\n\n\n<p>O professor da UnB participou da quinta edi\u00e7\u00e3o do Curso Nacional de Comunica\u00e7\u00e3o do Centro de Estudos Bar\u00e3o de Itarar\u00e9 junto a outros pesquisadores do tema, que analisaram dados sobre o avan\u00e7o do debate pol\u00edtico nas redes sociais no \u00faltimo per\u00edodo.<\/p>\n\n\n\n<p>\u201cA luta contra o fascismo e as redes de comunica\u00e7\u00e3o da ultradireita n\u00e3o ser\u00e1 resolvida com a elei\u00e7\u00e3o de um partido de esquerda e um bom marketing nas redes\u201d, alerta Dorgam. \u201cSer\u00e1 uma luta de longa dura\u00e7\u00e3o. Precisamos estudar para contra-atacar. N\u00e3o podemos e nem devemos copiar as f\u00f3rmulas da direita, seus padr\u00f5es, achando que teremos os mesmos resultados\u201d, afirma o especialista em redes.<\/p>\n\n\n\n<figure class=\"wp-block-image\"><img data-recalc-dims=\"1\" decoding=\"async\" src=\"https:\/\/i0.wp.com\/baraodeitarare.org.br\/site\/images\/amadeu_scream.png?w=600\" alt=\"\"\/><\/figure>\n\n\n\n<p>Para explicar a complexidade da m\u00e1quina de comunica\u00e7\u00e3o da ultradireita n\u00e3o s\u00f3 no Brasil, mas no mundo, o soci\u00f3logo e professor da Universidade Federal do ABC (UFABC) S\u00e9rgio Amadeu destrincha m\u00e9todos utilizados por figuras como Steve Bannon e Andrew Breitbart, fundadores do portal de extrema-direita Breitbart News e mentes por tr\u00e1s da Cambridge Analytica, protagonista de esc\u00e2ndalo envolvendo a elei\u00e7\u00e3o de Donald Trump, retratada no filme \u201cPrivacidade Hackeada\u201d (2019), produzido pela Netflix.<\/p>\n\n\n\n<p>\u201cO que figuras como Bannon e Breitbart fizeram foi criar toda uma rede de altera\u00e7\u00e3o da forma como se pensava a pol\u00edtica, a partir da retomada de valores reacion\u00e1rios. E, para isso, foi preciso suspender o debate baseado em fatos\u201d, pondera Amadeu.<\/p>\n\n\n\n<p>A intoler\u00e2ncia ao debate racional e democr\u00e1tico \u00e9 uma das principais marcas desta alt-right (nome que designa a nova extrema-direita estadunidense) e foi exportada a diversos lugares do mundo, conforme explica o soci\u00f3logo.\u201cPara eles, a aposta na confus\u00e3o \u00e9 uma estrat\u00e9gia de comunica\u00e7\u00e3o. N\u00e3o \u00e9 que o que eles falam seja inocentemente est\u00fapido. A ideia \u00e9 justamente destruir a coer\u00eancia\u201d, explica.<\/p>\n\n\n\n<p>A ideia deles, segundo Amadeu, \u00e9 consolidar o conceito de liberdade de express\u00e3o como liberdade de agress\u00e3o. A desinforma\u00e7\u00e3o, as not\u00edcias falsas e os ataques constantes ao chamado \u2018politicamente correto\u2019 s\u00e3o ferramentas para este fim.<\/p>\n\n\n\n<p><strong>P\u00e1ginas conservadoras vitaminaram ultradireita<\/strong><\/p>\n\n\n\n<p>Apesar da liga\u00e7\u00e3o entre Steve Bannon e o cl\u00e3 Bolsonaro ter virado s\u00edmbolo da m\u00e1quina de desinforma\u00e7\u00e3o da ultradireita, a onda vem de muito antes da elei\u00e7\u00e3o presidencial de 2018. Amadeu recorda que, no fat\u00eddico ano de 2013, p\u00e1ginas que pregavam o discurso de \u00f3dio contra a esquerda j\u00e1 se multiplicavam nas redes sociais.<\/p>\n\n\n\n<p>\u201cA extrema-direita atuava de forma distribu\u00edda, mas articulada nas redes. A TV Revolta, por exemplo, sumiu, mas cumpriu o seu papel. Era rebelde, revoltada, desesperan\u00e7osa e pregava que que era preciso \u2018quebrar tudo\u2019. Resultado: milh\u00f5es de curtidas no Facebook ainda em 2014. Como conseguir isso de maneira espont\u00e2nea e org\u00e2nica? Imposs\u00edvel. J\u00e1 havia financiamento pesado a estas iniciativas. Crescer 2,5 milh\u00f5es de likes em um m\u00eas custa muito caro\u201d, opina o professor.<\/p>\n\n\n\n<p>Figuras como o comediante Danilo Gentili e o fil\u00f3sofo Luiz Felipe Pond\u00e9 s\u00e3o algumas das figuras que se aventuraram neste ambiente. \u201cA rede de \u00f3dio e reacionarismo j\u00e1 estava ativada bem antes de Bolsonaro come\u00e7ar a bombar e j\u00e1 contava com financiamento pesado nas plataformas digitais\u201d, sublinha Amadeu.<\/p>\n\n\n\n<p>\u201cPrecisamos criar coletivos de informa\u00e7\u00e3o, de gest\u00e3o algor\u00edtmica. A luta contra o neofascismo \u00e9 de longa dura\u00e7\u00e3o. Eles t\u00eam grande circula\u00e7\u00e3o, grupos fundamentalistas religiosos e parte do empresariado ao lado deles. \u00c9 um embate de longo prazo\u201d, alerta.<\/p>\n\n\n\n<p><strong>Novos p\u00fablicos nas redes<\/strong><\/p>\n\n\n\n<p>O caldo que resulta de todo este cen\u00e1rio \u00e9 amargo, mas n\u00e3o devemos esmorecer, opina F\u00e1bio Malini, professor da Universidade Federal do Esp\u00edrito Santo (UFES) e pesquisador de dados, pol\u00edtica e redes sociais.<\/p>\n\n\n\n<figure class=\"wp-block-image\"><img data-recalc-dims=\"1\" decoding=\"async\" src=\"https:\/\/i0.wp.com\/baraodeitarare.org.br\/site\/images\/malinistream.png?w=600\" alt=\"\"\/><\/figure>\n\n\n\n<p>\u201cNo come\u00e7o dos anos 2000, havia uma euforia, um encantamento com as possibilidades democratizantes da Internet. Hoje, vivemos um clima de tristeza. A elei\u00e7\u00e3o de Trump faz esta vis\u00e3o da internet ganhar for\u00e7a no mundo. \u00c9 not\u00f3ria a exist\u00eancia de padr\u00f5es que explicam a ascens\u00e3o deste fascismo aliado \u00e0 tecnologia\u201d, pondera.<\/p>\n\n\n\n<p>Apesar disso, na opini\u00e3o de Malini, talvez este seja o melhor momento para voltar ao jogo: \u201cO melhor da internet neste momento \u00e9 que ela deixou de ser absolutamente um ve\u00edculo das classes m\u00e9dias. Ela n\u00e3o \u00e9 mais s\u00f3 das classes que tinham capacidade de vocalizar seu projeto sozinhas. Ela incorporou, nos \u00faltimos anos, muito em fun\u00e7\u00e3o do lulismo, classes sociais que antes n\u00e3o estavam presentes neste cen\u00e1rio\u201d, conta.<\/p>\n\n\n\n<p>Quase metade dos usu\u00e1rios da Internet na classe D fazem uso exclusivo da Internet como forma de entretenimento, diz. \u201cPela primeira vez na hist\u00f3ria, temos atores sociais mediados por outros atores que falavam para eles, falando\u201d.<\/p>\n\n\n\n<p>A partir da viraliza\u00e7\u00e3o do movimento Black Lives Matter (Vidas Negras Importam), que surge nos Estados Unidos e ganha alian\u00e7as em todo o mundo, no Brasil as redes mimetizam a causa \u201cantifa\u201d, ao ponto de at\u00e9 a apresentadora Xuxa Meneghel publicar a bandeira antifascista em suas redes sociais.<\/p>\n\n\n\n<p>\u201cAs pessoas est\u00e3o dispostas a aprender e se educarem politicamente na internet. N\u00e3o podemos perder a dimens\u00e3o de que este processo est\u00e1 em disputa\u201d, frisa. Segundo Malini, este \u00e9 o melhor momento para a esquerda se posicionar, vide a avalanche de postagens questionando o presidente Bolsonaro sobre os motivos de Fabr\u00edcio Queiroz e sua esposa, M\u00e1rcia de Aguiar, terem depositado R$ 89 mil na conta da esposa do presidente, Michelle Bolsonaro. \u201cDisputar o imagin\u00e1rio de quem est\u00e1 acessando a rede pela primeira vez \u00e9 um dos maiores desafios que temos na luta contra o fascismo\u201d, destaca o professor.<\/p>\n\n\n\n<p><strong>Estrutura bolsonarista<\/strong><\/p>\n\n\n\n<p>Pesquisadora do Instituto Nacional de Ci\u00eancia e Tecnologia em Democracia Digital, Nina Santos endossa que \u00e9 necess\u00e1rio entender a m\u00e1quina das redes de extrema-direita para que seja poss\u00edvel elaborar estrat\u00e9gias eficazes de comunica\u00e7\u00e3o.<\/p>\n\n\n\n<figure class=\"wp-block-image\"><img data-recalc-dims=\"1\" decoding=\"async\" src=\"https:\/\/i0.wp.com\/baraodeitarare.org.br\/site\/images\/ninasantos_stream.png?w=600\" alt=\"\"\/><\/figure>\n\n\n\n<p>\u201cApesar de serem considerados toscos, os sites da extrema direita s\u00e3o bem elaborados. Tem um discurso fino que mescla informa\u00e7\u00f5es falsas e verdadeiras, a defesa de valores conservadores, de uma m\u00eddia conservadora, mobilizando pessoas\u201d, explica.<\/p>\n\n\n\n<p>\u201cEles se alimentam de estrat\u00e9gias de monetiza\u00e7\u00e3o complexas. Usam an\u00fancios do Google Ads, mas tamb\u00e9m t\u00eam bibliotecas e livrarias pr\u00f3prias. Promovem cursos pagos, disponibilizam formas de assinatura, h\u00e1 todo um ecossistema que se alimenta financeiramente e mobiliza a defesa do bolsonarismo\u201d, explica a pesquisadora.<\/p>\n\n\n\n<p>De acordo com Santos, \u00e9 salutar que as as m\u00eddias alternativas do campo progressista promovam a pluralidade que n\u00e3o aparece na m\u00eddia tradicional, mas uma outra quest\u00e3o que se imp\u00f5e, hoje, \u00e9 a defesa da informa\u00e7\u00e3o de qualidade.<\/p>\n\n\n\n<p>O di\u00e1logo entre os pesquisadores aconteceu na \u00faltima ter\u00e7a-feira (25), durante o V Curso Nacional de Comunica\u00e7\u00e3o do Centro de Estudos da M\u00eddia Alternativa Bar\u00e3o de Itarar\u00e9. Com dura\u00e7\u00e3o de tr\u00eas dias, o encontro virtual reuniu cerca de 200 participantes de 23 estados do pa\u00eds para discuss\u00e3o de estrat\u00e9gias no enfrentamento ao bolsonarismo.<\/p>\n\n\n\n<p><\/p>\n","protected":false},"excerpt":{"rendered":"<p>Crescimento de apoio a Bolsonaro nas redes n\u00e3o \u00e9 org\u00e2nico e conta com estrutura pesada de investimento fortemente inspirada na experi\u00eancia de Trump, no Estados Unidos. Por outro lado, esquerda tem compromisso com dissemina\u00e7\u00e3o de informa\u00e7\u00f5es verdadeiras no combate \u00e0s fake news\u00a0<\/p>\n","protected":false},"author":1,"featured_media":0,"comment_status":"closed","ping_status":"open","sticky":false,"template":"","format":"standard","meta":{"_exactmetrics_skip_tracking":false,"_exactmetrics_sitenote_active":false,"_exactmetrics_sitenote_note":"","_exactmetrics_sitenote_category":0,"jetpack_post_was_ever_published":false,"_jetpack_newsletter_access":"","_jetpack_dont_email_post_to_subs":false,"_jetpack_newsletter_tier_id":0,"_jetpack_memberships_contains_paywalled_content":false,"_jetpack_memberships_contains_paid_content":false,"footnotes":"","jetpack_publicize_message":"","jetpack_publicize_feature_enabled":true,"jetpack_social_post_already_shared":true,"jetpack_social_options":{"image_generator_settings":{"template":"highway","enabled":false},"version":2}},"categories":[1],"tags":[],"class_list":["post-29664","post","type-post","status-publish","format-standard","hentry","category-notas"],"jetpack_publicize_connections":[],"jetpack_sharing_enabled":true,"jetpack_featured_media_url":"","jetpack_shortlink":"https:\/\/wp.me\/p7wKYW-7Is","jetpack-related-posts":[],"_links":{"self":[{"href":"http:\/\/blogdalucianaoliveira.com.br\/blog\/wp-json\/wp\/v2\/posts\/29664","targetHints":{"allow":["GET"]}}],"collection":[{"href":"http:\/\/blogdalucianaoliveira.com.br\/blog\/wp-json\/wp\/v2\/posts"}],"about":[{"href":"http:\/\/blogdalucianaoliveira.com.br\/blog\/wp-json\/wp\/v2\/types\/post"}],"author":[{"embeddable":true,"href":"http:\/\/blogdalucianaoliveira.com.br\/blog\/wp-json\/wp\/v2\/users\/1"}],"replies":[{"embeddable":true,"href":"http:\/\/blogdalucianaoliveira.com.br\/blog\/wp-json\/wp\/v2\/comments?post=29664"}],"version-history":[{"count":1,"href":"http:\/\/blogdalucianaoliveira.com.br\/blog\/wp-json\/wp\/v2\/posts\/29664\/revisions"}],"predecessor-version":[{"id":29667,"href":"http:\/\/blogdalucianaoliveira.com.br\/blog\/wp-json\/wp\/v2\/posts\/29664\/revisions\/29667"}],"wp:attachment":[{"href":"http:\/\/blogdalucianaoliveira.com.br\/blog\/wp-json\/wp\/v2\/media?parent=29664"}],"wp:term":[{"taxonomy":"category","embeddable":true,"href":"http:\/\/blogdalucianaoliveira.com.br\/blog\/wp-json\/wp\/v2\/categories?post=29664"},{"taxonomy":"post_tag","embeddable":true,"href":"http:\/\/blogdalucianaoliveira.com.br\/blog\/wp-json\/wp\/v2\/tags?post=29664"}],"curies":[{"name":"wp","href":"https:\/\/api.w.org\/{rel}","templated":true}]}}