{"id":29668,"date":"2020-09-01T09:36:59","date_gmt":"2020-09-01T13:36:59","guid":{"rendered":"http:\/\/blogdalucianaoliveira.com.br\/blog\/?p=29668"},"modified":"2020-09-01T09:37:03","modified_gmt":"2020-09-01T13:37:03","slug":"professor-defende-validade-da-lista-triplice-para-escolha-de-reitor-da-unir-e-denuncia-golpistas","status":"publish","type":"post","link":"http:\/\/blogdalucianaoliveira.com.br\/blog\/2020\/09\/01\/professor-defende-validade-da-lista-triplice-para-escolha-de-reitor-da-unir-e-denuncia-golpistas\/","title":{"rendered":"Professor defende validade da lista tr\u00edplice para escolha de reitor da UNIR e denuncia golpistas"},"content":{"rendered":"\n<figure class=\"wp-block-image size-large\"><img data-recalc-dims=\"1\" loading=\"lazy\" decoding=\"async\" width=\"600\" height=\"503\" data-attachment-id=\"29669\" data-permalink=\"http:\/\/blogdalucianaoliveira.com.br\/blog\/2020\/09\/01\/professor-defende-validade-da-lista-triplice-para-escolha-de-reitor-da-unir-e-denuncia-golpistas\/d71255dc-0aca-4444-9b1b-8887af4378f2\/\" data-orig-file=\"https:\/\/i0.wp.com\/blogdalucianaoliveira.com.br\/blog\/wp-content\/uploads\/2020\/09\/D71255DC-0ACA-4444-9B1B-8887AF4378F2.png?fit=940%2C788\" data-orig-size=\"940,788\" data-comments-opened=\"0\" data-image-meta=\"{&quot;aperture&quot;:&quot;0&quot;,&quot;credit&quot;:&quot;&quot;,&quot;camera&quot;:&quot;&quot;,&quot;caption&quot;:&quot;&quot;,&quot;created_timestamp&quot;:&quot;0&quot;,&quot;copyright&quot;:&quot;&quot;,&quot;focal_length&quot;:&quot;0&quot;,&quot;iso&quot;:&quot;0&quot;,&quot;shutter_speed&quot;:&quot;0&quot;,&quot;title&quot;:&quot;&quot;,&quot;orientation&quot;:&quot;0&quot;}\" data-image-title=\"D71255DC-0ACA-4444-9B1B-8887AF4378F2\" data-image-description=\"\" data-image-caption=\"\" data-medium-file=\"https:\/\/i0.wp.com\/blogdalucianaoliveira.com.br\/blog\/wp-content\/uploads\/2020\/09\/D71255DC-0ACA-4444-9B1B-8887AF4378F2.png?fit=300%2C251\" data-large-file=\"https:\/\/i0.wp.com\/blogdalucianaoliveira.com.br\/blog\/wp-content\/uploads\/2020\/09\/D71255DC-0ACA-4444-9B1B-8887AF4378F2.png?fit=600%2C503\" src=\"https:\/\/i0.wp.com\/blogdalucianaoliveira.com.br\/blog\/wp-content\/uploads\/2020\/09\/D71255DC-0ACA-4444-9B1B-8887AF4378F2.png?resize=600%2C503\" alt=\"\" class=\"wp-image-29669\" srcset=\"https:\/\/i0.wp.com\/blogdalucianaoliveira.com.br\/blog\/wp-content\/uploads\/2020\/09\/D71255DC-0ACA-4444-9B1B-8887AF4378F2.png?w=940 940w, https:\/\/i0.wp.com\/blogdalucianaoliveira.com.br\/blog\/wp-content\/uploads\/2020\/09\/D71255DC-0ACA-4444-9B1B-8887AF4378F2.png?resize=300%2C251 300w, https:\/\/i0.wp.com\/blogdalucianaoliveira.com.br\/blog\/wp-content\/uploads\/2020\/09\/D71255DC-0ACA-4444-9B1B-8887AF4378F2.png?resize=768%2C644 768w, https:\/\/i0.wp.com\/blogdalucianaoliveira.com.br\/blog\/wp-content\/uploads\/2020\/09\/D71255DC-0ACA-4444-9B1B-8887AF4378F2.png?resize=358%2C300 358w\" sizes=\"auto, (max-width: 600px) 100vw, 600px\" \/><\/figure>\n\n\n\n<p><strong>QUEM JOGA CONTRA&nbsp;<\/strong><strong>O PROJETO DE REFUNDA\u00c7\u00c3O E QUALIFICA\u00c7\u00c3O DA UNIR?<\/strong><\/p>\n\n\n\n<!--more-->\n\n\n\n<p><strong>Professor Luis Fernando Novoa Garzon<\/strong><\/p>\n\n\n\n<p><br>A quem interessa\u00a0atacar institui\u00e7\u00f5es p\u00fablicas fundamentais para o Estado de Rond\u00f4nia, como a\u00a0(Universidade Federal de Rond\u00f4nia)UNIR,\u00a0que deve ser defendida, expandida na sua estrutura e qualificada na sua gest\u00e3o?\u00a0A quem interessa difundir not\u00edcias falsas e interpreta\u00e7\u00f5es deliberadamente distorcidas acerca do processo de escolha da nova Reitoria da UNIR?<\/p>\n\n\n\n<p>Fala-se em manobra ou golpe quando a legisla\u00e7\u00e3o \u00e9 clara ao estabelecer que a&nbsp;consulta pr\u00e9via n\u00e3o vincula juridicamente o Colegiado para elabora\u00e7\u00e3o da lista&nbsp;tr\u00edplice. A consulta&nbsp;\u00e0 comunidade universit\u00e1ria&nbsp;deve ser sim a refer\u00eancia&nbsp;para&nbsp;<strong>a escala\u00e7\u00e3o do(a) candidato(a) mais votado(a),<\/strong>&nbsp;considerando a bandeira hist\u00f3rica do movimento de&nbsp;servidores&nbsp;e de estudantes, qual seja, a elei\u00e7\u00e3o direta de representantes e dirigentes universit\u00e1rios com a participa\u00e7\u00e3o de docentes, estudantes e t\u00e9cnico-administrativos.&nbsp;<strong>A Consulta<\/strong><strong>,<\/strong><strong>&nbsp;portanto<\/strong><strong>,<\/strong><strong>&nbsp;\u00e9 o momento para que se consagre a candidatura e o programa de gest\u00e3o com maior respaldo junto \u00e0 comunidade universit\u00e1ria, de modo que as etapas subsequentes procurem referendar essa escolha, colocando<\/strong><strong>-a<\/strong><strong>&nbsp;em primeiro lugar na lista remetida&nbsp;<\/strong><strong>ao Minist\u00e9rio da Educa\u00e7\u00e3o (MEC)<\/strong><strong>.<\/strong><\/p>\n\n\n\n<p>Como a escolha do Conselho&nbsp;Superior&nbsp;Universit\u00e1rio, reunido em Col\u00e9gio&nbsp;Eleitoral,&nbsp;n\u00e3o&nbsp;est\u00e1 diretamente vinculada \u00e0 consulta p\u00fablica feita, a&nbsp;escala\u00e7\u00e3o&nbsp;e composi\u00e7\u00e3o&nbsp;da lista&nbsp;tr\u00edplice seguiu o crit\u00e9rio de maximiza\u00e7\u00e3o da decis\u00e3o&nbsp;majorit\u00e1ria da&nbsp;comunidade universit\u00e1ria. E seguindo a legisla\u00e7\u00e3o vigente, comp\u00f4s a&nbsp;lista tr\u00edplice&nbsp;com proponentes de comprovado&nbsp;m\u00e9rito acad\u00eamico,&nbsp;lisura administrativa e de honradez na condu\u00e7\u00e3o&nbsp;da&nbsp;carreira docente.&nbsp;O Conselho&nbsp;Superior&nbsp;Universit\u00e1rio, na minha avalia\u00e7\u00e3o como&nbsp;conselheiro,&nbsp;fez a escolha que considerou ser a mais democr\u00e1tica poss\u00edvel, nos marcos dessa legisla\u00e7\u00e3o:1)&nbsp;Referendou a candidata mais votada, colocando-a em primeiro lugar da lista&nbsp;tr\u00edplice,&nbsp;sinalizando&nbsp;ao Presidente&nbsp;da Rep\u00fablica&nbsp;a prioridade auferida pelo conjunto da Institui\u00e7\u00e3o, atendendo ao pleito de fortalecer a UNIR como&nbsp;universidade p\u00fablica de refer\u00eancia. &nbsp;2)&nbsp;Comp\u00f4s&nbsp;as demais vagas&nbsp;com docentes com conduta ilibada e m\u00e9rito acad\u00eamico inequ\u00edvoco, excluindo demais proponentes que insinuaram durante a consulta que n\u00e3o respeitariam o candidato(a) mais votado(a)&nbsp;e\/ou&nbsp;que apelariam para o tr\u00e1fico de influ\u00eancia para serem nomeados. Em fun\u00e7\u00e3o disso,&nbsp;o CONSUN&nbsp;tomou uma decis\u00e3o&nbsp;transparente e&nbsp;saneadora&nbsp;que procurou fazer cessar negocia\u00e7\u00f5es pol\u00edticas rebaixadas em torno da nomea\u00e7\u00e3o do(a)pr\u00f3ximo(a) Reitor(a) da UNIR.&nbsp;<\/p>\n\n\n\n<p>Quem conhece meu nome e meu trabalho,&nbsp;atuando&nbsp;em Rond\u00f4nia desde 2006, sabe de minha dedica\u00e7\u00e3o \u00e0 doc\u00eancia,&nbsp;\u00e0 pesquisa e&nbsp;\u00e0&nbsp;extens\u00e3o relacionadas \u00e0 defesa das comunidades tradicionais da Amaz\u00f4nia. \u00c9 em nome dessa trajet\u00f3ria que fui considerado apto a concorrer ao cargo de Reitor pelo Col\u00e9gio Eleitoral da UNIR, inst\u00e2ncia legalmente constitu\u00edda para a defini\u00e7\u00e3o dos componentes da lista tr\u00edplice&nbsp;e de sua ordem.<\/p>\n\n\n\n<p>Em nome da afinidade program\u00e1tica e de princ\u00edpios com a candidata mais votada nas duas inst\u00e2ncias (Consulta e Col\u00e9gio Eleitoral), \u00e9 que me ofereci a acompanh\u00e1-la nessa aprecia\u00e7\u00e3o&nbsp;pela Presid\u00eancia, junto com a professora&nbsp;Cynthia Cristina Morais Mota.<\/p>\n\n\n\n<p>Caso a mais votada n\u00e3o seja a nomeada, candidatos do mesmo campo program\u00e1tico est\u00e3o perfilados em segundo e em terceiro lugar.&nbsp;<strong>Os golpistas de sempre, fingindo esc\u00e2ndalo e caluniando como de costume, s\u00f3 ser\u00e3o nomeados<\/strong><strong>&nbsp;<\/strong><strong>assumi<\/strong><strong>ndo<\/strong><strong>&nbsp;sua&nbsp;<\/strong><strong>face<\/strong><strong>&nbsp;de golpistas<\/strong><strong>&nbsp;que s\u00e3o<\/strong>.&nbsp;Por isso, de&nbsp;uma forma ou de outra, o projeto de uma Universidade plural, aut\u00f4noma,&nbsp;popular&nbsp;e democr\u00e1tica&nbsp;n\u00e3o ser\u00e1 derrotado.<\/p>\n\n\n\n<p>Porto Velho, 31 de agosto de 2020<\/p>\n\n\n\n<p><strong>Professor Luis Fernando Novoa Garzon<\/strong><\/p>\n\n\n\n<p><strong>Doutor em Planejamento Urbano e Regional (IPPUR-UFRJ)<\/strong><\/p>\n\n\n\n<p><strong>Departamento de Ci\u00eancias Sociais (UNIR)<\/strong><\/p>\n","protected":false},"excerpt":{"rendered":"<p>QUEM JOGA CONTRA&nbsp;O PROJETO DE REFUNDA\u00c7\u00c3O E QUALIFICA\u00c7\u00c3O DA UNIR?<\/p>\n","protected":false},"author":1,"featured_media":0,"comment_status":"closed","ping_status":"open","sticky":false,"template":"","format":"standard","meta":{"_exactmetrics_skip_tracking":false,"_exactmetrics_sitenote_active":false,"_exactmetrics_sitenote_note":"","_exactmetrics_sitenote_category":0,"jetpack_post_was_ever_published":false,"_jetpack_newsletter_access":"","_jetpack_dont_email_post_to_subs":false,"_jetpack_newsletter_tier_id":0,"_jetpack_memberships_contains_paywalled_content":false,"_jetpack_memberships_contains_paid_content":false,"footnotes":"","jetpack_publicize_message":"","jetpack_publicize_feature_enabled":true,"jetpack_social_post_already_shared":true,"jetpack_social_options":{"image_generator_settings":{"template":"highway","enabled":false},"version":2}},"categories":[1],"tags":[],"class_list":["post-29668","post","type-post","status-publish","format-standard","hentry","category-notas"],"jetpack_publicize_connections":[],"jetpack_sharing_enabled":true,"jetpack_featured_media_url":"","jetpack_shortlink":"https:\/\/wp.me\/p7wKYW-7Iw","jetpack-related-posts":[],"_links":{"self":[{"href":"http:\/\/blogdalucianaoliveira.com.br\/blog\/wp-json\/wp\/v2\/posts\/29668","targetHints":{"allow":["GET"]}}],"collection":[{"href":"http:\/\/blogdalucianaoliveira.com.br\/blog\/wp-json\/wp\/v2\/posts"}],"about":[{"href":"http:\/\/blogdalucianaoliveira.com.br\/blog\/wp-json\/wp\/v2\/types\/post"}],"author":[{"embeddable":true,"href":"http:\/\/blogdalucianaoliveira.com.br\/blog\/wp-json\/wp\/v2\/users\/1"}],"replies":[{"embeddable":true,"href":"http:\/\/blogdalucianaoliveira.com.br\/blog\/wp-json\/wp\/v2\/comments?post=29668"}],"version-history":[{"count":1,"href":"http:\/\/blogdalucianaoliveira.com.br\/blog\/wp-json\/wp\/v2\/posts\/29668\/revisions"}],"predecessor-version":[{"id":29670,"href":"http:\/\/blogdalucianaoliveira.com.br\/blog\/wp-json\/wp\/v2\/posts\/29668\/revisions\/29670"}],"wp:attachment":[{"href":"http:\/\/blogdalucianaoliveira.com.br\/blog\/wp-json\/wp\/v2\/media?parent=29668"}],"wp:term":[{"taxonomy":"category","embeddable":true,"href":"http:\/\/blogdalucianaoliveira.com.br\/blog\/wp-json\/wp\/v2\/categories?post=29668"},{"taxonomy":"post_tag","embeddable":true,"href":"http:\/\/blogdalucianaoliveira.com.br\/blog\/wp-json\/wp\/v2\/tags?post=29668"}],"curies":[{"name":"wp","href":"https:\/\/api.w.org\/{rel}","templated":true}]}}