{"id":29672,"date":"2020-09-01T10:22:24","date_gmt":"2020-09-01T14:22:24","guid":{"rendered":"http:\/\/blogdalucianaoliveira.com.br\/blog\/?p=29672"},"modified":"2020-09-01T10:24:53","modified_gmt":"2020-09-01T14:24:53","slug":"ha-81-anos-hitler-assinava-decreto-nazista-de-exterminio-de-judeus","status":"publish","type":"post","link":"http:\/\/blogdalucianaoliveira.com.br\/blog\/2020\/09\/01\/ha-81-anos-hitler-assinava-decreto-nazista-de-exterminio-de-judeus\/","title":{"rendered":"H\u00e1 81 anos, Hitler assinava decreto nazista de exterm\u00ednio de judeus"},"content":{"rendered":"\n<figure class=\"wp-block-image\"><img data-recalc-dims=\"1\" decoding=\"async\" src=\"https:\/\/i0.wp.com\/conteudo.imguol.com.br\/c\/noticias\/86\/2020\/09\/01\/alemanha-nazista-adolf-hitler-e-seu-chefe-de-gabinete-herr-lutze-durante-evento-em-berlim-1598963597297_v2_900x506.jpg?w=600&#038;ssl=1\" alt=\"Assinado em 01\/09\/1939, &quot;programa de eutan\u00e1sia&quot; atingia todos os judeus e n\u00e3o arianos da Alemanha - Hulton-Deutsch Collection\/Corbis\/Getty Images\"\/><\/figure>\n\n\n\n<p> Depois que a burocracia alem\u00e3 do Terceiro Reich executou as medidas de desapropria\u00e7\u00e3o e concentra\u00e7\u00e3o dos judeus, o regime nazista chegou a um ponto cr\u00edtico. Qualquer passo adiante significaria o fim a exist\u00eancia do juda\u00edsmo na Europa ocupada. <\/p>\n\n\n\n<!--more-->\n\n\n\n<p><strong>No DW, Doris Bulau (gh)<br><\/strong><\/p>\n\n\n\n<p>No jarg\u00e3o nazista, a supera\u00e7\u00e3o desse limite era descrito como a &#8220;solu\u00e7\u00e3o final da quest\u00e3o dos judeus&#8221;. Na verdade, a express\u00e3o &#8220;solu\u00e7\u00e3o final&#8221; era um eufemismo para a palavra &#8220;morte&#8221;. O objetivo era matar todos os judeus e pessoas &#8220;n\u00e3o arianas&#8221;, que aos olhos dos algozes nazistas eram &#8220;indignos de viver&#8221;.<\/p>\n\n\n\n<p> Em 1\u00ba de setembro de 1939, Adolf Hitler assinou um decreto autorizando os m\u00e9dicos e psiquiatras a concederem o que chamavam de &#8220;morte de miseric\u00f3rdia&#8221; a doentes incur\u00e1veis, deficientes mentais e f\u00edsicos. Esse programa de &#8220;eutan\u00e1sia&#8221; atingia todos os cidad\u00e3os judeus na Alemanha. Uma das testemunhas dessa m\u00e1quina mort\u00edfera, o tenente Peter von der Osten, lembra que &#8220;n\u00e3o se ouviam nem gritos nem tiros. Eles (os judeus) eram impelidos para a morte pelos alem\u00e3es, mas sem gritos. Pode-se dizer que pairava no ar um sil\u00eancio de morte, algo muito deprimente&#8221;. <\/p>\n\n\n\n<p><strong>\u00d3culos, \u00fanico aux\u00edlio permitido <\/strong><\/p>\n\n\n\n<p>A partir da tomada do poder pelos nazistas, os judeus passaram a ter uma exist\u00eancia fantasma  na Alemanha. Diariamente, eram decretadas novas proibi\u00e7\u00f5es e manobras maliciosas. O sobrevivente berlinense Hans-Oskar L\u00f6wenstein lembra que os nazistas confiscaram quase todos os pertences dos judeus: telefones, r\u00e1dios, toca-discos, m\u00e1quinas fotogr\u00e1ficas. O \u00fanico equipamento que se podia usar eram os \u00f3culos. A \u00e1gua quente foi bloqueada e o acesso aos elevadores e \u00e0s sacadas de frente para o passeio p\u00fablico. Nas cozinhas, os fog\u00f5es a g\u00e1s e el\u00e9tricos foram lacrados. \u00c0 disposi\u00e7\u00e3o dos judeus residentes no seu edif\u00edcio ficaram apenas dois fog\u00f5es a g\u00e1s e dois fervedores el\u00e9tricos. Era, portanto, uma situa\u00e7\u00e3o terr\u00edvel. Peixes de aqu\u00e1rio, flores, plantas ornamentais \u2014 tudo era proibido para os judeus. <\/p>\n\n\n\n<p><strong>C\u00e2maras de g\u00e1s<\/strong> <\/p>\n\n\n\n<p>O &#8220;programa da eutan\u00e1sia&#8221; abrangeu tr\u00eas opera\u00e7\u00f5es: matan\u00e7a de cinco mil portadores da s\u00edndrome de Down e crian\u00e7as com defici\u00eancias f\u00edsicas em orfanatos; fuzilamento ou morte nas c\u00e2maras de g\u00e1s de 70 mil adultos, entre eles deficientes f\u00edsicos e mentais; amplia\u00e7\u00e3o da m\u00e1quina de exterm\u00ednio, inicialmente planejada somente para a Alemanha, aos territ\u00f3rios ocupados da Pol\u00f4nia. <\/p>\n\n\n\n<p>A sobrevivente Rozele Goldstein n\u00e3o consegue esquecer os horrores do Holocausto. &#8220;Eu realmente n\u00e3o tinha esperan\u00e7as de sobreviver. Quando estava uns cinco minutos deitada na vala, pensei que a morte ainda viria. S\u00f3 notei que ainda estava viva quando ouvi os assassinos indo embora cantando, b\u00eabados.&#8221;<\/p>\n\n\n\n<p><strong> Exterm\u00ednio geral <\/strong><\/p>\n\n\n\n<p> O policial Jouzaz Maleksames defende-se ainda hoje da acusa\u00e7\u00e3o de haver participado do exterm\u00ednio de judeus na Let\u00f4nia. &#8220;N\u00e3o nos preocupamos com os judeus; isso n\u00e3o nos interessava. N\u00e3o ouvimos nada a respeito do fuzilamento de judeus, ciganos ou civis&#8221;, diz. Os carrascos nazistas, por\u00e9m, eram sol\u00edcitos quando recebiam ordens de seus superiores, n\u00e3o importando se as v\u00edtimas eram crian\u00e7as, mulheres ou homens recolhidos em hospitais ou cl\u00ednicas psiqui\u00e1tricas ou se, al\u00e9m disso, eram judeus, ciganos, homossexuais ou simplesmente &#8220;n\u00e3o arianos&#8221;. Segundo o soldado Reinhold Emmer, &#8220;era imposs\u00edvel opor-se \u00e0s ordens superiores&#8221;. <\/p>\n\n\n\n<p><strong>Deporta\u00e7\u00f5es<\/strong><\/p>\n\n\n\n<p> As deporta\u00e7\u00f5es para os campos de concentra\u00e7\u00e3o do Leste Europeu corriam a todo vapor desde o in\u00edcio da guerra. Trens cheios de passageiros dirigiam-se para Auschwitz, Treblinka, Sobibor ou Buchenwald. As c\u00e2maras de g\u00e1s funcionavam sem cessar. J\u00e1 na rampa de desembarque, os m\u00e9dicos nazistas examinavam os deportados que chegavam nos trens superlotados. Idosos, crian\u00e7as, doentes e pessoas fr\u00e1geis eram mandados diretamente para as c\u00e2maras de g\u00e1s ou comandos de fuzilamento. Quem conseguira suportar o esgotamento f\u00edsico da viagem era submetido a trabalhos for\u00e7ados. An\u00e3os, g\u00eameos e deficientes f\u00edsicos que chamassem a aten\u00e7\u00e3o do m\u00e9dicos eram selecionados para experi\u00eancias gen\u00e9ticas e  morriam em consequ\u00eancia da brutalidade dos testes de laborat\u00f3rio.  <\/p>\n","protected":false},"excerpt":{"rendered":"<p>Depois que a burocracia alem\u00e3 do Terceiro Reich executou as medidas de desapropria\u00e7\u00e3o e concentra\u00e7\u00e3o dos judeus, o regime nazista chegou a um ponto cr\u00edtico. Qualquer passo adiante significaria o fim a exist\u00eancia do juda\u00edsmo na Europa ocupada.<\/p>\n","protected":false},"author":1,"featured_media":0,"comment_status":"closed","ping_status":"open","sticky":false,"template":"","format":"standard","meta":{"_exactmetrics_skip_tracking":false,"_exactmetrics_sitenote_active":false,"_exactmetrics_sitenote_note":"","_exactmetrics_sitenote_category":0,"jetpack_post_was_ever_published":false,"_jetpack_newsletter_access":"","_jetpack_dont_email_post_to_subs":false,"_jetpack_newsletter_tier_id":0,"_jetpack_memberships_contains_paywalled_content":false,"_jetpack_memberships_contains_paid_content":false,"footnotes":"","jetpack_publicize_message":"","jetpack_publicize_feature_enabled":true,"jetpack_social_post_already_shared":true,"jetpack_social_options":{"image_generator_settings":{"template":"highway","enabled":false},"version":2}},"categories":[1],"tags":[],"class_list":["post-29672","post","type-post","status-publish","format-standard","hentry","category-notas"],"jetpack_publicize_connections":[],"jetpack_sharing_enabled":true,"jetpack_featured_media_url":"","jetpack_shortlink":"https:\/\/wp.me\/p7wKYW-7IA","jetpack-related-posts":[],"_links":{"self":[{"href":"http:\/\/blogdalucianaoliveira.com.br\/blog\/wp-json\/wp\/v2\/posts\/29672","targetHints":{"allow":["GET"]}}],"collection":[{"href":"http:\/\/blogdalucianaoliveira.com.br\/blog\/wp-json\/wp\/v2\/posts"}],"about":[{"href":"http:\/\/blogdalucianaoliveira.com.br\/blog\/wp-json\/wp\/v2\/types\/post"}],"author":[{"embeddable":true,"href":"http:\/\/blogdalucianaoliveira.com.br\/blog\/wp-json\/wp\/v2\/users\/1"}],"replies":[{"embeddable":true,"href":"http:\/\/blogdalucianaoliveira.com.br\/blog\/wp-json\/wp\/v2\/comments?post=29672"}],"version-history":[{"count":2,"href":"http:\/\/blogdalucianaoliveira.com.br\/blog\/wp-json\/wp\/v2\/posts\/29672\/revisions"}],"predecessor-version":[{"id":29674,"href":"http:\/\/blogdalucianaoliveira.com.br\/blog\/wp-json\/wp\/v2\/posts\/29672\/revisions\/29674"}],"wp:attachment":[{"href":"http:\/\/blogdalucianaoliveira.com.br\/blog\/wp-json\/wp\/v2\/media?parent=29672"}],"wp:term":[{"taxonomy":"category","embeddable":true,"href":"http:\/\/blogdalucianaoliveira.com.br\/blog\/wp-json\/wp\/v2\/categories?post=29672"},{"taxonomy":"post_tag","embeddable":true,"href":"http:\/\/blogdalucianaoliveira.com.br\/blog\/wp-json\/wp\/v2\/tags?post=29672"}],"curies":[{"name":"wp","href":"https:\/\/api.w.org\/{rel}","templated":true}]}}