{"id":29675,"date":"2020-09-01T10:36:11","date_gmt":"2020-09-01T14:36:11","guid":{"rendered":"http:\/\/blogdalucianaoliveira.com.br\/blog\/?p=29675"},"modified":"2020-09-01T10:36:16","modified_gmt":"2020-09-01T14:36:16","slug":"sai-agosto-entra-setembro","status":"publish","type":"post","link":"http:\/\/blogdalucianaoliveira.com.br\/blog\/2020\/09\/01\/sai-agosto-entra-setembro\/","title":{"rendered":"Sai agosto, entra setembro"},"content":{"rendered":"\n<figure class=\"wp-block-image\"><img data-recalc-dims=\"1\" decoding=\"async\" src=\"https:\/\/i0.wp.com\/cdn.olhares.pt\/client\/files\/foto\/big\/687\/6876119.jpg?w=600&#038;ssl=1\" alt=\"Sol de Primavera Foto de Orlando Almeida | Olhares - Fotografia Online\"\/><\/figure>\n\n\n\n<p>As elei\u00e7\u00f5es municipais marcadas para novembro permitir\u00e3o uma avalia\u00e7\u00e3o de quanto o atraso avan\u00e7ou, e se estamos estagnados na progress\u00e3o e no desenvolvimento da conscientiza\u00e7\u00e3o sobre os perigos desse retrocesso.<\/p>\n\n\n\n<!--more-->\n\n\n\n<p>No 247, <a href=\"https:\/\/www.brasil247.com\/authors\/ricardo-mezavila\">Ricardo Mezavila<\/a><\/p>\n\n\n\n<p> Agosto sai de campo para a entrada de setembro que vem com as conhecidas expectativas de meses anteriores: A suspei\u00e7\u00e3o de Moro, a restitui\u00e7\u00e3o dos direitos pol\u00edticos ao ex-Presidente Lula, as den\u00fancias contra o senador Fl\u00e1vio Bolsonaro no esc\u00e2ndalo do desvio de dinheiro p\u00fablico, as respostas sobre os dep\u00f3sitos de Queiroz nas contas de Michelle Bolsonaro, os zilh\u00f5es de crimes cometidos pelo ministro do meio ambiente Ricardo Sales e outras quest\u00f5es que entram em setembro com a mesma roupagem de meses anteriores.\u00a0<br> <\/p>\n\n\n\n<p>De diferente somente o espa\u00e7o de tempo entre o que fizeram com o Brasil e o que podemos fazer para estancar os estragos. As elei\u00e7\u00f5es municipais marcadas para novembro permitir\u00e3o uma avalia\u00e7\u00e3o de quanto o atraso avan\u00e7ou, e se estamos estagnados na progress\u00e3o e no desenvolvimento da conscientiza\u00e7\u00e3o sobre os perigos desse retrocesso.&nbsp;<\/p>\n\n\n\n<p>O contexto negativo criado por esse governo e seus aliados, como o afastamento do governador Wilson Witzel, que se elegeu no v\u00e1cuo do bolsonarismo, e a pris\u00e3o do Pastor Everaldo, l\u00edder do PSC, partido que j\u00e1 abrigou os Bolsonaro, acusados por corrup\u00e7\u00e3o e lavagem de dinheiro durante a pandemia, ir\u00e3o pautar a campanha e devem ser explorados didaticamente para que o eleitor perceba a import\u00e2ncia de conhecer seus candidatos e n\u00e3o votar aleatoriamente seduzidos por discursos vazios e populistas.&nbsp;<\/p>\n\n\n\n<p>Um s\u00e1bio prov\u00e9rbio ind\u00edgena diz: \u201cSomente quando for cortada a \u00faltima \u00e1rvore, pescado o \u00faltimo peixe, polu\u00eddo o \u00faltimo rio, que as pessoas v\u00e3o perceber que n\u00e3o podem comer dinheiro\u201d. &nbsp;<\/p>\n\n\n\n<p>Da mesma forma, quando for cortado o \u00faltimo direito, vendido o \u00faltimo patrim\u00f4nio, exterminada a \u00faltima for\u00e7a democr\u00e1tica, que as pessoas v\u00e3o perceber que n\u00e3o podem conviver com o bolsonarismo e suas consequ\u00eancias.&nbsp;<\/p>\n\n\n\n<p>Ricardo Mezavila.&nbsp;<\/p>\n\n\n\n<p><br><\/p>\n","protected":false},"excerpt":{"rendered":"<p>As elei\u00e7\u00f5es municipais marcadas para novembro permitir\u00e3o uma avalia\u00e7\u00e3o de quanto o atraso avan\u00e7ou, e se estamos estagnados na progress\u00e3o e no desenvolvimento da conscientiza\u00e7\u00e3o sobre os perigos desse retrocesso.<\/p>\n","protected":false},"author":1,"featured_media":0,"comment_status":"closed","ping_status":"open","sticky":false,"template":"","format":"standard","meta":{"_exactmetrics_skip_tracking":false,"_exactmetrics_sitenote_active":false,"_exactmetrics_sitenote_note":"","_exactmetrics_sitenote_category":0,"jetpack_post_was_ever_published":false,"_jetpack_newsletter_access":"","_jetpack_dont_email_post_to_subs":false,"_jetpack_newsletter_tier_id":0,"_jetpack_memberships_contains_paywalled_content":false,"_jetpack_memberships_contains_paid_content":false,"footnotes":"","jetpack_publicize_message":"","jetpack_publicize_feature_enabled":true,"jetpack_social_post_already_shared":true,"jetpack_social_options":{"image_generator_settings":{"template":"highway","enabled":false},"version":2}},"categories":[1],"tags":[],"class_list":["post-29675","post","type-post","status-publish","format-standard","hentry","category-notas"],"jetpack_publicize_connections":[],"jetpack_sharing_enabled":true,"jetpack_featured_media_url":"","jetpack_shortlink":"https:\/\/wp.me\/p7wKYW-7ID","jetpack-related-posts":[],"_links":{"self":[{"href":"http:\/\/blogdalucianaoliveira.com.br\/blog\/wp-json\/wp\/v2\/posts\/29675","targetHints":{"allow":["GET"]}}],"collection":[{"href":"http:\/\/blogdalucianaoliveira.com.br\/blog\/wp-json\/wp\/v2\/posts"}],"about":[{"href":"http:\/\/blogdalucianaoliveira.com.br\/blog\/wp-json\/wp\/v2\/types\/post"}],"author":[{"embeddable":true,"href":"http:\/\/blogdalucianaoliveira.com.br\/blog\/wp-json\/wp\/v2\/users\/1"}],"replies":[{"embeddable":true,"href":"http:\/\/blogdalucianaoliveira.com.br\/blog\/wp-json\/wp\/v2\/comments?post=29675"}],"version-history":[{"count":1,"href":"http:\/\/blogdalucianaoliveira.com.br\/blog\/wp-json\/wp\/v2\/posts\/29675\/revisions"}],"predecessor-version":[{"id":29676,"href":"http:\/\/blogdalucianaoliveira.com.br\/blog\/wp-json\/wp\/v2\/posts\/29675\/revisions\/29676"}],"wp:attachment":[{"href":"http:\/\/blogdalucianaoliveira.com.br\/blog\/wp-json\/wp\/v2\/media?parent=29675"}],"wp:term":[{"taxonomy":"category","embeddable":true,"href":"http:\/\/blogdalucianaoliveira.com.br\/blog\/wp-json\/wp\/v2\/categories?post=29675"},{"taxonomy":"post_tag","embeddable":true,"href":"http:\/\/blogdalucianaoliveira.com.br\/blog\/wp-json\/wp\/v2\/tags?post=29675"}],"curies":[{"name":"wp","href":"https:\/\/api.w.org\/{rel}","templated":true}]}}