{"id":29678,"date":"2020-09-01T13:32:40","date_gmt":"2020-09-01T17:32:40","guid":{"rendered":"http:\/\/blogdalucianaoliveira.com.br\/blog\/?p=29678"},"modified":"2020-09-01T13:32:46","modified_gmt":"2020-09-01T17:32:46","slug":"apos-recomendacao-do-mpf-prefeitura-vai-criar-comissao-para-mudar-nome-de-bairro-e-ruas-de-porto-velho-ro","status":"publish","type":"post","link":"http:\/\/blogdalucianaoliveira.com.br\/blog\/2020\/09\/01\/apos-recomendacao-do-mpf-prefeitura-vai-criar-comissao-para-mudar-nome-de-bairro-e-ruas-de-porto-velho-ro\/","title":{"rendered":"Ap\u00f3s recomenda\u00e7\u00e3o do MPF, prefeitura vai criar comiss\u00e3o para mudar nome de bairro e ruas de Porto Velho (RO)"},"content":{"rendered":"\n<figure class=\"wp-block-image size-large\"><img data-recalc-dims=\"1\" loading=\"lazy\" decoding=\"async\" width=\"600\" height=\"355\" data-attachment-id=\"29679\" data-permalink=\"http:\/\/blogdalucianaoliveira.com.br\/blog\/2020\/09\/01\/apos-recomendacao-do-mpf-prefeitura-vai-criar-comissao-para-mudar-nome-de-bairro-e-ruas-de-porto-velho-ro\/image-1156\/\" data-orig-file=\"https:\/\/i0.wp.com\/blogdalucianaoliveira.com.br\/blog\/wp-content\/uploads\/2020\/09\/image.jpeg?fit=845%2C500\" data-orig-size=\"845,500\" data-comments-opened=\"0\" data-image-meta=\"{&quot;aperture&quot;:&quot;0&quot;,&quot;credit&quot;:&quot;&quot;,&quot;camera&quot;:&quot;&quot;,&quot;caption&quot;:&quot;&quot;,&quot;created_timestamp&quot;:&quot;0&quot;,&quot;copyright&quot;:&quot;&quot;,&quot;focal_length&quot;:&quot;0&quot;,&quot;iso&quot;:&quot;0&quot;,&quot;shutter_speed&quot;:&quot;0&quot;,&quot;title&quot;:&quot;&quot;,&quot;orientation&quot;:&quot;1&quot;}\" data-image-title=\"image\" data-image-description=\"\" data-image-caption=\"\" data-medium-file=\"https:\/\/i0.wp.com\/blogdalucianaoliveira.com.br\/blog\/wp-content\/uploads\/2020\/09\/image.jpeg?fit=300%2C178\" data-large-file=\"https:\/\/i0.wp.com\/blogdalucianaoliveira.com.br\/blog\/wp-content\/uploads\/2020\/09\/image.jpeg?fit=600%2C355\" src=\"https:\/\/i0.wp.com\/blogdalucianaoliveira.com.br\/blog\/wp-content\/uploads\/2020\/09\/image.jpeg?resize=600%2C355\" alt=\"\" class=\"wp-image-29679\" srcset=\"https:\/\/i0.wp.com\/blogdalucianaoliveira.com.br\/blog\/wp-content\/uploads\/2020\/09\/image.jpeg?w=845 845w, https:\/\/i0.wp.com\/blogdalucianaoliveira.com.br\/blog\/wp-content\/uploads\/2020\/09\/image.jpeg?resize=300%2C178 300w, https:\/\/i0.wp.com\/blogdalucianaoliveira.com.br\/blog\/wp-content\/uploads\/2020\/09\/image.jpeg?resize=768%2C454 768w, https:\/\/i0.wp.com\/blogdalucianaoliveira.com.br\/blog\/wp-content\/uploads\/2020\/09\/image.jpeg?resize=507%2C300 507w\" sizes=\"auto, (max-width: 600px) 100vw, 600px\" \/><\/figure>\n\n\n\n<p>A recomenda\u00e7\u00e3o se deve ao fato da exist\u00eancia de mais de 700 logradouros no Brasil que homenageavam ex-presidentes militares, culpados por viola\u00e7\u00e3o de direitos humanos: homic\u00eddios, desaparecimentos for\u00e7ados, oculta\u00e7\u00e3o de cad\u00e1veres, estupros, entre outros, conforme a CNV.<\/p>\n\n\n\n<!--more-->\n\n\n\n<p>Da Assessoria do MPF<\/p>\n\n\n\n<p>A Prefeitura de Porto Velho (RO) acatou a recomenda\u00e7\u00e3o do Minist\u00e9rio P\u00fablico Federal (MPF) e vai instituir comiss\u00e3o t\u00e9cnica para promover a mudan\u00e7a de nome do Bairro Costa e Silva. Nomes de locais p\u00fablicos da capital que fa\u00e7am refer\u00eancia a pessoas apontadas no relat\u00f3rio final da Comiss\u00e3o Nacional da Verdade (CNV) como respons\u00e1veis pelos crimes cometidos durante a ditadura militar (1964 a 1985) tamb\u00e9m ser\u00e3o revistos.<\/p>\n\n\n\n<p>A recomenda\u00e7\u00e3o se deve ao fato da exist\u00eancia de mais de 700 logradouros no Brasil que homenageavam ex-presidentes militares, culpados por viola\u00e7\u00e3o de direitos humanos: homic\u00eddios, desaparecimentos for\u00e7ados, oculta\u00e7\u00e3o de cad\u00e1veres, estupros, entre outros, conforme a CNV. Atos de tortura eram realizados diariamente em quart\u00e9is, delegacias e no interior de pres\u00eddios, conhecidos como \u201creformat\u00f3rios\u201d.<\/p>\n\n\n\n<p>No documento, o procurador da Rep\u00fablica Raphael Bevilaqua questionou incoer\u00eancias em rela\u00e7\u00e3o ao nome do bairro. De acordo com as respostas enviadas pela Secretaria Municipal de Regulariza\u00e7\u00e3o Fundi\u00e1ria, Habita\u00e7\u00e3o e Urbanismo (Semur), a nomenclatura do bairro Costa e Silva foi atribu\u00edda pela Lei Municipal 840, de 10 de outubro de 1989, &#8220;por\u00e9m a lei n\u00e3o trata da origem do nome, o que faz com que n\u00e3o se possa afirmar que de fato houve a homenagem do nome Costa e Silva\u201d, destaca o procurador.<\/p>\n\n\n\n<p>Outra inconsist\u00eancia apontada na recomenda\u00e7\u00e3o pelo MPF se encontra no livro Os Bairros na Hist\u00f3ria de Porto Velho, da professora e pesquisadora Y\u00eadda Pinheiro Borzacov. No livro, ela menciona que o nome do bairro \u00e9 uma homenagem ao ex-presidente Arthur da Costa e Silva e que antes o bairro tinha o nome de Conquista.<\/p>\n\n\n\n<p>A altera\u00e7\u00e3o de nomes de bens p\u00fablicos que homenageiam ditadores \u00e9 uma das medidas a serem adotadas no \u00e2mbito da Justi\u00e7a, sendo importante a repara\u00e7\u00e3o simb\u00f3lica \u00e0s v\u00edtimas, como tamb\u00e9m a promo\u00e7\u00e3o da mem\u00f3ria e ainda a garantia da n\u00e3o repeti\u00e7\u00e3o.<\/p>\n\n\n\n<p><strong>Ditadura militar &#8211;<\/strong>&nbsp;Por meio da Lei 12.528, de 2011, criou-se a Comiss\u00e3o Nacional da Verdade para apurar graves viola\u00e7\u00f5es a direitos humanos. A CNV, com o poder atribu\u00eddo pelo Congresso Nacional, reconheceu em seu relat\u00f3rio final a pr\u00e1tica de graves viola\u00e7\u00f5es aos direitos humanos entre 1946 e 1988 pelo Estado brasileiro, apresentando o car\u00e1ter autorit\u00e1rio dos governos impostos, e se referindo a 31 de mar\u00e7o de 1964 como dia do golpe contra a democracia.<\/p>\n\n\n\n<p>Um ano ap\u00f3s a cria\u00e7\u00e3o da lei, a CNV apresentou o relat\u00f3rio final, contendo 29 recomenda\u00e7\u00f5es de a\u00e7\u00f5es, medidas institucionais e iniciativas de reformula\u00e7\u00e3o normativa. Entre as 29 recomenda\u00e7\u00f5es, a 28\u00aa determina a &#8220;promo\u00e7\u00e3o da altera\u00e7\u00e3o da denomina\u00e7\u00e3o de logradouros, vias de transporte, edif\u00edcios e institui\u00e7\u00f5es p\u00fablicas de qualquer natureza, sejam federais, estaduais ou municipais\u201d.<\/p>\n\n\n\n<p>Recomenda\u00e7\u00f5es s\u00e3o instrumentos do Minist\u00e9rio P\u00fablico que servem para alertar agentes p\u00fablicos sobre a necessidade de provid\u00eancias a fim de resolver uma situa\u00e7\u00e3o irregular ou que possa levar a alguma irregularidade. O n\u00e3o acatamento infundado de uma recomenda\u00e7\u00e3o, ou a insufici\u00eancia dos fundamentos apresentados para n\u00e3o acat\u00e1-la total ou parcialmente, pode levar o Minist\u00e9rio P\u00fablico a adotar medidas judiciais cab\u00edveis.<\/p>\n","protected":false},"excerpt":{"rendered":"<p>A recomenda\u00e7\u00e3o se deve ao fato da exist\u00eancia de mais de 700 logradouros no Brasil que homenageavam ex-presidentes militares, culpados por viola\u00e7\u00e3o de direitos humanos: homic\u00eddios, desaparecimentos for\u00e7ados, oculta\u00e7\u00e3o de cad\u00e1veres, estupros, entre outros, conforme a CNV.<\/p>\n","protected":false},"author":1,"featured_media":0,"comment_status":"closed","ping_status":"open","sticky":false,"template":"","format":"standard","meta":{"_exactmetrics_skip_tracking":false,"_exactmetrics_sitenote_active":false,"_exactmetrics_sitenote_note":"","_exactmetrics_sitenote_category":0,"jetpack_post_was_ever_published":false,"_jetpack_newsletter_access":"","_jetpack_dont_email_post_to_subs":false,"_jetpack_newsletter_tier_id":0,"_jetpack_memberships_contains_paywalled_content":false,"_jetpack_memberships_contains_paid_content":false,"footnotes":"","jetpack_publicize_message":"","jetpack_publicize_feature_enabled":true,"jetpack_social_post_already_shared":true,"jetpack_social_options":{"image_generator_settings":{"template":"highway","enabled":false},"version":2}},"categories":[1],"tags":[],"class_list":["post-29678","post","type-post","status-publish","format-standard","hentry","category-notas"],"jetpack_publicize_connections":[],"jetpack_sharing_enabled":true,"jetpack_featured_media_url":"","jetpack_shortlink":"https:\/\/wp.me\/p7wKYW-7IG","jetpack-related-posts":[],"_links":{"self":[{"href":"http:\/\/blogdalucianaoliveira.com.br\/blog\/wp-json\/wp\/v2\/posts\/29678","targetHints":{"allow":["GET"]}}],"collection":[{"href":"http:\/\/blogdalucianaoliveira.com.br\/blog\/wp-json\/wp\/v2\/posts"}],"about":[{"href":"http:\/\/blogdalucianaoliveira.com.br\/blog\/wp-json\/wp\/v2\/types\/post"}],"author":[{"embeddable":true,"href":"http:\/\/blogdalucianaoliveira.com.br\/blog\/wp-json\/wp\/v2\/users\/1"}],"replies":[{"embeddable":true,"href":"http:\/\/blogdalucianaoliveira.com.br\/blog\/wp-json\/wp\/v2\/comments?post=29678"}],"version-history":[{"count":1,"href":"http:\/\/blogdalucianaoliveira.com.br\/blog\/wp-json\/wp\/v2\/posts\/29678\/revisions"}],"predecessor-version":[{"id":29680,"href":"http:\/\/blogdalucianaoliveira.com.br\/blog\/wp-json\/wp\/v2\/posts\/29678\/revisions\/29680"}],"wp:attachment":[{"href":"http:\/\/blogdalucianaoliveira.com.br\/blog\/wp-json\/wp\/v2\/media?parent=29678"}],"wp:term":[{"taxonomy":"category","embeddable":true,"href":"http:\/\/blogdalucianaoliveira.com.br\/blog\/wp-json\/wp\/v2\/categories?post=29678"},{"taxonomy":"post_tag","embeddable":true,"href":"http:\/\/blogdalucianaoliveira.com.br\/blog\/wp-json\/wp\/v2\/tags?post=29678"}],"curies":[{"name":"wp","href":"https:\/\/api.w.org\/{rel}","templated":true}]}}