{"id":29681,"date":"2020-09-01T19:34:21","date_gmt":"2020-09-01T23:34:21","guid":{"rendered":"http:\/\/blogdalucianaoliveira.com.br\/blog\/?p=29681"},"modified":"2020-09-01T19:34:31","modified_gmt":"2020-09-01T23:34:31","slug":"cunhado-de-bolsonaro-devastou-com-gado-app-nas-margens-do-rio-ribeira-sp","status":"publish","type":"post","link":"http:\/\/blogdalucianaoliveira.com.br\/blog\/2020\/09\/01\/cunhado-de-bolsonaro-devastou-com-gado-app-nas-margens-do-rio-ribeira-sp\/","title":{"rendered":"Cunhado de Bolsonaro devastou com gado APP nas margens do Rio Ribeira (SP)"},"content":{"rendered":"\n<figure class=\"wp-block-image size-large\"><img data-recalc-dims=\"1\" loading=\"lazy\" decoding=\"async\" width=\"600\" height=\"394\" data-attachment-id=\"29682\" data-permalink=\"http:\/\/blogdalucianaoliveira.com.br\/blog\/2020\/09\/01\/cunhado-de-bolsonaro-devastou-com-gado-app-nas-margens-do-rio-ribeira-sp\/image-1-17\/\" data-orig-file=\"https:\/\/i0.wp.com\/blogdalucianaoliveira.com.br\/blog\/wp-content\/uploads\/2020\/09\/image-1.jpeg?fit=809%2C531\" data-orig-size=\"809,531\" data-comments-opened=\"0\" data-image-meta=\"{&quot;aperture&quot;:&quot;0&quot;,&quot;credit&quot;:&quot;&quot;,&quot;camera&quot;:&quot;&quot;,&quot;caption&quot;:&quot;&quot;,&quot;created_timestamp&quot;:&quot;0&quot;,&quot;copyright&quot;:&quot;&quot;,&quot;focal_length&quot;:&quot;0&quot;,&quot;iso&quot;:&quot;0&quot;,&quot;shutter_speed&quot;:&quot;0&quot;,&quot;title&quot;:&quot;&quot;,&quot;orientation&quot;:&quot;1&quot;}\" data-image-title=\"image-1\" data-image-description=\"\" data-image-caption=\"\" data-medium-file=\"https:\/\/i0.wp.com\/blogdalucianaoliveira.com.br\/blog\/wp-content\/uploads\/2020\/09\/image-1.jpeg?fit=300%2C197\" data-large-file=\"https:\/\/i0.wp.com\/blogdalucianaoliveira.com.br\/blog\/wp-content\/uploads\/2020\/09\/image-1.jpeg?fit=600%2C394\" src=\"https:\/\/i0.wp.com\/blogdalucianaoliveira.com.br\/blog\/wp-content\/uploads\/2020\/09\/image-1.jpeg?resize=600%2C394\" alt=\"\" class=\"wp-image-29682\" srcset=\"https:\/\/i0.wp.com\/blogdalucianaoliveira.com.br\/blog\/wp-content\/uploads\/2020\/09\/image-1.jpeg?w=809 809w, https:\/\/i0.wp.com\/blogdalucianaoliveira.com.br\/blog\/wp-content\/uploads\/2020\/09\/image-1.jpeg?resize=300%2C197 300w, https:\/\/i0.wp.com\/blogdalucianaoliveira.com.br\/blog\/wp-content\/uploads\/2020\/09\/image-1.jpeg?resize=768%2C504 768w, https:\/\/i0.wp.com\/blogdalucianaoliveira.com.br\/blog\/wp-content\/uploads\/2020\/09\/image-1.jpeg?resize=457%2C300 457w\" sizes=\"auto, (max-width: 600px) 100vw, 600px\" \/><\/figure>\n\n\n\n<p><em><strong>Theodoro Konesuk, casado com V\u00e2nia Bolsonaro, assumiu desmatamento de Mata Atl\u00e2ntica em Registro e fez acordo com MP para recuperar \u00c1rea de Prote\u00e7\u00e3o Permanente e escapar de puni\u00e7\u00e3o maior; ele foi condenado em 2018 por invadir quilombo Galv\u00e3o, em Iporanga<\/strong><\/em><\/p>\n\n\n\n<!--more-->\n\n\n\n<p>Por&nbsp;<strong>Leonardo Fuhrmann<\/strong><\/p>\n\n\n\n<figure class=\"wp-block-image\"><a href=\"https:\/\/deolhonosruralistas.com.br\/de-olho-nos-mil-parceiros\/\"><img data-recalc-dims=\"1\" decoding=\"async\" src=\"https:\/\/i0.wp.com\/deolhonosruralistas.com.br\/wp-content\/uploads\/2017\/03\/DEOLHO2017-chamada-meio-texto.png?w=600&#038;ssl=1\" alt=\"\" class=\"wp-image-3364\"\/><\/a><\/figure>\n\n\n\n<p>Cunhado do presidente Jair Bolsonaro, o empres\u00e1rio Theodoro da Silva Konesuk admitiu ao Minist\u00e9rio P\u00fablico do Estado de S\u00e3o Paulo (MP-SP) ser respons\u00e1vel por devastar a vegeta\u00e7\u00e3o da reserva legal de uma fazenda que possui \u00e0s margens do Rio Ribeira do Iguape, em Registro (SP). O rio, cuja nascente fica no Paran\u00e1, \u00e9 um dos mais importantes de S\u00e3o Paulo, al\u00e9m de dar nome para a regi\u00e3o onde o presidente e seus irm\u00e3os foram criados: o Vale do Ribeira.<\/p>\n\n\n\n<p>Konesuk foi um dos alvos de um inqu\u00e9rito civil iniciado em 2016, com o objetivo de apurar as responsabilidades pela destrui\u00e7\u00e3o da reserva legal em torno do rio. Ele aparece como um dos s\u00f3cios de uma propriedade de pouco mais de 323 hectares localizada na margem direita do Ribeira. Em outubro do ano passado, Konesuk e os demais envolvidos assinaram um termo de ajustamento de conduta (TAC), em que se comprometeram a permitir a regenera\u00e7\u00e3o da vegeta\u00e7\u00e3o da reserva legal da propriedade.<\/p>\n\n\n\n<figure class=\"wp-block-image\"><img data-recalc-dims=\"1\" decoding=\"async\" src=\"https:\/\/i0.wp.com\/deolhonosruralistas.com.br\/wp-content\/uploads\/2020\/09\/theodoro-bufalos.jpg?w=600&#038;ssl=1\" alt=\"\" class=\"wp-image-17729\"\/><figcaption>B\u00fafalos s\u00e3o aposta do agroneg\u00f3cio na regi\u00e3o. (Foto: Apta\/Governo de SP)<\/figcaption><\/figure>\n\n\n\n<p>O compromisso incluiu a constru\u00e7\u00e3o de uma cerca para evitar que b\u00fafalos e bovinos invadam a \u00e1rea de reserva e prejudiquem a recupera\u00e7\u00e3o da mata ciliar nativa. Os&nbsp;<a href=\"http:\/\/www.apta.sp.gov.br\/noticias\/pesquisas-da-apta-com-bfalos-auxiliam-no-desenvolvimento-do-vale-do-ribeira\">b\u00fafalos<\/a>&nbsp;s\u00e3o uma das principais apostas do agroneg\u00f3cio paulista para o desenvolvimento do Vale do Ribeira, uma das principais regi\u00f5es de preserva\u00e7\u00e3o de Mata Atl\u00e2ntica do pa\u00eds. Pelo porte, por\u00e9m, eles costumam destruir as matas e prejudicam a recupera\u00e7\u00e3o do solo.<\/p>\n\n\n\n<p>Os acusados se comprometeram a destruir edifica\u00e7\u00f5es que ocupavam parte da propriedade que fica na \u00c1rea de Preserva\u00e7\u00e3o Permanente (APP) do Rio Ribeira, bem como n\u00e3o usar herbicidas no local. Eles tiveram um prazo de quatro meses para entregar um projeto t\u00e9cnico aos \u00f3rg\u00e3os ambientais para a recupera\u00e7\u00e3o ambiental, com a planta\u00e7\u00e3o de esp\u00e9cies nativas caso fosse necess\u00e1rio.<\/p>\n\n\n\n<p>Casado com V\u00e2nia, irm\u00e3 ca\u00e7ula de Jair Bolsonaro, Konesuk mora em Cajati, tamb\u00e9m no Vale do Ribeira. Ele foi condenado, em setembro de 2018, a devolver uma \u00e1rea pertencente aos remanescentes do quilombo do Bairro Galv\u00e3o, em Iporanga \u2014 outro munic\u00edpio da regi\u00e3o.&nbsp;<a href=\"https:\/\/g1.globo.com\/sp\/santos-regiao\/noticia\/2019\/09\/11\/bandido-invade-e-rouba-loja-da-irma-de-jair-bolsonaro-no-interior-de-sp.ghtml\">V\u00e2nia Bolsonaro<\/a>, a irm\u00e3 mais nova do presidente, possui uma loja de utilidades dom\u00e9sticas em Cajati.<\/p>\n\n\n\n<p>O caso foi revelado naquele ano pelo De Olho nos Ruralistas, ainda durante a campanha eleitoral, mas continua a ser ignorado pela imprensa comercial: \u201c<a href=\"https:\/\/deolhonosruralistas.com.br\/2018\/10\/21\/cunhado-de-bolsonaro-e-condenado-por-invasao-de-quilombo-no-vale-do-ribeira\/\">Cunhado de Bolsonaro \u00e9 condenado por invas\u00e3o de quilombo no Vale do Ribeira<\/a>\u201d.<\/p>\n\n\n\n<h3 class=\"wp-block-heading\">USO IRREGULAR FOI CONSTATADO EM INQU\u00c9RITO CIVIL<\/h3>\n\n\n\n<div class=\"wp-block-image\"><figure class=\"alignright\"><img data-recalc-dims=\"1\" decoding=\"async\" src=\"https:\/\/i0.wp.com\/deolhonosruralistas.com.br\/wp-content\/uploads\/2020\/09\/theodoro-mp.jpg?w=600&#038;ssl=1\" alt=\"\" class=\"wp-image-17727\"\/><\/figure><\/div>\n\n\n\n<p>Konesuk possui 57,45 hectares dos 323,07 hectares do im\u00f3vel, dividido com quatro s\u00f3cios. O compromisso expresso no documento \u00e9 o de \u201ccessar o uso irregular das \u00e1reas de explora\u00e7\u00e3o permanente\u201d. Um dos itens do TAC prev\u00ea que, em doze meses (que se encerram em outubro), que as APPs \u201cn\u00e3o sejam acessadas por gado bovino, gado bubalino ou outros animais que possam interferir no processo de sua recupera\u00e7\u00e3o\u201d. A APP em quest\u00e3o se situa a 100 metros das margens do Rio Ribeira.<\/p>\n\n\n\n<p>Os demais citados no inqu\u00e9rito movido pelo n\u00facleo do Vale do Ribeira do Grupo de Atua\u00e7\u00e3o Especial do Meio Ambiente (Gaema) do Minist\u00e9rio P\u00fablico do Estado de S\u00e3o Paulo foram os fazendeiros Luis Pinto Coelho,&nbsp;S\u00e9rgio Braga Coelho, Francisco Ros\u00e1rio Dantas de Moura e Nivaldo Diniz Correia Junior. Pelo menos este \u00faltimo \u00e9 ligado ao poder local de Registro, a principal cidade do Vale do Ribeira.<\/p>\n\n\n\n<p>Correia \u00e9 um dos donos do S\u00edtio Guaviruva, nas margens do Rio Iguape, em Registro. A empresa que cuida do s\u00edtio, criada em 2007, tem como fim principal a produ\u00e7\u00e3o pecu\u00e1ria; em segundo lugar, a produ\u00e7\u00e3o de bananas \u2014 a atividade agr\u00edcola principal da empresa anterior de Correia, criada em 2006. Parte da propriedade foi adquirida, em 2002, por um dos atuais s\u00f3cios do fazendeiro, o coronel da PM Antonino Torres Lacerda, candidato a vice-prefeito do munic\u00edpio em 2012, pelo PP.<\/p>\n\n\n\n<p>O TAC foi assinado ap\u00f3s o inqu\u00e9rito civil ter apontado irregularidades na ocupa\u00e7\u00e3o do solo e a falta de preserva\u00e7\u00e3o da APP na propriedade. O termo \u00e9 um acordo feito pelos acusados com a promotoria para que o caso n\u00e3o seja levado \u00e0 Justi\u00e7a, onde o processo seria mais longo e as penas tendem a ser maiores. O acordo pode ser rompido caso seja constatado que os acusados n\u00e3o cumpriram com as cl\u00e1usulas. Al\u00e9m disso, h\u00e1 a previs\u00e3o de uma multa di\u00e1ria de R$ 500,00 por descumprimento das cl\u00e1usulas.<\/p>\n\n\n\n<p>No sistema do MP-SP o TAC aparece atualmente como \u201cem fiscaliza\u00e7\u00e3o\u201d. As \u00faltimas movimenta\u00e7\u00f5es no inqu\u00e9rito civil s\u00e3o assinadas pelo promotor Nilton de Oliveira Mello Neto. O TAC obriga tamb\u00e9m Konesuk a regularizar o registro no Cadastro Ambiental Rural (CAR) para a inclus\u00e3o dos 20% de \u00e1rea de reserva legal. Ele e os s\u00f3cios assumiram \u201ca obriga\u00e7\u00e3o de&nbsp;regularizar a situa\u00e7\u00e3o do im\u00f3vel no que tange \u00e0 institui\u00e7\u00e3o, averba\u00e7\u00e3o e manuten\u00e7\u00e3o de reserva legal, segundo percentual m\u00ednimo exigido\u201d.<\/p>\n\n\n\n<h3 class=\"wp-block-heading\">GOVERNO PAULISTA VETOU PROJETO PARA PRESERVAR O RIO<\/h3>\n\n\n\n<p>O Vale do Ribeira \u00e9 a maior \u00e1rea de preserva\u00e7\u00e3o de Mata Atl\u00e2ntica do Pa\u00eds. O bioma, rico por sua diversidade, \u00e9 considerado o mais amea\u00e7ado do Brasil, com apenas 12% de sua \u00e1rea original preservada. Com o in\u00edcio do governo Bolsonaro, o desmatamento tamb\u00e9m foi maior na Mata Atl\u00e2ntica. Um estudo do&nbsp;<a href=\"https:\/\/www.dw.com\/pt-br\/bioma-mais-amea%C3%A7ado-do-brasil-mata-atl%C3%A2ntica-vive-alta-do-desmatamento\/a-53582491\">SOS Mata Atl\u00e2ntica<\/a>apontou um aumento de 30% no desmatamento ilegal neste tipo de vegeta\u00e7\u00e3o em 2019 em rela\u00e7\u00e3o ao ano anterior. Foram 145 quil\u00f4metros quadrados destru\u00eddos em um ano.<\/p>\n\n\n\n<figure class=\"wp-block-image\"><img data-recalc-dims=\"1\" decoding=\"async\" src=\"https:\/\/i0.wp.com\/deolhonosruralistas.com.br\/wp-content\/uploads\/2020\/09\/theodoro-registro.jpg?w=600&#038;ssl=1\" alt=\"\" class=\"wp-image-17730\"\/><figcaption>Regi\u00e3o do Ribeira \u00e9 a que tem maior \u00e1rea de Mata Atl\u00e2ntica em SP. (Imagem: SOS Mata Atl\u00e2ntica\/CBH-RB\/Fehidro\/ISA\/IF\/Arcplan\/Vid\u00e1gua)<\/figcaption><\/figure>\n\n\n\n<p>Apesar da import\u00e2ncia ambiental da regi\u00e3o, boa parte da vegeta\u00e7\u00e3o ciliar do Ribeira do Iguape e de seus afluentes foi destru\u00edda. O Minist\u00e9rio P\u00fablico paulista arquivou a a\u00e7\u00e3o em fevereiro, por considerar que os termos do TAC estavam sendo cumpridos, ap\u00f3s o pedido de arquivamento ter sido ratificado pelo Conselho Superior da institui\u00e7\u00e3o.<\/p>\n\n\n\n<p>Por isso, na d\u00e9cada passada, o Instituto Socioambiental&nbsp;(<a href=\"https:\/\/www.ciliosdoribeira.org.br\/\">ISA<\/a>) chegou a criar um projeto de recupera\u00e7\u00e3o dessa vegeta\u00e7\u00e3o. O ex-deputado estadual&nbsp;<a href=\"https:\/\/www.al.sp.gov.br\/noticia\/?id=303686\">Raul Marcelo<\/a>&nbsp;(PSOL) chegou a apresentar um projeto para tornar o rio patrim\u00f4nio hist\u00f3rico e ambiental de S\u00e3o Paulo, o que impediria a constru\u00e7\u00e3o de barragens, como a que pretendia construir o Grupo Votorantim, assim como outras obras que alterassem suas caracter\u00edsticas.<\/p>\n\n\n\n<p>A proposta foi aprovada, mas acabou vetada pelo ent\u00e3o governador&nbsp;<a href=\"https:\/\/reporterbrasil.org.br\/2007\/07\/serra-veta-projeto-que-declarava-rio-ribeira-patrimonio-historico-ambiental\/\">Jos\u00e9 Serra<\/a>&nbsp;(PSDB). Com maioria tucana, a Assembleia n\u00e3o derrubou o veto.<\/p>\n\n\n\n<p>A import\u00e2ncia ambiental da regi\u00e3o tem um forte aspecto cultural: &nbsp;existem dez aldeias Guarani Mby\u00e1 e \u00d1andeva, mais de oitenta comunidades cai\u00e7aras e 98 dos 142 territ\u00f3rios quilombolas existentes no estado, 36 deles oficialmente delimitados. O Vale do Ribeira \u00e9 a regi\u00e3o mais pobre e de menor desenvolvimento humano de S\u00e3o Paulo e tem no turismo cultural e ambiental uma de suas op\u00e7\u00f5es de gera\u00e7\u00e3o de renda.<\/p>\n\n\n\n<h3 class=\"wp-block-heading\">IMPRENSA CONTINUA A IGNORAR INVAS\u00c3O DE QUILOMBO<\/h3>\n\n\n\n<p>A condena\u00e7\u00e3o de Konesuk por invas\u00e3o de um quilombo, em setembro de 2018, foi feita pela ju\u00edza Gabriela de Oliveira Thomaze. \u201cResta demonstrado que se trata de \u00e1rea devoluta pertencente ao Estado, as quais foram legitimamente outorgadas \u00e0 Associa\u00e7\u00e3o dos Remanescentes de Quilombo da Barra de S\u00e3o Pedro do Bairro Galv\u00e3o\u201d, constatou ela. A&nbsp;terra foi devolvida.<\/p>\n\n\n\n<div class=\"wp-block-image\"><figure class=\"alignright\"><img data-recalc-dims=\"1\" height=\"91\" width=\"300\" decoding=\"async\" data-attachment-id=\"16254\" data-permalink=\"http:\/\/blogdalucianaoliveira.com.br\/blog\/2018\/01\/23\/seguidora-de-bolsonaro-vereadora-sugere-toque-de-recolher\/ada5\/\" data-orig-file=\"https:\/\/i0.wp.com\/blogdalucianaoliveira.com.br\/blog\/wp-content\/uploads\/2018\/01\/ADA5.jpg?fit=608%2C409\" data-orig-size=\"608,409\" data-comments-opened=\"0\" data-image-meta=\"{&quot;aperture&quot;:&quot;0&quot;,&quot;credit&quot;:&quot;&quot;,&quot;camera&quot;:&quot;&quot;,&quot;caption&quot;:&quot;&quot;,&quot;created_timestamp&quot;:&quot;0&quot;,&quot;copyright&quot;:&quot;&quot;,&quot;focal_length&quot;:&quot;0&quot;,&quot;iso&quot;:&quot;0&quot;,&quot;shutter_speed&quot;:&quot;0&quot;,&quot;title&quot;:&quot;&quot;,&quot;orientation&quot;:&quot;0&quot;}\" data-image-title=\"ADA5\" data-image-description=\"\" data-image-caption=\"\" data-medium-file=\"https:\/\/i0.wp.com\/blogdalucianaoliveira.com.br\/blog\/wp-content\/uploads\/2018\/01\/ADA5.jpg?fit=300%2C202\" data-large-file=\"https:\/\/i0.wp.com\/blogdalucianaoliveira.com.br\/blog\/wp-content\/uploads\/2018\/01\/ADA5.jpg?fit=600%2C404\" src=\"https:\/\/i0.wp.com\/deolhonosruralistas.com.br\/wp-content\/uploads\/2020\/07\/deolhonosquilombos-300x91.png?resize=300%2C91&#038;ssl=1\" alt=\"\" class=\"wp-image-16254\"\/><\/figure><\/div>\n\n\n\n<p>Em seguida os quilombolas come\u00e7aram a plantar banana, um dos principais produtos da regi\u00e3o. Mas eles contaram aos rep\u00f3rteres Igor Carvalho e Michele Coelho que funcion\u00e1rios do empres\u00e1rio voltaram ao local e destru\u00edram as cercas e o trabalho dos agricultores. O cunhado de Bolsonaro utilizava a terra p\u00fablica para criar gado.<\/p>\n\n\n\n<p>A presen\u00e7a negra no Bairro Galv\u00e3o come\u00e7ou em meados do s\u00e9culo 19, quando o ex-escravizado Bernardo Furquim chegou \u00e0 regi\u00e3o com um grupo de fugitivos e formou um quilombo. Eles e seus descendentes \u2014 informa um relat\u00f3rio da Funda\u00e7\u00e3o Instituto de Terras do Estado de S\u00e3o Paulo (Itesp) publicado em 2000 \u2014 produziam arroz, caf\u00e9, cacha\u00e7a e carv\u00e3o.<\/p>\n\n\n\n<p>A partir dos anos 80, os remanescentes do quilombo passaram a sofrer com amea\u00e7as feitas por grileiros e seus jagun\u00e7os. Segundo relatos colhidos pelo Itesp e pelo Minist\u00e9rio P\u00fablico Federal, muitos quilombolas foram expulsos da regi\u00e3o. Outros, com medo das amea\u00e7as, venderam partes da terra por valores irris\u00f3rios e foram embora.<\/p>\n\n\n\n<p>|&nbsp;<a href=\"https:\/\/twitter.com\/lfuhrmann\">Leonardo Fuhrmann<\/a>&nbsp;\u00e9 rep\u00f3rter do De Olho nos Ruralistas |<\/p>\n","protected":false},"excerpt":{"rendered":"<p>Theodoro Konesuk, casado com V\u00e2nia Bolsonaro, assumiu desmatamento de Mata Atl\u00e2ntica em Registro e fez acordo com MP para recuperar \u00c1rea de Prote\u00e7\u00e3o Permanente e escapar de puni\u00e7\u00e3o maior; ele foi condenado em 2018 por invadir quilombo Galv\u00e3o, em Iporanga<\/p>\n","protected":false},"author":1,"featured_media":0,"comment_status":"closed","ping_status":"open","sticky":false,"template":"","format":"standard","meta":{"_exactmetrics_skip_tracking":false,"_exactmetrics_sitenote_active":false,"_exactmetrics_sitenote_note":"","_exactmetrics_sitenote_category":0,"jetpack_post_was_ever_published":false,"_jetpack_newsletter_access":"","_jetpack_dont_email_post_to_subs":false,"_jetpack_newsletter_tier_id":0,"_jetpack_memberships_contains_paywalled_content":false,"_jetpack_memberships_contains_paid_content":false,"footnotes":"","jetpack_publicize_message":"","jetpack_publicize_feature_enabled":true,"jetpack_social_post_already_shared":true,"jetpack_social_options":{"image_generator_settings":{"template":"highway","enabled":false},"version":2}},"categories":[1],"tags":[],"class_list":["post-29681","post","type-post","status-publish","format-standard","hentry","category-notas"],"jetpack_publicize_connections":[],"jetpack_sharing_enabled":true,"jetpack_featured_media_url":"","jetpack_shortlink":"https:\/\/wp.me\/p7wKYW-7IJ","jetpack-related-posts":[],"_links":{"self":[{"href":"http:\/\/blogdalucianaoliveira.com.br\/blog\/wp-json\/wp\/v2\/posts\/29681","targetHints":{"allow":["GET"]}}],"collection":[{"href":"http:\/\/blogdalucianaoliveira.com.br\/blog\/wp-json\/wp\/v2\/posts"}],"about":[{"href":"http:\/\/blogdalucianaoliveira.com.br\/blog\/wp-json\/wp\/v2\/types\/post"}],"author":[{"embeddable":true,"href":"http:\/\/blogdalucianaoliveira.com.br\/blog\/wp-json\/wp\/v2\/users\/1"}],"replies":[{"embeddable":true,"href":"http:\/\/blogdalucianaoliveira.com.br\/blog\/wp-json\/wp\/v2\/comments?post=29681"}],"version-history":[{"count":1,"href":"http:\/\/blogdalucianaoliveira.com.br\/blog\/wp-json\/wp\/v2\/posts\/29681\/revisions"}],"predecessor-version":[{"id":29683,"href":"http:\/\/blogdalucianaoliveira.com.br\/blog\/wp-json\/wp\/v2\/posts\/29681\/revisions\/29683"}],"wp:attachment":[{"href":"http:\/\/blogdalucianaoliveira.com.br\/blog\/wp-json\/wp\/v2\/media?parent=29681"}],"wp:term":[{"taxonomy":"category","embeddable":true,"href":"http:\/\/blogdalucianaoliveira.com.br\/blog\/wp-json\/wp\/v2\/categories?post=29681"},{"taxonomy":"post_tag","embeddable":true,"href":"http:\/\/blogdalucianaoliveira.com.br\/blog\/wp-json\/wp\/v2\/tags?post=29681"}],"curies":[{"name":"wp","href":"https:\/\/api.w.org\/{rel}","templated":true}]}}